{"id":571654,"date":"2025-12-01T20:18:21","date_gmt":"2025-12-01T20:18:21","guid":{"rendered":"https:\/\/www.europesays.com\/fr\/571654\/"},"modified":"2025-12-01T20:18:21","modified_gmt":"2025-12-01T20:18:21","slug":"a-paris-zelensky-cherche-une-extension-de-garanties-liberation","status":"publish","type":"post","link":"https:\/\/www.europesays.com\/fr\/571654\/","title":{"rendered":"\u00e0 Paris, Zelensky cherche une extension de garanties \u2013 Lib\u00e9ration"},"content":{"rendered":"<p class=\"sc-cPiKLX AiZTS text-element\">Pour la dixi\u00e8me visite en France de Volodymyr Zelensky depuis le d\u00e9but de l\u2019invasion \u00e0 grande \u00e9chelle de l\u2019Ukraine par la Russie en f\u00e9vrier 2022, pas d\u2019annonces mirobolantes ni de signatures de contrats d\u2019armements entre Kyiv et Paris. Il s\u2019agissait plut\u00f4t, pour le pr\u00e9sident ukrainien comme pour Emmanuel Macron, de consolider les positions ukrainiennes et d\u2019affirmer le soutien europ\u00e9en, <a href=\"https:\/\/www.liberation.fr\/international\/europe\/entre-paris-et-la-floride-zelensky-tente-de-reprendre-la-main-sur-le-plan-de-paix-20251130_VIPXM2MN2ZDUVLM4OQNPXC6POY\/\" target=\"_blank\" rel=\"noopener\" title=\"https:\/\/www.liberation.fr\/international\/europe\/entre-paris-et-la-floride-zelensky-tente-de-reprendre-la-main-sur-le-plan-de-paix-20251130_VIPXM2MN2ZDUVLM4OQNPXC6POY\/\">au lendemain d\u2019un round de n\u00e9gociations difficile men\u00e9 en Floride<\/a> entre les d\u00e9l\u00e9gations ukrainienne et am\u00e9ricaine en vue de poursuivre les n\u00e9gociations commenc\u00e9es \u00e0 Gen\u00e8ve sur un \u00e9ventuel plan de paix. Et avant le d\u00e9placement attendu \u00e0 Moscou de l\u2019\u00e9missaire sp\u00e9cial du pr\u00e9sident am\u00e9ricain, Steve Witkoff, qui doit rencontrer Vladimir Poutine mardi 2 d\u00e9cembre.<\/p>\n<p class=\"sc-cPiKLX AiZTS text-element\">Car cette semaine pourrait \u00eatre \u00abcruciale pour la diplomatie\u00bb, a pr\u00e9venu Kaja Kallas, la haute repr\u00e9sentante de l\u2019Union europ\u00e9enne pour les Affaires \u00e9trang\u00e8res, pr\u00e9venant que les discussions pr\u00e9vues entre le pr\u00e9sident russe et l\u2019\u00e9missaire am\u00e9ricain mettraient la pression sur Kyiv, \u00absur le c\u00f4t\u00e9 le plus faible, car la reddition de l\u2019Ukraine, c\u2019est la mani\u00e8re la p<\/p>\n","protected":false},"excerpt":{"rendered":"Pour la dixi\u00e8me visite en France de Volodymyr Zelensky depuis le d\u00e9but de l\u2019invasion \u00e0 grande \u00e9chelle de&hellip;\n","protected":false},"author":2,"featured_media":571655,"comment_status":"","ping_status":"","sticky":false,"template":"","format":"standard","meta":{"footnotes":""},"categories":[1888],"tags":[11,1073,1777,674,1011,27,12,626,25,132,220,297,134],"class_list":{"0":"post-571654","1":"post","2":"type-post","3":"status-publish","4":"format-standard","5":"has-post-thumbnail","7":"category-paris","8":"tag-actualites","9":"tag-emmanuel-macron","10":"tag-eu","11":"tag-europe","12":"tag-fr","13":"tag-france","14":"tag-news","15":"tag-paris","16":"tag-republique-francaise","17":"tag-russie","18":"tag-ukraine","19":"tag-ukraine-la-crise","20":"tag-volodymyr-zelensky"},"share_on_mastodon":{"url":"https:\/\/pubeurope.com\/@fr\/115646163008394411","error":""},"_links":{"self":[{"href":"https:\/\/www.europesays.com\/fr\/wp-json\/wp\/v2\/posts\/571654","targetHints":{"allow":["GET"]}}],"collection":[{"href":"https:\/\/www.europesays.com\/fr\/wp-json\/wp\/v2\/posts"}],"about":[{"href":"https:\/\/www.europesays.com\/fr\/wp-json\/wp\/v2\/types\/post"}],"author":[{"embeddable":true,"href":"https:\/\/www.europesays.com\/fr\/wp-json\/wp\/v2\/users\/2"}],"replies":[{"embeddable":true,"href":"https:\/\/www.europesays.com\/fr\/wp-json\/wp\/v2\/comments?post=571654"}],"version-history":[{"count":0,"href":"https:\/\/www.europesays.com\/fr\/wp-json\/wp\/v2\/posts\/571654\/revisions"}],"wp:featuredmedia":[{"embeddable":true,"href":"https:\/\/www.europesays.com\/fr\/wp-json\/wp\/v2\/media\/571655"}],"wp:attachment":[{"href":"https:\/\/www.europesays.com\/fr\/wp-json\/wp\/v2\/media?parent=571654"}],"wp:term":[{"taxonomy":"category","embeddable":true,"href":"https:\/\/www.europesays.com\/fr\/wp-json\/wp\/v2\/categories?post=571654"},{"taxonomy":"post_tag","embeddable":true,"href":"https:\/\/www.europesays.com\/fr\/wp-json\/wp\/v2\/tags?post=571654"}],"curies":[{"name":"wp","href":"https:\/\/api.w.org\/{rel}","templated":true}]}}