{"id":571656,"date":"2025-12-01T20:19:17","date_gmt":"2025-12-01T20:19:17","guid":{"rendered":"https:\/\/www.europesays.com\/fr\/571656\/"},"modified":"2025-12-01T20:19:17","modified_gmt":"2025-12-01T20:19:17","slug":"guerre-en-ukraine-la-russie-ne-doit-pas-etre-recompensee-previent-volodymyr-zelensky-aux-cotes-de-macron","status":"publish","type":"post","link":"https:\/\/www.europesays.com\/fr\/571656\/","title":{"rendered":"Guerre en Ukraine. \u00ab\u00a0La Russie ne doit pas \u00eatre r\u00e9compens\u00e9e\u00a0\u00bb, pr\u00e9vient Volodymyr Zelensky aux c\u00f4t\u00e9s de Macron"},"content":{"rendered":"<p>On dit que c\u2019est dans le besoin qu\u2019on reconna\u00eet ses amis. Fragilis\u00e9 par un scandale de corruption, sous pression de l\u2019administration am\u00e9ricaine et de l\u2019arm\u00e9e russe qui continue de grignoter le territoire ukrainien, <a href=\"https:\/\/www.ledauphine.com\/p\/volodymyr-zelensky\" target=\"_blank\" rel=\"noopener\">Volodymyr Zelensky<\/a> \u00e9tait ce lundi de retour \u00e0 Paris. Objectif\u00a0: mobiliser ses soutiens europ\u00e9ens, alors que se n\u00e9gocie aux \u00c9tats-Unis le plan de paix qui sera soumis \u00e0 la Russie. Moscou \u00ab ne doit pas \u00eatre r\u00e9compens\u00e9\u00a0\u00bb, a-t-il pr\u00e9venu.<\/p>\n<p>La premi\u00e8re \u00e9bauche de ce plan, n\u00e9goci\u00e9 secr\u00e8tement par l\u2019\u00e9missaire am\u00e9ricain Steve Witkoff, et un financier proche du Kremlin, Kirill Dmitriev, constituait un alignement presque total sur les exigences de Moscou\u00a0: abandon des Oblasts de Donetsk et Louhansk, cession des territoires occup\u00e9s, renoncement de l\u2019Ukraine \u00e0 int\u00e9grer l\u2019Otan, r\u00e9duction de ses effectifs militaires\u2026 Une quasi-capitulation, que le pr\u00e9sident ukrainien n\u2019avait pas os\u00e9 rejeter de peur de brusquer <a href=\"https:\/\/www.ledauphine.com\/p\/donald-trump\" target=\"_blank\" rel=\"noopener\">Donald Trump<\/a>, mais dont il avait propos\u00e9 de r\u00e9viser les termes. Le projet a depuis \u00e9t\u00e9 retravaill\u00e9 avec les Europ\u00e9ens et les Ukrainiens. Depuis dimanche, des n\u00e9gociations bilat\u00e9rales se d\u00e9roulent en Floride entre l\u2019administration Trump et une d\u00e9l\u00e9gation de Kiev. Le n\u00e9gociateur ukrainien Roustem Oumerov a fait \u00e9tat ce lundi de \u00ab\u00a0progr\u00e8s significatifs\u00a0\u00bb sur le projet, bien que des \u00ab\u00a0ajustements\u00a0\u00bb soient encore n\u00e9cessaires.<\/p>\n<p>L\u2019\u00e9missaire am\u00e9ricain attendu \u00e0 Moscou<\/p>\n<p>Les Europ\u00e9ens n\u2019en craignent toujours pas moins un plan qui soit d\u00e9favorable \u00e0 l\u2019Ukraine, alors que <a href=\"https:\/\/www.ledauphine.com\/defense-guerre-conflit\/2025\/12\/01\/l-emissaire-americain-steve-witkoff-rencontrera-vladimir-poutine-mardi-apres-midi-a-moscou\" target=\"_blank\" rel=\"noopener\">Steve Witkoff est attendu mardi \u00e0 Moscou par Vladimir Poutine<\/a>. \u00ab\u00a0Je crains que toute la pression soit exerc\u00e9e sur le c\u00f4t\u00e9 le plus faible, car la reddition de l\u2019Ukraine, c\u2019est la mani\u00e8re la plus facile de mettre fin \u00e0 cette guerre\u00a0\u00bb, a r\u00e9sum\u00e9 la cheffe de la diplomatie europ\u00e9enne, Kaja Kallas.<\/p>\n<p>L\u2019enjeu pour les Europ\u00e9ens est donc de peser dans les discussions au c\u00f4t\u00e9 de Kiev. \u00ab\u00a0Il n\u2019y a pas aujourd\u2019hui \u00e0 proprement parler un plan qui soit finalis\u00e9 sur les questions des territoires. Il ne peut \u00eatre finalis\u00e9 que par le pr\u00e9sident Zelensky\u00a0\u00bb, a d\u00e9clar\u00e9 <a href=\"https:\/\/www.ledauphine.com\/p\/emmanuel-macron\" target=\"_blank\" rel=\"noopener\">Emmanuel Macron<\/a> \u00e0 l\u2019issue d\u2019une rencontre avec son homologue \u00e0 l\u2019\u00c9lys\u00e9e. \u00ab\u00a0Sur la question des actifs gel\u00e9s, des garanties de s\u00e9curit\u00e9, de l\u2019accession \u00e0 l\u2019Union europ\u00e9enne, des sanctions europ\u00e9ennes, [ce plan] ne peut \u00eatre finalis\u00e9 qu\u2019avec les Europ\u00e9ens autour de la table. Donc nous sommes encore \u00e0 une phase pr\u00e9alable\u00a0\u00bb, a ajout\u00e9 le chef de l\u2019\u00c9tat.<\/p>\n<p>  Sur le front, une pression qui ne faiblit pas<\/p>\n<p>Les deux hommes se sont \u00e9galement entretenus avec le Premier ministre britannique <a href=\"https:\/\/www.ledauphine.com\/p\/keir-starmer\" target=\"_blank\" rel=\"noopener\">Keir Starmer<\/a> et plusieurs dirigeants europ\u00e9ens (Allemagne, Pologne, Italie, Norv\u00e8ge, Finlande, Danemark, Pays-Bas), ainsi qu\u2019avec les pr\u00e9sidents des institutions europ\u00e9ennes Antonio Costa et <a href=\"https:\/\/www.ledauphine.com\/p\/ursula-von-der-leyen\" target=\"_blank\" rel=\"noopener\">Ursula von der Leyen<\/a>, ainsi que le secr\u00e9taire g\u00e9n\u00e9ral de l\u2019Otan Mark Rutte. \u00ab\u00a0La rencontre a permis de faire avancer la concertation entre tous les Europ\u00e9ens, de coordonner aussi nos vues avec les n\u00e9gociateurs et de rappeler l\u2019importance de la mobilisation de tous pour une paix juste et durable\u00a0\u00bb, a soulign\u00e9 Emmanuel Macron.<\/p>\n<p>Depuis le d\u00e9but de l\u2019invasion russe, c\u2019est la 10e visite en France de Volodymyr Zelensky. Il a \u00e9galement rapidement visit\u00e9 l\u2019usine de Dassault Aviation en r\u00e9gion parisienne, deux semaines apr\u00e8s avoir sign\u00e9 une lettre d\u2019intention pour acheter jusqu\u2018\u00e0 100 avions de combat Rafale, et est attendu ce mardi en Irlande pour sa premi\u00e8re visite dans le pays.<\/p>\n<p>Cette visite intervient alors que les forces russes continuent d\u2019avancer au prix de lourdes pertes. Selon les donn\u00e9es de l\u2019Institut am\u00e9ricain pour l\u2019\u00e9tude de la guerre (ISW), Moscou a pris en un mois 701 km\u00b2 aux Ukrainiens, la deuxi\u00e8me avanc\u00e9e la plus importante apr\u00e8s celle de novembre\u00a02024 (en dehors des premiers mois de guerre o\u00f9\u00a0la ligne de front \u00e9tait tr\u00e8s mobile).<\/p>\n","protected":false},"excerpt":{"rendered":"On dit que c\u2019est dans le besoin qu\u2019on reconna\u00eet ses amis. Fragilis\u00e9 par un scandale de corruption, sous&hellip;\n","protected":false},"author":2,"featured_media":571657,"comment_status":"","ping_status":"","sticky":false,"template":"","format":"standard","meta":{"footnotes":""},"categories":[1591],"tags":[11,3206,1887,107,329,12,1885,1886,132,220],"class_list":{"0":"post-571656","1":"post","2":"type-post","3":"status-publish","4":"format-standard","5":"has-post-thumbnail","7":"category-russie","8":"tag-actualites","9":"tag-defense-guerre-conflit","10":"tag-federation-de-russie","11":"tag-fil-info","12":"tag-france-monde","13":"tag-news","14":"tag-russia","15":"tag-russian-federation","16":"tag-russie","17":"tag-ukraine"},"share_on_mastodon":{"url":"https:\/\/pubeurope.com\/@fr\/115646166950744290","error":""},"_links":{"self":[{"href":"https:\/\/www.europesays.com\/fr\/wp-json\/wp\/v2\/posts\/571656","targetHints":{"allow":["GET"]}}],"collection":[{"href":"https:\/\/www.europesays.com\/fr\/wp-json\/wp\/v2\/posts"}],"about":[{"href":"https:\/\/www.europesays.com\/fr\/wp-json\/wp\/v2\/types\/post"}],"author":[{"embeddable":true,"href":"https:\/\/www.europesays.com\/fr\/wp-json\/wp\/v2\/users\/2"}],"replies":[{"embeddable":true,"href":"https:\/\/www.europesays.com\/fr\/wp-json\/wp\/v2\/comments?post=571656"}],"version-history":[{"count":0,"href":"https:\/\/www.europesays.com\/fr\/wp-json\/wp\/v2\/posts\/571656\/revisions"}],"wp:featuredmedia":[{"embeddable":true,"href":"https:\/\/www.europesays.com\/fr\/wp-json\/wp\/v2\/media\/571657"}],"wp:attachment":[{"href":"https:\/\/www.europesays.com\/fr\/wp-json\/wp\/v2\/media?parent=571656"}],"wp:term":[{"taxonomy":"category","embeddable":true,"href":"https:\/\/www.europesays.com\/fr\/wp-json\/wp\/v2\/categories?post=571656"},{"taxonomy":"post_tag","embeddable":true,"href":"https:\/\/www.europesays.com\/fr\/wp-json\/wp\/v2\/tags?post=571656"}],"curies":[{"name":"wp","href":"https:\/\/api.w.org\/{rel}","templated":true}]}}