{"id":571658,"date":"2025-12-01T20:20:41","date_gmt":"2025-12-01T20:20:41","guid":{"rendered":"https:\/\/www.europesays.com\/fr\/571658\/"},"modified":"2025-12-01T20:20:41","modified_gmt":"2025-12-01T20:20:41","slug":"plan-de-paix-en-ukraine-ce-quil-faut-retenir-de-la-declaration-demmanuel-macron-et-volodymyr-zelensky","status":"publish","type":"post","link":"https:\/\/www.europesays.com\/fr\/571658\/","title":{"rendered":"Plan de paix en Ukraine : ce qu&rsquo;il faut retenir de la d\u00e9claration d&rsquo;Emmanuel Macron et Volodymyr Zelensky"},"content":{"rendered":"<ul class=\"jsx-862013697 ArticleChapo__List\">\n<li class=\"jsx-862013697 ArticleChapo__List_Item flex\">Lors de sa visite \u00e0 Paris ce lundi, Volodymyr Zelensky s&rsquo;est entretenu plusieurs heures avec Emmanuel Macron.<\/li>\n<li class=\"jsx-862013697 ArticleChapo__List_Item flex\">Entre le plan am\u00e9ricain et les sanctions russes, de nombreux sujets ont \u00e9t\u00e9 \u00e9voqu\u00e9s, au lendemain de n\u00e9gociations entre une d\u00e9l\u00e9gation ukrainienne et am\u00e9ricaine en Floride.<\/li>\n<\/ul>\n<p><a href=\"https:\/\/www.tf1info.fr\/actualite\/guerre-ukraine-russie-une-rencontre-donald-trump-vladimir-poutine-historique-le-vendredi-15-aout-2025-en-alaska-sans-volodymyr-zelensky-14326\/\" rel=\"noopener\" class=\"jsx-484472199 Link jsx-1428418400 jsx-554215408\" target=\"_blank\"><\/p>\n<p style=\"font-weight:400\" class=\"jsx-1837267516\">Suivez la couverture compl\u00e8te<\/p>\n<p style=\"font-weight:800\" class=\"jsx-1837267516\">Ukraine-Russie : la perspective de n\u00e9gociations relanc\u00e9e ?<\/p>\n<p><\/a><\/p>\n<p data-module=\"article-paragraph\" class=\"jsx-3046738180 Paragraph Paragraph__End\">Un plan de paix se dessine-t-il ? Le pr\u00e9sident, Emmanuel Macron, et son homologue ukrainien, Volodymyr Zelensky, se sont entretenus pendant plusieurs heures \u00e0 l&rsquo;\u00c9lys\u00e9e ce lundi 1\u1d49\u02b3 d\u00e9cembre afin d&rsquo;achever les travaux sur les garanties de s\u00e9curit\u00e9 et d&rsquo;\u00e9voquer celle des Europ\u00e9ens. Cette visite \u00e0 Paris du chef d&rsquo;\u00c9tat ukrainien survient au lendemain de discussions en Floride, aux \u00c9tats-Unis, entre une d\u00e9l\u00e9gation ukrainienne et de hauts responsables am\u00e9ricains afin de n\u00e9gocier le plan am\u00e9ricain.\u00a0<\/p>\n<p data-module=\"article-paragraph\" class=\"jsx-3046738180 Paragraph\">\u00c0 l&rsquo;issue de leur entrevue, <a href=\"https:\/\/www.tf1info.fr\/international\/guerre-ukraine-russie-plan-de-paix-volodymyr-zelensky-recu-par-emmanuel-macron-ce-lundi-a-paris-2-semaines-apres-sa-derniere-visite-2409904.html\" target=\"_blank\" rel=\"noopener\">Emmanuel Macron<\/a> annonce sur le perron du palais pr\u00e9sidentiel avoir \u00ab\u00a0finalis\u00e9 le travail sur les garanties de s\u00e9curit\u00e9\u00a0\u00bb, dont les prochaines discussions dans les jours suivants permettront de \u00ab\u00a0pr\u00e9ciser la participation am\u00e9ricaine \u00e0 ces garanties\u00a0\u00bb.\u00a0En parall\u00e8le, des discussions sont aussi entam\u00e9es afin que la \u00ab\u00a0Russie puisse donner un gage de clart\u00e9 au m\u00e9diateur am\u00e9ricain sur sa volont\u00e9 de paix\u00a0\u00bb.\u00a0<\/p>\n<p data-module=\"article-paragraph\" class=\"jsx-3046738180 Paragraph Paragraph__End\">\u00ab\u00a0La Russie doit mettre fin \u00e0 cette guerre qu&rsquo;elle a d\u00e9clench\u00e9e et qu&rsquo;elle poursuit\u00a0\u00bb, a martel\u00e9 de son c\u00f4t\u00e9 le pr\u00e9sident ukrainien. Apr\u00e8s avoir remerci\u00e9 Emmanuel Macron pour son \u00ab\u00a0attention port\u00e9e \u00e0 l&rsquo;Ukraine\u00a0\u00bb, Volodymyr Zelensky souligne que \u00ab\u00a0nous devons \u00e9galement faire en sorte que la Russie n&rsquo;ait pas l&rsquo;impression d&rsquo;obtenir une r\u00e9compense pour cette guerre\u00a0\u00bb, \u00e0 propos des volont\u00e9s territoriales de Vladimir Poutine.\u00a0<\/p>\n<p data-module=\"article-paragraph\" class=\"jsx-3046738180 Paragraph\">\u00ab\u00a0C&rsquo;est pour cela que nous avons des positions de principe quant aux sanctions, quant \u00e0 la responsabilit\u00e9 pour les crimes de guerre, quant au statut juridique de nos territoires qui sont aujourd&rsquo;hui occup\u00e9s par les forces russes\u00a0\u00bb, a pr\u00e9cis\u00e9 le pr\u00e9sident ukrainien, concernant le plan am\u00e9ricain de Donald Trump. Emmanuel Macron n&rsquo;a pas manqu\u00e9 de rappeler que ces garanties de s\u00e9curit\u00e9 ne peuvent \u00eatre \u00ab\u00a0discut\u00e9es ou n\u00e9goci\u00e9es sans que les Ukrainiens, dont c&rsquo;est le territoire, soient autour de la table et sans que les Europ\u00e9ens et l&rsquo;ensemble des alli\u00e9s de la coalition des volontaires soient autour de la table, puisqu&rsquo;il s&rsquo;agit des garants\u00a0\u00bb.\u00a0<\/p>\n<p data-module=\"article-paragraph\" class=\"jsx-3046738180 Paragraph Paragraph__End\">Ce plan de paix pr\u00e9sent\u00e9 par les \u00c9tats-Unis le 21 novembre conna\u00eet de nombreuses controverses, notamment sur <a href=\"https:\/\/www.tf1info.fr\/international\/plan-americain-pour-mettre-fin-au-conflit-en-ukraine-volodymyr-zelensky-plaide-pour-une-paix-digne-2408088.html\" target=\"_blank\" rel=\"noopener\">la cession de territoires \u00a0ukrainiens<\/a> comme les r\u00e9gions de Donetsk et Louhansk et le fait de r\u00e9pondre aux ambitions de Moscou.\u00a0<\/p>\n<p>Une plus grande int\u00e9gration de l&rsquo;Ukraine et de l&rsquo;Europe au plan am\u00e9ricain<\/p>\n<p data-module=\"article-paragraph\" class=\"jsx-3046738180 Paragraph Paragraph__End\">\u00c0 ce jour, \u00ab\u00a0il n&rsquo;y a pas de plan de paix complet\u00a0\u00bb sans l&rsquo;Ukraine ni les Europ\u00e9ens, a alert\u00e9 le chef d&rsquo;\u00c9tat fran\u00e7ais. Bien qu&rsquo;Emmanuel Macron ait salu\u00e9 le \u00ab\u00a0r\u00f4le de m\u00e9diateur\u00a0\u00bb pris par les \u00c9tats-Unis, il a rappel\u00e9 que \u00ab\u00a0chacun a son r\u00f4le \u00e0 jouer\u00a0\u00bb dans la finalisation de ce plan de paix, Ukrainiens comme Russes et Europ\u00e9ens.\u00a0\u00c0 ses c\u00f4t\u00e9s, le pr\u00e9sident ukrainien a manifest\u00e9 sa volont\u00e9 de s&rsquo;entretenir \u00e0 nouveau avec Donald Trump \u00ab\u00a0sur les questions cl\u00e9s\u00a0\u00bb du plan am\u00e9ricain, les jugeant \u00ab\u00a0assez difficiles\u00a0\u00bb \u00e0 appliquer.<\/p>\n<p data-module=\"article-paragraph\" class=\"jsx-3046738180 Paragraph Paragraph__End\">Pour preuve de cette coop\u00e9ration,\u00a0les\u00a0deux chefs d&rsquo;\u00c9tat ont r\u00e9alis\u00e9 pendant leur entrevue ce lundi plusieurs entretiens t\u00e9l\u00e9phoniques avec des dirigeants europ\u00e9ens d&rsquo;Allemagne, de Pologne, d&rsquo;Italie, de Norv\u00e8ge, de Finlande, du Danemark et des Pays-Bas, ainsi qu&rsquo;avec les pr\u00e9sidents des institutions europ\u00e9ennes Antonio Costa et Ursula von der Leyen, et le secr\u00e9taire g\u00e9n\u00e9ral de l&rsquo;Otan, Mark Rutte. Et les Europ\u00e9ens s&rsquo;opposeront \u00e0 une \u00ab\u00a0paix dict\u00e9e\u00a0\u00bb \u00e0 l&rsquo;Ukraine, a martel\u00e9 le chancelier allemand, Friedrich Merz, \u00e0 la fin de son entretien.\u00a0<\/p>\n<blockquote class=\"jsx-2786790838 Quote__Text\"><p>La pression contre la Russie n&rsquo;a jamais \u00e9t\u00e9 aussi \u00e9lev\u00e9e<\/p><\/blockquote>\n<p>Emmanuel Macron \u00e0 propos du nouveau paquet de sanctions russes<\/p>\n<p data-module=\"article-paragraph\" class=\"jsx-3046738180 Paragraph Paragraph__End\">Le 19\u1d49 paquet de sanctions <a href=\"https:\/\/www.tf1info.fr\/international\/video-guerre-ukraine-russie-camembert-parmesan-et-merlot-russes-comment-la-russie-contourne-les-sanctions-occidentales-pour-survivre-2409919.html\" target=\"_blank\" rel=\"noopener\">contre la Russie a aussi \u00e9t\u00e9 d\u00e9cid\u00e9<\/a>, le 20\u1d49 est en pr\u00e9paration, sans qu&rsquo;aucun des deux chefs d&rsquo;\u00c9tat n&rsquo;en ait d\u00e9voil\u00e9 le contenu. \u00ab\u00a0La pression contre la Russie n&rsquo;a jamais \u00e9t\u00e9 aussi \u00e9lev\u00e9e depuis le d\u00e9but de la guerre\u00a0\u00bb, assure Emmanuel Macron. Avant d&rsquo;ajouter que \u00ab\u00a0les sanctions dans les semaines, \u00e0 venir seront croissantes, afin que la Russie n&rsquo;ait plus de moyens dans cette guerre\u00a0\u00bb, \u00e0 la veille de n\u00e9gociations entre l&rsquo;\u00e9missaire am\u00e9ricain Steve Witkoff et le pr\u00e9sident russe Vladimir Poutine.\u00a0<\/p>\n<p><a href=\"https:\/\/www.tf1info.fr\/international\/guerre-ukraine-ce-que-contient-le-nouveau-plan-americain-de-paix-pour-l-ukraine-fortement-oriente-vers-poutine-2407863.html\" rel=\"noopener\" class=\"jsx-3308031228 Link flex\" target=\"_blank\"><img decoding=\"async\" src=\"https:\/\/www.europesays.com\/fr\/wp-content\/uploads\/2025\/11\/trump-poutine-2028-c5e76e-1@1x.jpeg\" alt=\"ILLUSTRATION\" loading=\"lazy\" importance=\"low\" fetchpriority=\"low\" class=\"\" aria-hidden=\"true\"\/><\/p>\n<p class=\"jsx-3657663356 ReadMoreArticle__Title\">Lire aussi<\/p>\n<p class=\"jsx-3657663356\">Ce que contient le nouveau plan am\u00e9ricain de paix pour l&rsquo;Ukraine \u00ab\u00a0fortement orient\u00e9 vers la Russie\u00a0\u00bb <\/p>\n<p><\/a><\/p>\n<p data-module=\"article-paragraph\" class=\"jsx-3046738180 Paragraph Paragraph__End\">Cette discussion et ces n\u00e9gociations ont lieu alors que l&rsquo;arm\u00e9e russe vient de r\u00e9aliser sa plus grosse progression sur le front ukrainien en un an, selon l&rsquo;analyse par l&rsquo;Agence France-Presse (AFP) des donn\u00e9es fournies par l&rsquo;Institut am\u00e9ricain pour l&rsquo;\u00e9tude de la guerre (ISW), qui travaille avec le Critical Threats Project (CTP).\u00a0<\/p>\n<p data-module=\"article-paragraph\" class=\"jsx-3046738180 Paragraph Paragraph__End\">\u00a0\u00ab\u00a0C&rsquo;est la Russie qui doit mettre un point final \u00e0 cette agression. Pour la garantie de la s\u00e9curit\u00e9 et de la pr\u00e9servation de la souverainet\u00e9 \u00a0de l&rsquo;Ukraine, c&rsquo;est dans ce sens que les pourparlers vont se poursuivre. La Russie a tant de fois bris\u00e9\u00a0ses promesses, il est facile pour la Russie d&rsquo;interrompre ses garanties. Les Russes frappent l&rsquo;Ukraine tous les jours\u00a0\u00bb, a affirm\u00e9 le pr\u00e9sident ukrainien, alors que quatre personnes ont \u00e9t\u00e9 tu\u00e9es <a href=\"https:\/\/www.tf1info.fr\/international\/guerre-ukraine-russie-l-armee-de-poutine-a-annexe-5-400-km2-de-territoires-ukrainiens-depuis-le-debut-de-l-annee-2410074.html\" target=\"_blank\" rel=\"noopener\">par un missile russe ce lundi \u00e0 Dnipro<\/a>. \u00ab\u00a0Nous essayons de terminer cette guerre, de mani\u00e8re digne, de toutes nos forces. Pour l&rsquo;Ukraine, pour l&rsquo;Europe, pour l&rsquo;Am\u00e9rique, pour la paix\u00a0\u00bb, a aussi d\u00e9clar\u00e9 le pr\u00e9sident ukrainien \u00e0 l&rsquo;\u00c9lys\u00e9e.\u00a0<\/p>\n<blockquote class=\"jsx-2786790838 Quote__Text\"><p>Au moment o\u00f9 l&rsquo;on parle de paix, la Russie continue de tuer<\/p><\/blockquote>\n<p>Emmanuel Macron sur l&rsquo;avanc\u00e9e russe<\/p>\n<p data-module=\"article-paragraph\" class=\"jsx-3046738180 Paragraph Paragraph__End\">\u00ab\u00a0Je t\u00e9moigne au pr\u00e9sident Zelensky et \u00e0 toute l&rsquo;Ukraine tout mon soutien apr\u00e8s toutes les frappes qui ont touch\u00e9 le pays. \u00a0Au moment o\u00f9 l&rsquo;on parle de paix, la Russie continue de tuer et de d\u00e9truire. C&rsquo;est un obstacle \u00e0 la paix\u00a0\u00bb, a quant \u00e0 lui affirm\u00e9 Emmanuel Macron, alors que quatre personnes ont \u00e9t\u00e9 tu\u00e9es par un missile russe ce lundi \u00e0 Dnipro, ville du centre-est de l&rsquo;Ukraine.\u00a0<\/p>\n<p data-module=\"article-paragraph\" class=\"jsx-3046738180 Paragraph Paragraph__End\">Un point a cette fois-ci \u00e9t\u00e9 abord\u00e9 par les journalistes \u00e0 la fin de la conf\u00e9rence de presse, celui du scandale de corruption en Ukraine, entra\u00eenant la d\u00e9mission d&rsquo;Andriy Yermak, bras droit de Volodymyr Zelensky. \u00ab\u00a0Est-ce que notre r\u00f4le est de donner des le\u00e7ons \u00e0 l&rsquo;Ukraine ? Une d\u00e9mocratie doit les r\u00e9gler, en sachant que les institutions le font. Il n&rsquo;y aura pas de probl\u00e8mes de corruption en Russie, les entit\u00e9s ne sont pas ind\u00e9pendantes. Car la vraie dictature est l\u00e0\u00a0\u00bb, \u00e9vacue Emmanuel Macron.\u00a0<\/p>\n<p>Malika CHEKLAL avec AFP <\/p>\n","protected":false},"excerpt":{"rendered":"Lors de sa visite \u00e0 Paris ce lundi, Volodymyr Zelensky s&rsquo;est entretenu plusieurs heures avec Emmanuel Macron. Entre&hellip;\n","protected":false},"author":2,"featured_media":571659,"comment_status":"","ping_status":"","sticky":false,"template":"","format":"standard","meta":{"footnotes":""},"categories":[1590],"tags":[1111,11,1921,75,1073,1777,674,4710,1922,12,220,1917,67457,2544,133,1920,135,134],"class_list":{"0":"post-571658","1":"post","2":"type-post","3":"status-publish","4":"format-standard","5":"has-post-thumbnail","7":"category-ukraine","8":"tag-actu","9":"tag-actualites","10":"tag-article-video","11":"tag-donald-trump","12":"tag-emmanuel-macron","13":"tag-eu","14":"tag-europe","15":"tag-friedrich-merz","16":"tag-info","17":"tag-news","18":"tag-ukraine","19":"tag-ukraine-4-annee-de-guerre","20":"tag-ukraine-russie-la-perspective-de-negociations-relancee","21":"tag-ursula-von-der-leyen","22":"tag-video","23":"tag-video-international","24":"tag-vladimir-poutine","25":"tag-volodymyr-zelensky"},"share_on_mastodon":{"url":"https:\/\/pubeurope.com\/@fr\/115646172742023743","error":""},"_links":{"self":[{"href":"https:\/\/www.europesays.com\/fr\/wp-json\/wp\/v2\/posts\/571658","targetHints":{"allow":["GET"]}}],"collection":[{"href":"https:\/\/www.europesays.com\/fr\/wp-json\/wp\/v2\/posts"}],"about":[{"href":"https:\/\/www.europesays.com\/fr\/wp-json\/wp\/v2\/types\/post"}],"author":[{"embeddable":true,"href":"https:\/\/www.europesays.com\/fr\/wp-json\/wp\/v2\/users\/2"}],"replies":[{"embeddable":true,"href":"https:\/\/www.europesays.com\/fr\/wp-json\/wp\/v2\/comments?post=571658"}],"version-history":[{"count":0,"href":"https:\/\/www.europesays.com\/fr\/wp-json\/wp\/v2\/posts\/571658\/revisions"}],"wp:featuredmedia":[{"embeddable":true,"href":"https:\/\/www.europesays.com\/fr\/wp-json\/wp\/v2\/media\/571659"}],"wp:attachment":[{"href":"https:\/\/www.europesays.com\/fr\/wp-json\/wp\/v2\/media?parent=571658"}],"wp:term":[{"taxonomy":"category","embeddable":true,"href":"https:\/\/www.europesays.com\/fr\/wp-json\/wp\/v2\/categories?post=571658"},{"taxonomy":"post_tag","embeddable":true,"href":"https:\/\/www.europesays.com\/fr\/wp-json\/wp\/v2\/tags?post=571658"}],"curies":[{"name":"wp","href":"https:\/\/api.w.org\/{rel}","templated":true}]}}