{"id":571660,"date":"2025-12-01T20:22:46","date_gmt":"2025-12-01T20:22:46","guid":{"rendered":"https:\/\/www.europesays.com\/fr\/571660\/"},"modified":"2025-12-01T20:22:46","modified_gmt":"2025-12-01T20:22:46","slug":"guerre-en-ukraine-zelensky-et-macron-unis-a-la-veille-de-negociations-cruciales","status":"publish","type":"post","link":"https:\/\/www.europesays.com\/fr\/571660\/","title":{"rendered":"Guerre en Ukraine : Zelensky et Macron unis \u00e0 la veille de n\u00e9gociations cruciales"},"content":{"rendered":"<p>\u00ab\u00a0La rencontre a permis de faire avancer la concertation entre tous les Europ\u00e9ens, de coordonner aussi nos vues avec les n\u00e9gociateurs et de rappeler l\u2019importance de la mobilisation de tous pour une paix juste et durable\u00a0\u00bb, a soulign\u00e9 le pr\u00e9sident fran\u00e7ais lors d\u2019une conf\u00e9rence de presse avec son homologue ukrainien.<\/p>\n<p>La pr\u00e9sence indispensable des Europ\u00e9ens<\/p>\n<blockquote><p>\u00ab\u00a0Le plan avanc\u00e9 par Washington ne peut \u00eatre finalis\u00e9 qu\u2019avec les Europ\u00e9ens autour de la table.\u00a0\u00bb<\/p><\/blockquote>\n<p>S\u2019il a salu\u00e9 \u00ab\u00a0l\u2019effort de m\u00e9diation\u00a0\u00bb des \u00c9tats-Unis, Emmanuel Macron a d\u00e9clar\u00e9 qu\u2019il n\u2019y avait \u00ab\u00a0pas aujourd\u2019hui \u00e0 proprement parler un plan qui soit finalis\u00e9\u00a0\u00bb. \u00ab\u00a0Nous sommes encore \u00e0 une phase pr\u00e9alable\u00a0\u00bb, a-t-il dit, martelant que le plan avanc\u00e9 par Washington \u00ab\u00a0ne peut \u00eatre finalis\u00e9 qu\u2019avec les Europ\u00e9ens autour de la table\u00a0\u00bb.<\/p>\n<p>    La r\u00e9daction vous conseille<\/p>\n<p>                        <a href=\"https:\/\/www.charentelibre.fr\/editorial\/ukraine-une-salutaire-lutte-contre-la-corruption-l-editorial-de-cl-26919131.php\" title=\"Ukraine\u00a0: une salutaire lutte contre la corruption [L\u2019\u00e9ditorial de CL]\" target=\"_blank\" rel=\"noopener\"><br \/>\n                            <img decoding=\"async\" src=\"https:\/\/www.europesays.com\/fr\/wp-content\/uploads\/2025\/12\/20251128165305-1162612.jpg\" alt=\"Ukraine\u00a0: une salutaire lutte contre la corruption [L\u2019\u00e9ditorial de CL]\"\/><br \/>\n                        <\/a><\/p>\n<p>                    <a href=\"https:\/\/www.charentelibre.fr\/editorial\/ukraine-une-salutaire-lutte-contre-la-corruption-l-editorial-de-cl-26919131.php\" title=\"Ukraine\u00a0: une salutaire lutte contre la corruption [L\u2019\u00e9ditorial de CL]\" target=\"_blank\" rel=\"noopener\"><\/p>\n<p>\n                            Ukraine\u00a0: une salutaire lutte contre la corruption [L\u2019\u00e9ditorial de CL]\n                        <\/p>\n<p>                    <\/a><\/p>\n<p>\n                        La purge mise en \u0153uvre dans l\u2019entourage du pouvoir ukrainien d\u00e9montre \u00e9galement que l\u2019attachement de l\u2019Ukraine \u00e0 une n\u00e9cessaire moralisation de la vie publique et \u00e0 la lutte contre la corruption n\u2019est pas une simple posture. Retrouvez notre \u00e9ditorial du lundi 1er\u00a0d\u00e9cembre 2025.\n                    <\/p>\n<p>\u00c0 l\u2019issue de ces \u00e9changes, le pr\u00e9sident fran\u00e7ais s\u2019est entretenu au t\u00e9l\u00e9phone avec Donald Trump \u00ab\u00a0sur les conditions d\u2019une paix robuste et durable\u00a0\u00bb et sur \u00ab\u00a0la dimension centrale des garanties de s\u00e9curit\u00e9 n\u00e9cessaires pour l\u2019Ukraine\u00a0\u00bb selon l\u2019\u00c9lys\u00e9e.<\/p>\n<p>Les Europ\u00e9ens esp\u00e8rent que l\u2019Administration Trump, soup\u00e7onn\u00e9e de complaisance vis-\u00e0-vis de Vladimir Poutine, ne sacrifiera pas l\u2019Ukraine, consid\u00e9r\u00e9e comme un rempart face aux ambitions russes.<\/p>\n<p>Zelensky sous pression<\/p>\n<p>De son c\u00f4t\u00e9, le pr\u00e9sident ukrainien a affirm\u00e9 lundi s\u2019attendre d\u00e9sormais \u00ab\u00a0\u00e0 une discussion avec le pr\u00e9sident des \u00c9tats-Unis sur des questions cl\u00e9s\u00a0\u00bb apr\u00e8s que le n\u00e9gociateur ukrainien Roustem Oumerov a fait \u00e9tat lundi de \u00ab\u00a0progr\u00e8s significatifs\u00a0\u00bb sur le projet de plan am\u00e9ricain, bien que des \u00ab\u00a0ajustements\u00a0\u00bb soient encore n\u00e9cessaires.<\/p>\n<p>    La r\u00e9daction vous conseille<\/p>\n<p>Volodymyr Zelensky, qui incarne depuis bient\u00f4t quatre ans la r\u00e9sistance ukrainienne \u00e0 l\u2019invasion russe, est fragilis\u00e9 dans son pays. Le pr\u00e9sident ukrainien fait face \u00e0 un vaste scandale de corruption \u00e9claboussant le gouvernement, ayant contraint son puissant chef de cabinet, Andri\u00ef Iermak, \u00e0 la d\u00e9mission vendredi. Sur ce plan, Emmanuel Macron s\u2019est refus\u00e9 \u00e0 \u00ab\u00a0donner des le\u00e7ons\u00a0\u00bb.<\/p>\n<p>Pourparlers en Floride<\/p>\n<p>Les \u00c9tats-Unis ont pr\u00e9sent\u00e9 il y a dix jours un premier projet en 28 points tr\u00e8s favorable \u00e0 Moscou, r\u00e9dig\u00e9 sans les alli\u00e9s europ\u00e9ens de Kiev, cens\u00e9 mettre fin au conflit d\u00e9clench\u00e9 par l\u2019offensive russe contre l\u2019Ukraine\u00a0en f\u00e9vrier 2022.<\/p>\n<p>Washington a ensuite amend\u00e9 ce projet avec Ukrainiens et Europ\u00e9ens, avant de le retravailler en bilat\u00e9ral avec les Ukrainiens dimanche en Floride. Les discussions am\u00e9ricano-ukrainiennes ont \u00e9t\u00e9 jug\u00e9es \u00ab\u00a0productives\u00a0\u00bb par les deux parties, mais le secr\u00e9taire d\u2019\u00c9tat Marco Rubio a pr\u00e9venu qu&rsquo; \u00ab il restait encore du travail\u00a0\u00bb.<\/p>\n<p>    La r\u00e9daction vous conseille<\/p>\n<p>Le pr\u00e9sident Donald Trump a, lui, affich\u00e9 son optimisme, estimant que Russie et\u00a0Ukraine\u00a0souhaitaient mettre fin au conflit, tout en soulignant que Kiev n\u2019\u00e9tait pas en position de force en raison du scandale de corruption.<\/p>\n<p>Pour Emmanuel Macron, les frappes de la Russie contre l\u2019Ukraine\u00a0d\u00e9montrent au contraire que Moscou n\u2019est pas dispos\u00e9 \u00e0 faire la paix.<\/p>\n<p>En France, M.\u00a0Zelensky \u00e9tait accompagn\u00e9 par son \u00e9pouse Olena Zelenska pour un \u00e9v\u00e9nement autour de l\u2019initiative \u00ab\u00a0Bring kids back\u00a0\u00bb (\u00ab\u00a0Ramenez les enfants\u00a0\u00bb), dont elle est la marraine. Cette initiative \u00ab\u00a0a permis de ramener pr\u00e8s de 2.000 enfants ukrainiens arrach\u00e9s \u00e0 leur famille par la Russie\u00a0\u00bb, s\u2019est f\u00e9licit\u00e9 le ministre fran\u00e7ais des Affaires \u00e9trang\u00e8res Jean-No\u00ebl Barrot.<\/p>\n<p>    Une semaine \u00ab\u00a0cruciale\u00a0\u00bb pour Kiev<br \/>\nLes deux chefs d\u2019\u00c9tat se sont \u00e9galement entretenus avec le Premier ministre britannique Keir Starmer et plusieurs dirigeants europ\u00e9ens (Allemagne, Pologne, Italie, Norv\u00e8ge, Finlande, Danemark, Pays-Bas), ainsi qu\u2019avec les pr\u00e9sidents des institutions europ\u00e9ennes Antonio Costa et Ursula von\u00a0der\u00a0Leyen, et le secr\u00e9taire g\u00e9n\u00e9ral de l\u2019Otan Mark Rutte.<br \/>Volodymyr Zelensky, qui se rendra mardi en Irlande pour sa premi\u00e8re visite dans ce pays neutre, a rapidement visit\u00e9 l\u2019usine du groupe de d\u00e9fense Dassault Aviation en r\u00e9gion parisienne, deux semaines apr\u00e8s avoir sign\u00e9 une lettre d\u2019intention pour acheter jusqu\u2019\u00e0 100 avions de combat Rafale, destin\u00e9s \u00e0 plus long terme \u00e0 prot\u00e9ger le ciel du pays.<br \/>La semaine qui s\u2019ouvre s\u2019annonce \u00ab\u00a0cruciale\u00a0\u00bb pour l\u2019Ukraine, a estim\u00e9 la cheffe de la diplomatie de l\u2019Union europ\u00e9enne Kaja Kallas. \u00ab\u00a0Je crains que toute la pression soit exerc\u00e9e sur le c\u00f4t\u00e9 le plus faible, car la reddition de l\u2019Ukraine, c\u2019est la mani\u00e8re la plus facile de mettre fin \u00e0 cette guerre\u00a0\u00bb, a-t-elle d\u00e9clar\u00e9.<\/p>\n","protected":false},"excerpt":{"rendered":"\u00ab\u00a0La rencontre a permis de faire avancer la concertation entre tous les Europ\u00e9ens, de coordonner aussi nos vues&hellip;\n","protected":false},"author":2,"featured_media":571661,"comment_status":"","ping_status":"","sticky":false,"template":"","format":"standard","meta":{"footnotes":""},"categories":[1589],"tags":[11,73,1866,12,1864,1865,1863,308],"class_list":{"0":"post-571660","1":"post","2":"type-post","3":"status-publish","4":"format-standard","5":"has-post-thumbnail","7":"category-etats-unis","8":"tag-actualites","9":"tag-etats-unis","10":"tag-etats-unis-damerique","11":"tag-news","12":"tag-united-states","13":"tag-united-states-of-america","14":"tag-us","15":"tag-usa"},"share_on_mastodon":{"url":"https:\/\/pubeurope.com\/@fr\/115646183530066009","error":""},"_links":{"self":[{"href":"https:\/\/www.europesays.com\/fr\/wp-json\/wp\/v2\/posts\/571660","targetHints":{"allow":["GET"]}}],"collection":[{"href":"https:\/\/www.europesays.com\/fr\/wp-json\/wp\/v2\/posts"}],"about":[{"href":"https:\/\/www.europesays.com\/fr\/wp-json\/wp\/v2\/types\/post"}],"author":[{"embeddable":true,"href":"https:\/\/www.europesays.com\/fr\/wp-json\/wp\/v2\/users\/2"}],"replies":[{"embeddable":true,"href":"https:\/\/www.europesays.com\/fr\/wp-json\/wp\/v2\/comments?post=571660"}],"version-history":[{"count":0,"href":"https:\/\/www.europesays.com\/fr\/wp-json\/wp\/v2\/posts\/571660\/revisions"}],"wp:featuredmedia":[{"embeddable":true,"href":"https:\/\/www.europesays.com\/fr\/wp-json\/wp\/v2\/media\/571661"}],"wp:attachment":[{"href":"https:\/\/www.europesays.com\/fr\/wp-json\/wp\/v2\/media?parent=571660"}],"wp:term":[{"taxonomy":"category","embeddable":true,"href":"https:\/\/www.europesays.com\/fr\/wp-json\/wp\/v2\/categories?post=571660"},{"taxonomy":"post_tag","embeddable":true,"href":"https:\/\/www.europesays.com\/fr\/wp-json\/wp\/v2\/tags?post=571660"}],"curies":[{"name":"wp","href":"https:\/\/api.w.org\/{rel}","templated":true}]}}