{"id":571677,"date":"2025-12-01T20:42:17","date_gmt":"2025-12-01T20:42:17","guid":{"rendered":"https:\/\/www.europesays.com\/fr\/571677\/"},"modified":"2025-12-01T20:42:17","modified_gmt":"2025-12-01T20:42:17","slug":"cc-terralba-les-elites-belges-engages-actualite","status":"publish","type":"post","link":"https:\/\/www.europesays.com\/fr\/571677\/","title":{"rendered":"CC &#8211; Terralba : Les \u00c9lites belges engag\u00e9s &#8211; Actualit\u00e9"},"content":{"rendered":"<p style=\"text-align: justify;\">La troisi\u00e8me manche de la Coupe du Monde de cyclo-cross 2025-2026 aura lieu ce dimanche 7 d\u00e9cembre \u00e0 Terralba, en Sardaigne (Italie).\u00a0Elle\u00a0est r\u00e9serv\u00e9e aux \u00c9lites. Voici la liste des Belges engag\u00e9s.<\/p>\n<p style=\"text-align: justify;\"><strong>Les \u00c9lites\u00a0belges\u00a0engag\u00e9s :<\/strong><br \/><strong>Femmes<\/strong><br \/>Julie BROUWERS<br \/>Shanyl DE SCHOESITTER<br \/>Marion NORBERT RIBEROLLE<br \/>Jinse PEETERS<br \/>Laura VERDONSCHOT<br \/>Sterre VERVLOET<\/p>\n<p style=\"text-align: justify;\"><strong>Hommes<\/strong><br \/>Toon AERTS &#8211; notre photo<br \/>Yordi CORSUS<br \/>Wout JANSSEN<br \/>Witse MEEUSSEN<br \/>Laurens SWEECK<br \/>Toon VANDEBOSCH<br \/>Mats VANDEN EYNDE<br \/>Victor VAN DE PUTTE<br \/>Niels VANDEPUTTE<br \/>Michael VANTHOURENHOUT<br \/>Joran WYSEURE<\/p>\n","protected":false},"excerpt":{"rendered":"La troisi\u00e8me manche de la Coupe du Monde de cyclo-cross 2025-2026 aura lieu ce dimanche 7 d\u00e9cembre \u00e0&hellip;\n","protected":false},"author":2,"featured_media":571678,"comment_status":"","ping_status":"","sticky":false,"template":"","format":"standard","meta":{"footnotes":""},"categories":[1411],"tags":[834,828,836,829,837,827,83,826,824,823,1154,207,814,817,815,816,822,821,832,211,839,1011,27,820,818,819,835,831,830,833,838,60,212,208,825],"class_list":{"0":"post-571677","1":"post","2":"type-post","3":"status-publish","4":"format-standard","5":"has-post-thumbnail","7":"category-cyclisme","8":"tag-attaque","9":"tag-belgique","10":"tag-braquet","11":"tag-bretagne","12":"tag-chute","13":"tag-competition","14":"tag-coupe-de-france","15":"tag-coureur","16":"tag-course-cyclisme","17":"tag-course-cycliste","18":"tag-cycling","19":"tag-cyclisme","20":"tag-direct","21":"tag-direct-velo","22":"tag-directvelo","23":"tag-directvelo-com","24":"tag-epreuve","25":"tag-epreuve-cycliste","26":"tag-federation-francaise-de-cyclisme","27":"tag-ffc","28":"tag-flandres","29":"tag-fr","30":"tag-france","31":"tag-live","32":"tag-live-course","33":"tag-live-epreuve","34":"tag-peloton","35":"tag-radio-peloton","36":"tag-radio-tour","37":"tag-ravitaillement","38":"tag-relance","39":"tag-sports","40":"tag-uci","41":"tag-velo","42":"tag-velos"},"share_on_mastodon":{"url":"https:\/\/pubeurope.com\/@fr\/115646257251980493","error":""},"_links":{"self":[{"href":"https:\/\/www.europesays.com\/fr\/wp-json\/wp\/v2\/posts\/571677","targetHints":{"allow":["GET"]}}],"collection":[{"href":"https:\/\/www.europesays.com\/fr\/wp-json\/wp\/v2\/posts"}],"about":[{"href":"https:\/\/www.europesays.com\/fr\/wp-json\/wp\/v2\/types\/post"}],"author":[{"embeddable":true,"href":"https:\/\/www.europesays.com\/fr\/wp-json\/wp\/v2\/users\/2"}],"replies":[{"embeddable":true,"href":"https:\/\/www.europesays.com\/fr\/wp-json\/wp\/v2\/comments?post=571677"}],"version-history":[{"count":0,"href":"https:\/\/www.europesays.com\/fr\/wp-json\/wp\/v2\/posts\/571677\/revisions"}],"wp:featuredmedia":[{"embeddable":true,"href":"https:\/\/www.europesays.com\/fr\/wp-json\/wp\/v2\/media\/571678"}],"wp:attachment":[{"href":"https:\/\/www.europesays.com\/fr\/wp-json\/wp\/v2\/media?parent=571677"}],"wp:term":[{"taxonomy":"category","embeddable":true,"href":"https:\/\/www.europesays.com\/fr\/wp-json\/wp\/v2\/categories?post=571677"},{"taxonomy":"post_tag","embeddable":true,"href":"https:\/\/www.europesays.com\/fr\/wp-json\/wp\/v2\/tags?post=571677"}],"curies":[{"name":"wp","href":"https:\/\/api.w.org\/{rel}","templated":true}]}}