{"id":571679,"date":"2025-12-01T20:43:15","date_gmt":"2025-12-01T20:43:15","guid":{"rendered":"https:\/\/www.europesays.com\/fr\/571679\/"},"modified":"2025-12-01T20:43:15","modified_gmt":"2025-12-01T20:43:15","slug":"made-in-paris-pour-paris-le-nouveau-projet-fou-dal-khelaifi-au-psg","status":"publish","type":"post","link":"https:\/\/www.europesays.com\/fr\/571679\/","title":{"rendered":"\u00ab Made in Paris \u00bb pour Paris, le nouveau projet fou d&rsquo;Al-Khela\u00effi au PSG"},"content":{"rendered":"<p>Nasser Al-Khela\u00effi est un pr\u00e9sident heureux. Vainqueur du troph\u00e9e du pr\u00e9sident de l&rsquo;ann\u00e9e par <a href=\"https:\/\/www.tuttosport.com\/news\/calcio\/golden-boy\/2025\/12\/01-144976556\/al-khelaifi_fiero_cos_al_psg_costruiamo_insieme_il_futuro_diversi_dagli_altri_e_pi_innovativi\/3\" target=\"_blank\" rel=\"noopener\">Tuttosport<\/a>, il s&rsquo;est exprime pour le m\u00e9dia italien. L&rsquo;occasion pour lui de revenir sur cette ann\u00e9e folle : \u00ab\u00a0Oui, nous avons r\u00e9alis\u00e9 une saison fantastique et, en tant que club, nous avons franchi une \u00e9tape importante qui a couronn\u00e9 le travail des deux ou trois derni\u00e8res ann\u00e9es. C&rsquo;est la meilleure saison de l&rsquo;histoire du club, mais plus important encore que les r\u00e9sultats, c&rsquo;est la mani\u00e8re dont nous les avons obtenus. Nous sommes tr\u00e8s fiers de notre approche et de notre victoire\u00a0\u00bb a-t-il savour\u00e9.<\/p>\n<p>Il a ensuite poursuivi : \u00ab\u00a0Je pense que c&rsquo;\u00e9tait le plus important pour nous : la mani\u00e8re dont nous avons gagn\u00e9 et dont nous avons transform\u00e9 le club. Nous sommes tr\u00e8s fiers d&rsquo;\u00eatre l\u00e0 o\u00f9 nous sommes aujourd&rsquo;hui, car le chemin a \u00e9t\u00e9 difficile, mais nous continuons sur la m\u00eame voie, sans changer. Notre philosophie doit \u00eatre de gagner collectivement, avec le groupe, en d\u00e9veloppant nos jeunes joueurs, gr\u00e2ce notamment au meilleur entra\u00eeneur du monde, Luis Enrique.\u00a0\u00bb<\/p>\n<p>\u00c0 lire aussiLa fiert\u00e9 d&rsquo;Al-Khela\u00effi<\/p>\n<p>Pour lui, fini le projet \u00ab\u00a0bling-bling\u00a0\u00bb : \u00ab\u00a0Nous voulons avoir les meilleurs joueurs du monde, nos jeunes joueurs, d\u00e9velopper nos \u00e9quipes de jeunes et ainsi garantir l&rsquo;avenir du club, pas seulement les r\u00e9sultats d&rsquo;aujourd&rsquo;hui, qui sont certes importants, mais aussi et surtout l&rsquo;avenir du club. Et c&rsquo;est pourquoi j&rsquo;appr\u00e9cie vraiment cette distinction. Cette reconnaissance r\u00e9compense mon travail et celui de tout le club.\u00a0\u00bb<\/p>\n<p>La formation sera bien \u00e9videmment au c\u0153ur du projet : \u00ab\u00a0Au Paris Saint-Germain, nous voulons toujours penser diff\u00e9remment, \u00eatre diff\u00e9rents : nous avons de grandes ambitions, nous ne suivons pas les autres. Le football est tout pour nous. Mais nous sommes aussi bien plus qu&rsquo;une simple \u00e9quipe de football. Nous nous concentrons sur le sport, la sant\u00e9 et l&rsquo;\u00e9ducation.\u00a0\u00bb<\/p>\n<p>Un projet centr\u00e9 autour de la formation<\/p>\n<p>Une chose est s\u00fbre, le PSG veut construire les futures stars de demain : \u00ab\u00a0Des jeunes de l&rsquo;Acad\u00e9mie aux joueurs et joueuses de l&rsquo;\u00e9quipe premi\u00e8re, nous voulons former de bons joueurs, mais aussi des joueurs instruits, impr\u00e9gn\u00e9s des valeurs du PSG. Et aujourd&rsquo;hui, vous voyez le r\u00e9sultat : un complexe sportif extraordinaire, doubl\u00e9 d&rsquo;un v\u00e9ritable lieu d&rsquo;apprentissage.\u00a0\u00bb<\/p>\n<p>Enfin, il a conclu avec un nouveau slogan : \u00ab\u00a0L&rsquo;avenir du Paris Saint-Germain na\u00eetra et se construira ici, il ne s&rsquo;ach\u00e8tera pas, il sera \u00ab Made in Paris \u00bb pour Paris. J&rsquo;ai dit que la v\u00e9ritable star du Paris Saint-Germain, c&rsquo;est l&rsquo;\u00e9quipe, sur et en dehors du terrain. Quand nous travaillons ensemble, voil\u00e0 le r\u00e9sultat.\u00a0\u00bb<\/p>\n<p>   Partagez cette info avec vos amis et vos proches en cliquant ici<br \/> Pour r\u00e9sumer<\/p>\n<p>Nasser Al-Khela\u00effi, \u00e9lu pr\u00e9sident de l&rsquo;ann\u00e9e, revient sur la saison historique du PSG. Il se dit fier de la transformation du club, en mettant l&rsquo;accent sur la formation des jeunes, un projet collectif et l&rsquo;avenir plut\u00f4t que le bling-bling. Le PSG veut \u00eatre \u00ab\u00a0Made in Paris\u00a0\u00bb.<\/p>\n<p>R\u00e9dacteur<\/p>\n<p><img decoding=\"async\" width=\"76\" height=\"76\" loading=\"lazy\" src=\"https:\/\/www.europesays.com\/fr\/wp-content\/uploads\/2025\/04\/avatar-onze.webp.webp\" alt=\"Nathan Bricout\"\/><\/p>\n","protected":false},"excerpt":{"rendered":"Nasser Al-Khela\u00effi est un pr\u00e9sident heureux. Vainqueur du troph\u00e9e du pr\u00e9sident de l&rsquo;ann\u00e9e par Tuttosport, il s&rsquo;est exprime&hellip;\n","protected":false},"author":2,"featured_media":571680,"comment_status":"","ping_status":"","sticky":false,"template":"","format":"standard","meta":{"footnotes":""},"categories":[1410],"tags":[63,1011,27,66,93,60],"class_list":{"0":"post-571679","1":"post","2":"type-post","3":"status-publish","4":"format-standard","5":"has-post-thumbnail","7":"category-football","8":"tag-football","9":"tag-fr","10":"tag-france","11":"tag-ligue-1","12":"tag-psg","13":"tag-sports"},"share_on_mastodon":{"url":"https:\/\/pubeurope.com\/@fr\/115646262640839436","error":""},"_links":{"self":[{"href":"https:\/\/www.europesays.com\/fr\/wp-json\/wp\/v2\/posts\/571679","targetHints":{"allow":["GET"]}}],"collection":[{"href":"https:\/\/www.europesays.com\/fr\/wp-json\/wp\/v2\/posts"}],"about":[{"href":"https:\/\/www.europesays.com\/fr\/wp-json\/wp\/v2\/types\/post"}],"author":[{"embeddable":true,"href":"https:\/\/www.europesays.com\/fr\/wp-json\/wp\/v2\/users\/2"}],"replies":[{"embeddable":true,"href":"https:\/\/www.europesays.com\/fr\/wp-json\/wp\/v2\/comments?post=571679"}],"version-history":[{"count":0,"href":"https:\/\/www.europesays.com\/fr\/wp-json\/wp\/v2\/posts\/571679\/revisions"}],"wp:featuredmedia":[{"embeddable":true,"href":"https:\/\/www.europesays.com\/fr\/wp-json\/wp\/v2\/media\/571680"}],"wp:attachment":[{"href":"https:\/\/www.europesays.com\/fr\/wp-json\/wp\/v2\/media?parent=571679"}],"wp:term":[{"taxonomy":"category","embeddable":true,"href":"https:\/\/www.europesays.com\/fr\/wp-json\/wp\/v2\/categories?post=571679"},{"taxonomy":"post_tag","embeddable":true,"href":"https:\/\/www.europesays.com\/fr\/wp-json\/wp\/v2\/tags?post=571679"}],"curies":[{"name":"wp","href":"https:\/\/api.w.org\/{rel}","templated":true}]}}