{"id":571683,"date":"2025-12-01T20:45:23","date_gmt":"2025-12-01T20:45:23","guid":{"rendered":"https:\/\/www.europesays.com\/fr\/571683\/"},"modified":"2025-12-01T20:45:23","modified_gmt":"2025-12-01T20:45:23","slug":"avant-le-vol-au-louvre-sa-presidente-etait-persuadee-que-la-galerie-dapollon-etait-securisee","status":"publish","type":"post","link":"https:\/\/www.europesays.com\/fr\/571683\/","title":{"rendered":"Avant le vol au Louvre, sa pr\u00e9sidente \u00e9tait persuad\u00e9e que la galerie d\u2019Apollon \u00e9tait s\u00e9curis\u00e9e"},"content":{"rendered":"<p>        <img decoding=\"async\" loading=\"lazy\" src=\"https:\/\/www.europesays.com\/fr\/wp-content\/uploads\/2025\/12\/80bf112_upload-1-zvewjilu4bpz-afp-20251027-hl-ebroncard-2933513-v1-midres-franceafterthelouvrerobber.jpeg\"  width=\"728\" height=\"410\" alt=\"Avant le vol au Louvre, sa pr\u00e9sidente Laurence des Cars \u00e9tait persuad\u00e9e que la galerie d\u2019Apollon \u00e9tait s\u00e9curis\u00e9e, explique-t-elle au \u00ab\u00a0Parisien, ce lundi 1er d\u00e9cembre. (Photo d\u2019illustration)\"\/>  <\/p>\n<p>ERIC BRONCARD \/ Hans Lucas via AFP<\/p>\n<p>Avant le vol au Louvre, sa pr\u00e9sidente Laurence des Cars \u00e9tait persuad\u00e9e que la galerie d\u2019Apollon \u00e9tait s\u00e9curis\u00e9e, explique-t-elle au \u00ab\u00a0Parisien, ce lundi 1er d\u00e9cembre. (Photo d\u2019illustration)<\/p>\n<p class=\"asset asset-text\">\u00ab\u00a0Pour moi, c\u2019\u00e9tait un dossier clos, la galerie d\u2019Apollon\u00a0\u00bb, a d\u00e9clar\u00e9 Laurence des Cars. La s\u00e9curit\u00e9 de la<a href=\"https:\/\/www.huffingtonpost.fr\/faits-divers\/video\/quels-sont-les-bijoux-exposes-a-la-galerie-d-apollon-au-louvre-braquee-ce-dimanche_256157.html\" target=\"_blank\" rel=\"noopener\" title=\"Nouvelle fen\u00eatre\"> galerie d\u2019Apollon du Louvre<\/a>, th\u00e9\u00e2tre d\u2019un vol de bijoux \u00e0 l\u2019\u00e9cho plan\u00e9taire le 19\u00a0octobre, n\u2019avait pas \u00e9t\u00e9 signal\u00e9e \u00e0 la direction \u00ab\u00a0comme un point de vigilance\u00a0\u00bb, a affirm\u00e9 ce lundi\u00a01er\u00a0er d\u00e9cembre au <a href=\"https:\/\/www.leparisien.fr\/culture-loisirs\/pour-moi-la-galerie-dapollon-etait-un-dossier-clos-apres-le-casse-la-patronne-du-louvre-prete-a-tenir-le-cap-01-12-2025-HKFW24WFQZGURMF7RJXN3S53YE.php\" target=\"_blank\" rel=\"noopener\" title=\"Nouvelle fen\u00eatre\">Parisien<\/a> la pr\u00e9sidente-directrice du mus\u00e9e.<\/p>\n<p class=\"asset asset-text\">Au moment de sa prise de poste fin 2021, \u00ab\u00a0on me dit que s\u2019il y a une chose sur laquelle on peut \u00eatre totalement rassur\u00e9, ce sont les joyaux de la Couronne\u00a0\u00bb, avec \u00ab\u00a0trois nouvelles vitrines solides\u00a0\u00bb remplac\u00e9es lors de r\u00e9novations en 2018-2019, a-t-elle poursuivi. \u00ab\u00a0Ce dossier ne m\u2019a pas \u00e9t\u00e9 signal\u00e9 comme un point de vigilance\u00a0\u00bb.<\/p>\n<p class=\"asset asset-text\">R\u00e9v\u00e9l\u00e9 par Le Monde, un audit r\u00e9alis\u00e9 par le joaillier Van Cleef &amp;\u00a0Arpels pour le mus\u00e9e avait, d\u00e8s 2018, d\u00e9crit avec pr\u00e9cision la faille potentielle que repr\u00e9sentait le balcon emprunt\u00e9 lors du vol de bijoux, avec un mode op\u00e9ratoire correspondant \u00e0 celui utilis\u00e9 par les malfaiteurs.<\/p>\n<p>    \u00ab\u00a0Beaucoup d\u2019autres dossiers urgents\u00a0\u00bb    <\/p>\n<p class=\"asset asset-text\">\u00ab\u00a0Cet audit, je l\u2019ai d\u00e9couvert le 23\u00a0octobre, quatre jours apr\u00e8s le vol, apr\u00e8s ma demande de la remont\u00e9e de toutes les interventions sur 25\u00a0ans dans la galerie d\u2019Apollon\u00a0\u00bb, a assur\u00e9 Laurence des Cars au Parisien.<\/p>\n<p class=\"asset asset-text\">Les bijoux demeurent toujours introuvables, mais la directrice s\u2019est dite \u00ab\u00a0optimiste\u00a0\u00bb sur l\u2019issue de l\u2019enqu\u00eate. \u00ab\u00a0Avec le recul, on mesure que des fragilit\u00e9s structurelles subsistaient. Je comprends que cela interroge\u00a0\u00bb, a-t-elle \u00e9galement reconnu, expliquant avoir eu \u00e0 traiter \u00ab\u00a0beaucoup d\u2019autres dossiers urgents\u00a0\u00bb \u00e0 son arriv\u00e9e, dans un \u00e9tablissement v\u00e9tuste.<\/p>\n<p class=\"asset asset-text\">D\u00e9but novembre, la Cour des comptes avait estim\u00e9 que le mus\u00e9e le plus visit\u00e9 au monde avait \u00ab\u00a0privil\u00e9gi\u00e9 les op\u00e9rations visibles et attractives\u00a0\u00bb au d\u00e9triment de la s\u00e9curit\u00e9.<\/p>\n<p>    100\u00a0cam\u00e9ras d\u2019ici fin 2026    <\/p>\n<p class=\"asset asset-text\">Laurence des Cars a annonc\u00e9 en novembre l\u2019installation de 100 cam\u00e9ras aux abords du mus\u00e9e d\u2019ici fin 2026 et d\u2019un \u00ab\u00a0poste avanc\u00e9 mobile de la police nationale\u00a0\u00bb pour prot\u00e9ger le mus\u00e9e pendant les p\u00e9riodes d\u2019affluence.<\/p>\n<p class=\"asset asset-text\">Pour financer sa modernisation, le conseil d\u2019administration du Louvre a approuv\u00e9 jeudi une hausse de 45\u00a0% du prix d\u2019entr\u00e9e pour les visiteurs extra-europ\u00e9ens, soit un billet \u00e0 32\u00a0euros, \u00e0 compter de 2026.<\/p>\n<p class=\"asset asset-text\">\u00ab\u00a0Les visiteurs internationaux, notamment les Am\u00e9ricains qui sont la premi\u00e8re nationalit\u00e9 (de visiteurs \u00e9trangers, NDLR), comprennent tr\u00e8s bien qu\u2019ils contribuent ainsi \u00e0 prot\u00e9ger un patrimoine universel. C\u2019est une mani\u00e8re d\u2019aider le Louvre\u00a0\u00bb, a estim\u00e9 lundi Laurence des Cars.<\/p>\n","protected":false},"excerpt":{"rendered":"ERIC BRONCARD \/ Hans Lucas via AFP Avant le vol au Louvre, sa pr\u00e9sidente Laurence des Cars \u00e9tait&hellip;\n","protected":false},"author":2,"featured_media":571684,"comment_status":"","ping_status":"","sticky":false,"template":"","format":"standard","meta":{"footnotes":""},"categories":[1358],"tags":[1348,1384,1385,1386,58,59,118,1011,27,11274,1175],"class_list":{"0":"post-571683","1":"post","2":"type-post","3":"status-publish","4":"format-standard","5":"has-post-thumbnail","7":"category-arts-et-design","8":"tag-arts","9":"tag-arts-and-design","10":"tag-arts-et-design","11":"tag-design","12":"tag-divertissement","13":"tag-entertainment","14":"tag-faits-divers","15":"tag-fr","16":"tag-france","17":"tag-louvre","18":"tag-vol"},"share_on_mastodon":{"url":"https:\/\/pubeurope.com\/@fr\/115646269928563538","error":""},"_links":{"self":[{"href":"https:\/\/www.europesays.com\/fr\/wp-json\/wp\/v2\/posts\/571683","targetHints":{"allow":["GET"]}}],"collection":[{"href":"https:\/\/www.europesays.com\/fr\/wp-json\/wp\/v2\/posts"}],"about":[{"href":"https:\/\/www.europesays.com\/fr\/wp-json\/wp\/v2\/types\/post"}],"author":[{"embeddable":true,"href":"https:\/\/www.europesays.com\/fr\/wp-json\/wp\/v2\/users\/2"}],"replies":[{"embeddable":true,"href":"https:\/\/www.europesays.com\/fr\/wp-json\/wp\/v2\/comments?post=571683"}],"version-history":[{"count":0,"href":"https:\/\/www.europesays.com\/fr\/wp-json\/wp\/v2\/posts\/571683\/revisions"}],"wp:featuredmedia":[{"embeddable":true,"href":"https:\/\/www.europesays.com\/fr\/wp-json\/wp\/v2\/media\/571684"}],"wp:attachment":[{"href":"https:\/\/www.europesays.com\/fr\/wp-json\/wp\/v2\/media?parent=571683"}],"wp:term":[{"taxonomy":"category","embeddable":true,"href":"https:\/\/www.europesays.com\/fr\/wp-json\/wp\/v2\/categories?post=571683"},{"taxonomy":"post_tag","embeddable":true,"href":"https:\/\/www.europesays.com\/fr\/wp-json\/wp\/v2\/tags?post=571683"}],"curies":[{"name":"wp","href":"https:\/\/api.w.org\/{rel}","templated":true}]}}