{"id":571689,"date":"2025-12-01T20:49:18","date_gmt":"2025-12-01T20:49:18","guid":{"rendered":"https:\/\/www.europesays.com\/fr\/571689\/"},"modified":"2025-12-01T20:49:18","modified_gmt":"2025-12-01T20:49:18","slug":"en-images-voici-le-capitole-nouveau-cinema-de-montceau-les-mines","status":"publish","type":"post","link":"https:\/\/www.europesays.com\/fr\/571689\/","title":{"rendered":"En images. Voici le Capitole, nouveau cin\u00e9ma de Montceau-les-Mines"},"content":{"rendered":"<p>Montceau-les-Mines a son cin\u00e9ma. \u00ab\u00a0Le plus beau de France\u00a0\u00bb, avance en toute modestie Marie-Claude Jarrot. Mais peut-on en vouloir \u00e0 la maire de Montceau ?<\/p>\n<p>Quatre salles, 589 fauteuils dont une premi\u00e8re nationale : des si\u00e8ges doubles, avec de petites lampes de chevet qui am\u00e8nent une ambiance et un confort jamais vus&#8230; R\u00e9gis Faure, le chef des lieux, affichait un sourire a la hauteur de l&rsquo;\u00e9venement.\u00a0Avec un m\u00e9lange de joie, de soulagement et de fiert\u00e9, il a organis\u00e9 ce lundi soir la soir\u00e9e inaugurale de son nouveau cin\u00e9ma.<\/p>\n<p>Pour cette premi\u00e8re semaine d&rsquo;exploitation, <a href=\"https:\/\/www.lejsl.com\/culture-loisirs\/2025\/11\/26\/cinema-capitole-on-connait-la-programmation-du-premier-jour\" target=\"_blank\" rel=\"noopener\">c&rsquo;est un total de 19 films qui seront propos\u00e9s<\/a> avec des tarifs abordables : deux parents et deux enfants pour moins de 30 euros.<\/p>\n<p>Les premi\u00e8res s\u00e9ances d\u00e9buteront mercredi apr\u00e8s-midi. Et nul doute que les spectateurs seront nombreux pour vivre une autre exp\u00e9rience du cin\u00e9ma.<\/p>\n<p>  Le cin\u00e9ma en images<\/p>\n<p>\u00c0 l&rsquo;ext\u00e9rieur, la fa\u00e7ade du Capitole arbore la pr\u00e9sence d&rsquo;un camion Berliet du film 100 000 dollars au soleil, conduit par Lino Ventura.<\/p>\n<p>Le cin\u00e9ma est dot\u00e9 de quatre salles pour un total de 589 fauteuils (257 pour la grande salle, 78 pour la plus petite, 92 et 162 pour les deux autres) et est \u00e9quip\u00e9 d\u2019une technologie de pointe.<\/p>\n<p>Les salles du nouveau cin\u00e9ma sont de v\u00e9ritables salons. Deux sont \u00e9quip\u00e9es de fauteuils doubles et de lampes de chevet pour une ambiance tr\u00e8s douce.<\/p>\n","protected":false},"excerpt":{"rendered":"Montceau-les-Mines a son cin\u00e9ma. \u00ab\u00a0Le plus beau de France\u00a0\u00bb, avance en toute modestie Marie-Claude Jarrot. Mais peut-on en&hellip;\n","protected":false},"author":2,"featured_media":571690,"comment_status":"","ping_status":"","sticky":false,"template":"","format":"standard","meta":{"footnotes":""},"categories":[1354],"tags":[650,1687,58,12568,59,107,1346,1011,27,12566,1360,6003],"class_list":{"0":"post-571689","1":"post","2":"type-post","3":"status-publish","4":"format-standard","5":"has-post-thumbnail","7":"category-films","8":"tag-cinema","9":"tag-culture-loisirs","10":"tag-divertissement","11":"tag-edition-montceau-les-mines","12":"tag-entertainment","13":"tag-fil-info","14":"tag-films","15":"tag-fr","16":"tag-france","17":"tag-montceau-les-mines","18":"tag-movies","19":"tag-saone-et-loire"},"share_on_mastodon":{"url":"https:\/\/pubeurope.com\/@fr\/115646284634911114","error":""},"_links":{"self":[{"href":"https:\/\/www.europesays.com\/fr\/wp-json\/wp\/v2\/posts\/571689","targetHints":{"allow":["GET"]}}],"collection":[{"href":"https:\/\/www.europesays.com\/fr\/wp-json\/wp\/v2\/posts"}],"about":[{"href":"https:\/\/www.europesays.com\/fr\/wp-json\/wp\/v2\/types\/post"}],"author":[{"embeddable":true,"href":"https:\/\/www.europesays.com\/fr\/wp-json\/wp\/v2\/users\/2"}],"replies":[{"embeddable":true,"href":"https:\/\/www.europesays.com\/fr\/wp-json\/wp\/v2\/comments?post=571689"}],"version-history":[{"count":0,"href":"https:\/\/www.europesays.com\/fr\/wp-json\/wp\/v2\/posts\/571689\/revisions"}],"wp:featuredmedia":[{"embeddable":true,"href":"https:\/\/www.europesays.com\/fr\/wp-json\/wp\/v2\/media\/571690"}],"wp:attachment":[{"href":"https:\/\/www.europesays.com\/fr\/wp-json\/wp\/v2\/media?parent=571689"}],"wp:term":[{"taxonomy":"category","embeddable":true,"href":"https:\/\/www.europesays.com\/fr\/wp-json\/wp\/v2\/categories?post=571689"},{"taxonomy":"post_tag","embeddable":true,"href":"https:\/\/www.europesays.com\/fr\/wp-json\/wp\/v2\/tags?post=571689"}],"curies":[{"name":"wp","href":"https:\/\/api.w.org\/{rel}","templated":true}]}}