{"id":571695,"date":"2025-12-01T20:52:16","date_gmt":"2025-12-01T20:52:16","guid":{"rendered":"https:\/\/www.europesays.com\/fr\/571695\/"},"modified":"2025-12-01T20:52:16","modified_gmt":"2025-12-01T20:52:16","slug":"cyril-feraud-elle-va-mengueuler-rare-confidence-sur-sa-vie-privee","status":"publish","type":"post","link":"https:\/\/www.europesays.com\/fr\/571695\/","title":{"rendered":"Cyril F\u00e9raud : \u00ab\u00a0Elle va m&rsquo;engueuler&#8230;\u00a0\u00bb, rare confidence sur sa vie priv\u00e9e"},"content":{"rendered":"<p class=\"p1\"><a href=\"https:\/\/www.closermag.fr\/people\/cyril-feraud-papa-il-devoile-une-des-premieres-choses-que-son-fils-tim-a-appris-a-faire-et-cest-etonnant-3582930\" target=\"_blank\" rel=\"noopener\"><br \/>\nCyril F\u00e9raud compte parmi les visages embl\u00e9matiques de France<br \/>\nT\u00e9l\u00e9visions.<\/a> Apr\u00e8s avoir pr\u00e9sent\u00e9 le Loto sur la Deux,<br \/>\nl&rsquo;animateur a associ\u00e9 son nom \u00e0 <strong>un jeu tr\u00e8s populaire de la<br \/>\nTrois, Slam<\/strong>. On le conna\u00eet \u00e9galement sous le pseudonyme de<br \/>\n<strong>Cyril Gossbo dans Fort Boyard<\/strong>. France 2 lui a<br \/>\nr\u00e9cemment confi\u00e9 l&rsquo;animation de deux programmes, 100%<br \/>\nlogique\u00a0: entra\u00eenez-vous et\u00a0Intuition, qui sera le plus<br \/>\nproche ?<\/p>\n<p class=\"p1\">S&rsquo;il est m\u00e9diatiquement tr\u00e8s expos\u00e9, Cyril F\u00e9raud<br \/>\nveille \u00e0 <strong>cultiver le secret sur sa vie priv\u00e9e<\/strong>. On<br \/>\nne sait d&rsquo;ailleurs pas grand chose sur l&rsquo;existence qu&rsquo;il m\u00e8ne hors<br \/>\ndes plateaux de t\u00e9l\u00e9vision. Tout au plus que <strong>son premier<br \/>\nenfant, un gar\u00e7onnet pr\u00e9nomm\u00e9 Tim<\/strong>, a vu le jour au mois de<br \/>\njuillet 2024.<\/p>\n<p>Cyril F\u00e9raud : ces personnes qui l&rsquo;ont aid\u00e9 dans<br \/>\nl&rsquo;adversit\u00e9<\/p>\n<p class=\"p1\">La famille occupe une place centrale dans la vie<br \/>\npriv\u00e9e sur <a href=\"https:\/\/www.closermag.fr\/tv_tele_realite\/laurent-luyat-parrain-gaga-tres-emu-il-se-confie-sur-son-amitie-avec-cyril-feraud-quil-considere-comme-son-frere-3525556\" target=\"_blank\" rel=\"noopener\"><br \/>\nle camarade de Laurent Luyat<\/a>. D&rsquo;autant<br \/>\nplus dans les \u00e9preuves difficiles comme <strong>la perte de son<br \/>\np\u00e8re<\/strong> qui a \u00e9t\u00e9 particuli\u00e8rement compliqu\u00e9e \u00e0 surmonter.<br \/>\n\u00ab\u00a0<strong>Mon m\u00e9tier et les t\u00e9l\u00e9spectateurs m&rsquo;ont \u00e9norm\u00e9ment<br \/>\naid\u00e9\u00a0dans cette p\u00e9riode<\/strong> qui a \u00e9t\u00e9 la pire de ma<br \/>\nvie\u00a0\u00bb, confie-t-il dans une interview accord\u00e9e au magazine<br \/>\nNous Deux.<\/p>\n<p class=\"p1\">Cette famille dont il se sent si proche l&rsquo;aide \u00e0 ne<br \/>\npas prendre la grosse t\u00eate. \u00ab\u00a0La r\u00e9ponse est pour moiti\u00e9 dans<br \/>\nmon \u00e9ducation. <strong>Ma famille<\/strong>, chez qui je retourne<br \/>\nr\u00e9guli\u00e8rement, <strong>n&rsquo;accepterait pas que je prenne le<br \/>\nmelon<\/strong>\u00ab\u00a0, pr\u00e9cisait-il en 2015. Un an plus tard,<br \/>\nl&rsquo;animateur r\u00e9v\u00e9lait au public le visage d&rsquo;une personne de la plus<br \/>\nhaute importance dans son entourage direct.<\/p>\n<p>Cyril F\u00e9raud : cette femme qui<br \/>\ncompte beaucoup dans sa vie priv\u00e9e<\/p>\n<p class=\"p1\">En janvier 2016, le futur papa de Tim pr\u00e9sentait \u00e0<br \/>\ndes millions de Fran\u00e7ais sa grand-m\u00e8re. <strong>\u00ab\u00a0Je voudrais<br \/>\nvous pr\u00e9senter ma mamie\u00a0Simone\u00a0\u00bb<\/strong>, avait-il<br \/>\nannonc\u00e9 sur le plateau de Slam. Les cam\u00e9ras s&rsquo;\u00e9taient alors<br \/>\nbraqu\u00e9es sur sa grand-m\u00e8re dans le public. \u00ab\u00a0Mamie Simone\u00a0\u00bb avait<br \/>\nensuite rejoint son petit fils en plateau.<\/p>\n<p class=\"p1\">\u00ab\u00a0Regarde comme t&rsquo;es mignonne\u00a0\u00bb, avait l\u00e2ch\u00e9<br \/>\nCyril F\u00e9raud, particuli\u00e8rement \u00e9mu. <strong>Sa grand-m\u00e8re avait<br \/>\nsembl\u00e9 intimid\u00e9e<\/strong> derri\u00e8re son sourire de fa\u00e7ade.<br \/>\n\u00ab\u00a0<strong>L\u00e0 je vais me faire engueuler<\/strong>, je peux vous<br \/>\nle dire, \u00e7a va \u00eatre : &lsquo;Oh <strong>je t&rsquo;avais dit de pas venir<br \/>\nme chercher !<\/strong>&lsquo;\u00a0\u00bb, avait plaisant\u00e9 son petit-fils.<br \/>\nEt d&rsquo;ajouter dans Gala \u00e0 son propos : \u00ab\u00a0Elle m&rsquo;appelle<br \/>\npour me dire qu&rsquo;elle n&rsquo;aime pas mes\u00a0<a href=\"https:\/\/www.ohmymag.com\/news\/television\/koh-lanta-comment-fait-denis-brogniart-pour-toujours-avoir-des-chemises-impeccables_art146163.html\" target=\"_blank\" rel=\"noopener\">chemises<\/a>,<br \/>\nque je suis mal coiff\u00e9, que je devrais mettre plus souvent des<br \/>\ncostumes !\u00a0\u00bb. Une relation plac\u00e9e sous le signe de la<br \/>\ncomplicit\u00e9 et de la tendresse.<\/p>\n","protected":false},"excerpt":{"rendered":"Cyril F\u00e9raud compte parmi les visages embl\u00e9matiques de France T\u00e9l\u00e9visions. Apr\u00e8s avoir pr\u00e9sent\u00e9 le Loto sur la Deux,&hellip;\n","protected":false},"author":2,"featured_media":571696,"comment_status":"","ping_status":"","sticky":false,"template":"","format":"standard","meta":{"footnotes":""},"categories":[8],"tags":[21303,4642,58,59,1011,27,65861],"class_list":{"0":"post-571695","1":"post","2":"type-post","3":"status-publish","4":"format-standard","5":"has-post-thumbnail","7":"category-divertissement","8":"tag-buzz_nonli","9":"tag-cyril-feraud","10":"tag-divertissement","11":"tag-entertainment","12":"tag-fr","13":"tag-france","14":"tag-trend"},"share_on_mastodon":{"url":"https:\/\/pubeurope.com\/@fr\/115646296560906078","error":""},"_links":{"self":[{"href":"https:\/\/www.europesays.com\/fr\/wp-json\/wp\/v2\/posts\/571695","targetHints":{"allow":["GET"]}}],"collection":[{"href":"https:\/\/www.europesays.com\/fr\/wp-json\/wp\/v2\/posts"}],"about":[{"href":"https:\/\/www.europesays.com\/fr\/wp-json\/wp\/v2\/types\/post"}],"author":[{"embeddable":true,"href":"https:\/\/www.europesays.com\/fr\/wp-json\/wp\/v2\/users\/2"}],"replies":[{"embeddable":true,"href":"https:\/\/www.europesays.com\/fr\/wp-json\/wp\/v2\/comments?post=571695"}],"version-history":[{"count":0,"href":"https:\/\/www.europesays.com\/fr\/wp-json\/wp\/v2\/posts\/571695\/revisions"}],"wp:featuredmedia":[{"embeddable":true,"href":"https:\/\/www.europesays.com\/fr\/wp-json\/wp\/v2\/media\/571696"}],"wp:attachment":[{"href":"https:\/\/www.europesays.com\/fr\/wp-json\/wp\/v2\/media?parent=571695"}],"wp:term":[{"taxonomy":"category","embeddable":true,"href":"https:\/\/www.europesays.com\/fr\/wp-json\/wp\/v2\/categories?post=571695"},{"taxonomy":"post_tag","embeddable":true,"href":"https:\/\/www.europesays.com\/fr\/wp-json\/wp\/v2\/tags?post=571695"}],"curies":[{"name":"wp","href":"https:\/\/api.w.org\/{rel}","templated":true}]}}