{"id":571697,"date":"2025-12-01T20:53:18","date_gmt":"2025-12-01T20:53:18","guid":{"rendered":"https:\/\/www.europesays.com\/fr\/571697\/"},"modified":"2025-12-01T20:53:18","modified_gmt":"2025-12-01T20:53:18","slug":"ce-rover-europeen-partira-chercher-la-vie-sur-mars-en-2028","status":"publish","type":"post","link":"https:\/\/www.europesays.com\/fr\/571697\/","title":{"rendered":"ce rover europ\u00e9en partira chercher la vie sur Mars en 2028"},"content":{"rendered":"<p>Rest\u00e9 sans mission depuis 2022, le rover europ\u00e9en Rosalind Franklin va enfin d\u00e9coller vers Mars. Initialement pr\u00e9vu avec la Russie, son envol sera rendu possible gr\u00e2ce au soutien de la Nasa. Une relance historique pour un robot con\u00e7u pour trouver la vie sous la surface martienne.<\/p>\n<p><img fetchpriority=\"high\" decoding=\"async\" width=\"1024\" height=\"576\" src=\"https:\/\/www.europesays.com\/fr\/wp-content\/uploads\/2025\/12\/abandonne-par-la-russie-sauve-par-la-nasa-1024x576.webp.webp\" alt=\"Rover de l\u2019ESA en pr\u00e9paration dans un hangar avec des ing\u00e9nieurs, et fus\u00e9e Ariane pr\u00eate au lancement au coucher du soleil\" class=\"wp-image-997785\" style=\"width:840px;height:auto\"  \/>Des ing\u00e9nieurs pr\u00e9parent un rover de l\u2019ESA pour sa mission, tandis que la fus\u00e9e Ariane se tient pr\u00eate \u00e0 d\u00e9coller dans la lumi\u00e8re du cr\u00e9puscule. \u2013 DailyGeekShow.com \/ Image Illustration<\/p>\n<p>Comment la guerre en Ukraine a mis fin au partenariat russo-europ\u00e9en et stopp\u00e9 net la mission ExoMars<\/p>\n<p>En <strong>2022<\/strong>, l\u2019<strong>invasion de l\u2019Ukraine<\/strong> par la <strong>Russie<\/strong> a provoqu\u00e9 la fin du <strong>partenariat entre l\u2019ESA et Roscosmos<\/strong>. \u00c0 l\u2019origine, le rover <strong>Rosalind Franklin<\/strong> devait d\u00e9coller \u00e0 bord d\u2019une <strong>fus\u00e9e russe<\/strong> et atterrir avec un <strong>module russe<\/strong>. Ce sc\u00e9nario n\u2019a finalement jamais eu lieu.<\/p>\n<p>Lire aussi <a href=\"https:\/\/dailygeekshow.com\/second-noyau-ceinture-de-kuiper-decouverte-systeme-solaire\/\" target=\"_blank\" rel=\"noopener\">Syst\u00e8me solaire : une structure inattendue d\u00e9couverte dans la ceinture de Kuiper<\/a><\/p>\n<p>Face \u00e0 cette rupture brutale, l\u2019<strong>ESA<\/strong> a mis la <a href=\"https:\/\/dailygeekshow.com\/mission-spatiale-esa-pause\/\" target=\"_blank\" rel=\"noopener\">mission <strong>ExoMars<\/strong><\/a> en pause. Pourtant, l\u2019agence ne s\u2019est pas r\u00e9sign\u00e9e. Apr\u00e8s plusieurs mois de n\u00e9gociations, elle a trouv\u00e9 un soutien d\u00e9cisif en la <strong>Nasa<\/strong>, relan\u00e7ant ainsi un projet scientifique majeur pour l\u2019Europe spatiale.<\/p>\n<p>Ce que le rover Rosalind Franklin embarque pour rechercher des traces de vie sous la surface de Mars<\/p>\n<p>Le rover <strong>Rosalind Franklin<\/strong> constitue un <strong>v\u00e9ritable laboratoire roulant<\/strong>. Il peut <strong>forer jusqu\u2019\u00e0 deux m\u00e8tres<\/strong> sous la surface martienne, une prouesse technologique in\u00e9dite. Gr\u00e2ce \u00e0 cette capacit\u00e9, il vise \u00e0 atteindre des zones prot\u00e9g\u00e9es du rayonnement, l\u00e0 o\u00f9 la vie aurait pu subsister.<\/p>\n<p>Il embarque le <strong>MOMA<\/strong>, un <strong>analyseur de mol\u00e9cules organiques<\/strong>, un <strong>radar de subsurface<\/strong> et un <strong>spectrom\u00e8tre de masse<\/strong>. Ces outils permettront au rover de r\u00e9aliser une <strong>analyse pouss\u00e9e des \u00e9chantillons martiens<\/strong>. Ainsi, il pourra d\u00e9tecter d\u2019\u00e9ventuelles <strong>biosignatures<\/strong> sans attendre un retour sur Terre.<\/p>\n<p>Lire aussi <a href=\"https:\/\/dailygeekshow.com\/pourquoi-la-chine-a-lance-un-vaisseau-fantome-vers-sa-station-spatiale-et-ce-que-cela-revele-sur-un-probleme-critique\/\" target=\"_blank\" rel=\"noopener\">Pourquoi la Chine a lanc\u00e9 un vaisseau fant\u00f4me vers sa station spatiale et ce que cela r\u00e9v\u00e8le sur un probl\u00e8me critique ?<\/a><\/p>\n<p>La Nasa offre un nouveau souffle \u00e0 la mission : lanceur, chauffage et calendrier revu pour 2028<\/p>\n<p>La <strong>Nasa<\/strong> s\u2019est engag\u00e9e \u00e0 fournir plusieurs \u00e9l\u00e9ments cl\u00e9s : un <strong>lanceur<\/strong>, un <strong>syst\u00e8me d\u2019atterrissage<\/strong> et un <strong>chauffage radio-isotopique<\/strong>. Ce soutien logistique et technique permet \u00e0 l\u2019<strong>ESA<\/strong> de r\u00e9activer concr\u00e8tement la mission <strong>ExoMars<\/strong>.<\/p>\n<p>Le nouveau calendrier pr\u00e9voit un <strong>lancement en 2028<\/strong> et une <strong>arriv\u00e9e sur Mars en 2030<\/strong>. Ce d\u00e9lai suppl\u00e9mentaire s\u2019av\u00e8re utile. Il offre aux ing\u00e9nieurs le temps n\u00e9cessaire pour adapter les syst\u00e8mes du rover aux nouvelles conditions de mission, tout en renfor\u00e7ant la coop\u00e9ration transatlantique.<\/p>\n<p>Une mission europ\u00e9enne \u00e0 haute valeur symbolique qui ambitionne de percer le myst\u00e8re de la vie martienne<\/p>\n<p>Avec <strong>Rosalind Franklin<\/strong>, l\u2019<strong>Europe<\/strong> compte bien rattraper son retard dans l\u2019<a href=\"https:\/\/dailygeekshow.com\/un-rover-facon-mars-revele-23-km-de-galeries-etrusques-sous-veies-une-exploration-archeologique-jamais-vue-en-italie\/\" target=\"_blank\" rel=\"noopener\">exploration martienne<\/a>. Ce rover repr\u00e9sente une premi\u00e8re pour le continent. Il symbolise \u00e9galement une volont\u00e9 de s\u2019affirmer sur la sc\u00e8ne spatiale face aux \u00c9tats-Unis, \u00e0 la Chine ou encore \u00e0 l\u2019Inde.<\/p>\n<p>Lire aussi <a href=\"https:\/\/dailygeekshow.com\/350-millions-dannees-apres-le-big-bang-un-trou-noir-supermassif-surgit-et-seme-le-doute-chez-les-cosmologistes\/\" target=\"_blank\" rel=\"noopener\">350 millions d\u2019ann\u00e9es apr\u00e8s le Big Bang, un trou noir supermassif surgit et s\u00e8me le doute chez les cosmologistes<\/a><\/p>\n<p>Plus qu\u2019un exploit technique, ce projet refl\u00e8te une <strong>ambition scientifique renouvel\u00e9e<\/strong>. En cherchant des <strong><a href=\"https:\/\/dailygeekshow.com\/ancienne-vie-rubis\/\" target=\"_blank\" rel=\"noopener\">traces de vie ancienne<\/a><\/strong>, l\u2019Europe pourrait contribuer de mani\u00e8re d\u00e9cisive \u00e0 l\u2019une des plus grandes questions de notre \u00e9poque : sommes-nous seuls dans l\u2019univers ?<\/p>\n<p>Enfin, cette mission marque le retour d\u2019une <strong>coop\u00e9ration spatiale forte<\/strong> entre l\u2019<strong>ESA<\/strong> et la <strong>Nasa<\/strong>. Ensemble, elles ouvrent une nouvelle page de l\u2019exploration plan\u00e9taire, avec une port\u00e9e aussi bien scientifique que strat\u00e9gique.<\/p>\n","protected":false},"excerpt":{"rendered":"Rest\u00e9 sans mission depuis 2022, le rover europ\u00e9en Rosalind Franklin va enfin d\u00e9coller vers Mars. Initialement pr\u00e9vu avec&hellip;\n","protected":false},"author":2,"featured_media":571698,"comment_status":"","ping_status":"","sticky":false,"template":"","format":"standard","meta":{"footnotes":""},"categories":[7],"tags":[68659,68656,1011,27,68657,43,40,41,39,42,44,68658],"class_list":{"0":"post-571697","1":"post","2":"type-post","3":"status-publish","4":"format-standard","5":"has-post-thumbnail","7":"category-sciences-et-technologies","8":"tag-cooperation-spatiale","9":"tag-exomars","10":"tag-fr","11":"tag-france","12":"tag-rosalind-franklin","13":"tag-science","14":"tag-science-and-technology","15":"tag-sciences","16":"tag-sciences-et-technologies","17":"tag-technologies","18":"tag-technology","19":"tag-vie-sur-mars"},"share_on_mastodon":{"url":"https:\/\/pubeurope.com\/@fr\/115646301406886125","error":""},"_links":{"self":[{"href":"https:\/\/www.europesays.com\/fr\/wp-json\/wp\/v2\/posts\/571697","targetHints":{"allow":["GET"]}}],"collection":[{"href":"https:\/\/www.europesays.com\/fr\/wp-json\/wp\/v2\/posts"}],"about":[{"href":"https:\/\/www.europesays.com\/fr\/wp-json\/wp\/v2\/types\/post"}],"author":[{"embeddable":true,"href":"https:\/\/www.europesays.com\/fr\/wp-json\/wp\/v2\/users\/2"}],"replies":[{"embeddable":true,"href":"https:\/\/www.europesays.com\/fr\/wp-json\/wp\/v2\/comments?post=571697"}],"version-history":[{"count":0,"href":"https:\/\/www.europesays.com\/fr\/wp-json\/wp\/v2\/posts\/571697\/revisions"}],"wp:featuredmedia":[{"embeddable":true,"href":"https:\/\/www.europesays.com\/fr\/wp-json\/wp\/v2\/media\/571698"}],"wp:attachment":[{"href":"https:\/\/www.europesays.com\/fr\/wp-json\/wp\/v2\/media?parent=571697"}],"wp:term":[{"taxonomy":"category","embeddable":true,"href":"https:\/\/www.europesays.com\/fr\/wp-json\/wp\/v2\/categories?post=571697"},{"taxonomy":"post_tag","embeddable":true,"href":"https:\/\/www.europesays.com\/fr\/wp-json\/wp\/v2\/tags?post=571697"}],"curies":[{"name":"wp","href":"https:\/\/api.w.org\/{rel}","templated":true}]}}