{"id":571701,"date":"2025-12-01T20:55:21","date_gmt":"2025-12-01T20:55:21","guid":{"rendered":"https:\/\/www.europesays.com\/fr\/571701\/"},"modified":"2025-12-01T20:55:21","modified_gmt":"2025-12-01T20:55:21","slug":"larmee-devrait-compter-dici-fin-decembre-sur-un-nouveau-systeme-laser-antiaerien","status":"publish","type":"post","link":"https:\/\/www.europesays.com\/fr\/571701\/","title":{"rendered":"l\u2019arm\u00e9e devrait compter d\u2019ici fin d\u00e9cembre sur un nouveau syst\u00e8me laser antia\u00e9rien"},"content":{"rendered":"<p>\n    Lors de la guerre de 12 jours en juin lanc\u00e9e par Isra\u00ebl contre l\u2019Iran, la d\u00e9fense antimissile isra\u00e9lienne n\u2019\u00e9tait pas parvenue \u00e0 intercepter tous les projectiles lanc\u00e9s par la R\u00e9publique islamique en direction du territoire isra\u00e9lien.<\/p>\n<p class=\"fig-paragraph\">Le minist\u00e8re de la D\u00e9fense\u00a0<a href=\"http:\/\/www.lefigaro.fr\/international\/demande-de-grace-de-benyamin-netanyahou-le-president-israelien-isaac-herzog-affirme-qu-il-ne-tiendra-compte-que-du-bien-de-l-etat-20251201\" data-fig-type=\"NewsFlash\" data-gtm-custom-categorie=\"navigation\" data-gtm-custom-action=\"crossclick\" data-gtm-custom-label=\"Contextuel\" data-gtm-event=\"customEventSPE\" data-fig-domain=\"LEFIGARO\" target=\"_blank\" rel=\"noopener\">isra\u00e9lien\u00a0<\/a>a annonc\u00e9 lundi la fin du d\u00e9veloppement de son projet \u00abIron Beam\u00bb, syst\u00e8me laser de d\u00e9fense antia\u00e9rienne cens\u00e9 selon lui \u00abchanger\u00bb la donne \u00absur le champ de bataille\u00bb et entrer en usage \u00e0 partir de la fin du mois de d\u00e9cembre.<\/p>\n<p class=\"fig-paragraph\">Cette annonce survient sur fond de tensions croissantes avec le\u00a0<a href=\"http:\/\/www.lefigaro.fr\/vox\/societe\/l-editorial-d-etienne-de-montety-le-pape-leon-xiv-en-turquie-et-au-liban-la-voie-de-la-petitesse-20251130\" data-fig-type=\"Article\" data-gtm-custom-categorie=\"navigation\" data-gtm-custom-action=\"crossclick\" data-gtm-custom-label=\"Contextuel\" data-gtm-event=\"customEventSPE\" data-fig-domain=\"LEFIGARO\" target=\"_blank\" rel=\"noopener\">Liban\u00a0<\/a>voisin, o\u00f9 l&rsquo;arm\u00e9e isra\u00e9lienne a multipli\u00e9 les frappes ces derni\u00e8res semaines contre ce qu&rsquo;elle pr\u00e9sente comme des installations ou des membres du mouvement islamiste\u00a0<a href=\"http:\/\/www.lefigaro.fr\/international\/le-hezbollah-exhorte-le-pape-a-rejeter-l-agression-israelienne-lors-de-sa-visite-au-liban-20251129\" data-fig-type=\"NewsFlash\" data-gtm-custom-categorie=\"navigation\" data-gtm-custom-action=\"crossclick\" data-gtm-custom-label=\"Contextuel\" data-gtm-event=\"customEventSPE\" data-fig-domain=\"LEFIGARO\" target=\"_blank\" rel=\"noopener\">Hezbollah<\/a>, qu&rsquo;elle accuse de se r\u00e9armer dans le sud du pays en violation du cessez-le-feu entr\u00e9 en vigueur il y a un an.<\/p>\n<p>                                            <a class=\"fig-a11y-skip\" href=\"#fig-a11y-skip-main-inarticle\" data-module=\"a11y-skip\" data-context=\"was @visible\"><br \/>\n    Passer la publicit\u00e9<br \/>\n<\/a>            <\/p>\n<p>                                            \u00abChanger fondamentalement les r\u00e8gles d\u2019engagement sur le champ de bataille\u00bb<\/p>\n<p class=\"fig-paragraph\">\u00abLe syst\u00e8me laser Iron Beam devrait changer fondamentalement les r\u00e8gles d&rsquo;engagement sur le champ de bataille\u00bb, a d\u00e9clar\u00e9 Daniel Gold, chef de la direction de la recherche et du d\u00e9veloppement du minist\u00e8re, lors d&rsquo;un salon consacr\u00e9 \u00e0 la d\u00e9fense \u00e0 Tel-Aviv. \u00abUn programme de tests complet ayant valid\u00e9 les capacit\u00e9s du syst\u00e8me, nous sommes pr\u00eats \u00e0 fournir une capacit\u00e9 op\u00e9rationnelle initiale aux [forces arm\u00e9es isra\u00e9liennes] le 30 d\u00e9cembre 2025\u00bb, a ajout\u00e9 ce g\u00e9n\u00e9ral de r\u00e9serve, selon un communiqu\u00e9 du minist\u00e8re rapportant ses propos.<\/p>\n<p class=\"fig-paragraph\">Interrog\u00e9 par l&rsquo;AFP sur ce que pourrait \u00eatre cette \u00abcapacit\u00e9 op\u00e9rationnelle initiale\u00bb, le minist\u00e8re de la D\u00e9fense a refus\u00e9 de donner plus d&rsquo;informations. L&rsquo;annonce du minist\u00e8re marque une \u00e9tape majeure dans un projet vieux de plus de dix ans d\u00e9velopp\u00e9 conjointement avec la soci\u00e9t\u00e9 publique d&rsquo;armement Rafael et le groupe de d\u00e9fense priv\u00e9 isra\u00e9lien Elbit Systems.<\/p>\n<p>                                            \u00abLaser de haute puissance\u00bb<\/p>\n<p class=\"fig-paragraph\">Concr\u00e8tement, \u00abIron Beam est un syst\u00e8me de d\u00e9fense a\u00e9rienne au sol utilisant un laser de haute puissance, con\u00e7u pour contrer les menaces a\u00e9riennes telles que les roquettes, les mortiers et les drones\u00bb pour un co\u00fbt \u00abn\u00e9gligeable\u00bb, assure la soci\u00e9t\u00e9 Rafael dans un communiqu\u00e9. \u00abIron Beam\u00bb (\u00abRayon de fer\u00bb) doit venir compl\u00e9ter le syst\u00e8me de d\u00e9fense antia\u00e9rienne isra\u00e9lien multicouche, d\u00e9j\u00e0 constitu\u00e9 des syst\u00e8mes \u00abD\u00f4me de Fer\u00bb, \u00abFronde de David\u00bb et \u00abHetz\u00bb (\u00abFl\u00e8che\u00bb en h\u00e9breu) permettant d&rsquo;intercepter des projectiles allant de la roquette de courte port\u00e9e au missile de longue port\u00e9e \u00e9voluant en dehors de l&rsquo;atmosph\u00e8re.<\/p>\n<p class=\"fig-paragraph\">Lors de la guerre de 12 jours en juin lanc\u00e9e par Isra\u00ebl contre l&rsquo;Iran, la d\u00e9fense antimissile isra\u00e9lienne n&rsquo;\u00e9tait cependant pas parvenue \u00e0 intercepter tous les projectiles lanc\u00e9s par la R\u00e9publique islamique en direction du territoire isra\u00e9lien. \u00c0 l\u2019issue des hostilit\u00e9s, Isra\u00ebl avait reconnu plus de 50 impacts de missiles iraniens ayant fait au total 28 morts.<\/p>\n","protected":false},"excerpt":{"rendered":"Lors de la guerre de 12 jours en juin lanc\u00e9e par Isra\u00ebl contre l\u2019Iran, la d\u00e9fense antimissile isra\u00e9lienne&hellip;\n","protected":false},"author":2,"featured_media":571702,"comment_status":"","ping_status":"","sticky":false,"template":"","format":"standard","meta":{"footnotes":""},"categories":[5],"tags":[11,1813,1011,27,14,664,12,28],"class_list":{"0":"post-571701","1":"post","2":"type-post","3":"status-publish","4":"format-standard","5":"has-post-thumbnail","7":"category-international","8":"tag-actualites","9":"tag-armee","10":"tag-fr","11":"tag-france","12":"tag-international","13":"tag-israel","14":"tag-news","15":"tag-world"},"share_on_mastodon":{"url":"https:\/\/pubeurope.com\/@fr\/115646308361775852","error":""},"_links":{"self":[{"href":"https:\/\/www.europesays.com\/fr\/wp-json\/wp\/v2\/posts\/571701","targetHints":{"allow":["GET"]}}],"collection":[{"href":"https:\/\/www.europesays.com\/fr\/wp-json\/wp\/v2\/posts"}],"about":[{"href":"https:\/\/www.europesays.com\/fr\/wp-json\/wp\/v2\/types\/post"}],"author":[{"embeddable":true,"href":"https:\/\/www.europesays.com\/fr\/wp-json\/wp\/v2\/users\/2"}],"replies":[{"embeddable":true,"href":"https:\/\/www.europesays.com\/fr\/wp-json\/wp\/v2\/comments?post=571701"}],"version-history":[{"count":0,"href":"https:\/\/www.europesays.com\/fr\/wp-json\/wp\/v2\/posts\/571701\/revisions"}],"wp:featuredmedia":[{"embeddable":true,"href":"https:\/\/www.europesays.com\/fr\/wp-json\/wp\/v2\/media\/571702"}],"wp:attachment":[{"href":"https:\/\/www.europesays.com\/fr\/wp-json\/wp\/v2\/media?parent=571701"}],"wp:term":[{"taxonomy":"category","embeddable":true,"href":"https:\/\/www.europesays.com\/fr\/wp-json\/wp\/v2\/categories?post=571701"},{"taxonomy":"post_tag","embeddable":true,"href":"https:\/\/www.europesays.com\/fr\/wp-json\/wp\/v2\/tags?post=571701"}],"curies":[{"name":"wp","href":"https:\/\/api.w.org\/{rel}","templated":true}]}}