{"id":57171,"date":"2025-04-27T16:06:09","date_gmt":"2025-04-27T16:06:09","guid":{"rendered":"https:\/\/www.europesays.com\/fr\/57171\/"},"modified":"2025-04-27T16:06:09","modified_gmt":"2025-04-27T16:06:09","slug":"rhone-humour-xxl-zaho-de-sagazan-symphonique-sur-les-scenes-de-la-metropole-lyonnaise-cette-semaine","status":"publish","type":"post","link":"https:\/\/www.europesays.com\/fr\/57171\/","title":{"rendered":"Rh\u00f4ne. Humour XXL, Zaho de Sagazan symphonique\u2026 sur les sc\u00e8nes de la M\u00e9tropole lyonnaise cette semaine"},"content":{"rendered":"<p>                    Un rire incisif et satirique avec Waly Dia<\/p>\n<p>Il a quitt\u00e9 France Inter apr\u00e8s l\u2019arr\u00eat de l\u2019\u00e9mission Le Grand Dimanche soir pour diss\u00e9quer l\u2019actualit\u00e9 sur Mediapart. Mais l\u2019humoriste, originaire de Grenoble, ne peut pas se passer de la sc\u00e8ne. Il investit celle de la Halle Tony-Garnier \u00e0 Lyon ce mercredi 30\u00a0avril. Avec son spectacle \u00ab\u00a0Une heure \u00e0 tuer\u00a0\u00bb, on peut compter sur lui <a href=\"https:\/\/www.leprogres.fr\/culture-loisirs\/2025\/04\/22\/waly-dia-on-peut-divertir-avec-des-trucs-tres-serieux\" target=\"_blank\" rel=\"nofollow noopener\">pour n\u2019\u00e9pargner personne<\/a> , surtout les puissants et les d\u00e9rives de notre soci\u00e9t\u00e9. Avec son humour incisif, il m\u00e9lange politique, satire sociale, r\u00e9flexions personnelles et observations piquantes sur le quotidien.<\/p>\n<p class=\"note\">Halle Tony-Garnier, mercredi&#8230;<\/p>\n","protected":false},"excerpt":{"rendered":"Un rire incisif et satirique avec Waly Dia Il a quitt\u00e9 France Inter apr\u00e8s l\u2019arr\u00eat de l\u2019\u00e9mission Le&hellip;\n","protected":false},"author":2,"featured_media":57172,"comment_status":"","ping_status":"","sticky":false,"template":"","format":"standard","meta":{"footnotes":""},"categories":[1889],"tags":[1111,11,2430,1687,2757,1777,674,107,1011,27,2428,873,12,25,2429,3140],"class_list":{"0":"post-57171","1":"post","2":"type-post","3":"status-publish","4":"format-standard","5":"has-post-thumbnail","7":"category-lyon","8":"tag-actu","9":"tag-actualites","10":"tag-auvergne-rhone-alpes","11":"tag-culture-loisirs","12":"tag-edition-lyon-villeurbanne","13":"tag-eu","14":"tag-europe","15":"tag-fil-info","16":"tag-fr","17":"tag-france","18":"tag-lyon","19":"tag-musique","20":"tag-news","21":"tag-republique-francaise","22":"tag-rhone","23":"tag-spectacle"},"share_on_mastodon":{"url":"https:\/\/pubeurope.com\/@fr\/114410788153105430","error":""},"_links":{"self":[{"href":"https:\/\/www.europesays.com\/fr\/wp-json\/wp\/v2\/posts\/57171","targetHints":{"allow":["GET"]}}],"collection":[{"href":"https:\/\/www.europesays.com\/fr\/wp-json\/wp\/v2\/posts"}],"about":[{"href":"https:\/\/www.europesays.com\/fr\/wp-json\/wp\/v2\/types\/post"}],"author":[{"embeddable":true,"href":"https:\/\/www.europesays.com\/fr\/wp-json\/wp\/v2\/users\/2"}],"replies":[{"embeddable":true,"href":"https:\/\/www.europesays.com\/fr\/wp-json\/wp\/v2\/comments?post=57171"}],"version-history":[{"count":0,"href":"https:\/\/www.europesays.com\/fr\/wp-json\/wp\/v2\/posts\/57171\/revisions"}],"wp:featuredmedia":[{"embeddable":true,"href":"https:\/\/www.europesays.com\/fr\/wp-json\/wp\/v2\/media\/57172"}],"wp:attachment":[{"href":"https:\/\/www.europesays.com\/fr\/wp-json\/wp\/v2\/media?parent=57171"}],"wp:term":[{"taxonomy":"category","embeddable":true,"href":"https:\/\/www.europesays.com\/fr\/wp-json\/wp\/v2\/categories?post=57171"},{"taxonomy":"post_tag","embeddable":true,"href":"https:\/\/www.europesays.com\/fr\/wp-json\/wp\/v2\/tags?post=57171"}],"curies":[{"name":"wp","href":"https:\/\/api.w.org\/{rel}","templated":true}]}}