{"id":571710,"date":"2025-12-01T21:00:15","date_gmt":"2025-12-01T21:00:15","guid":{"rendered":"https:\/\/www.europesays.com\/fr\/571710\/"},"modified":"2025-12-01T21:00:15","modified_gmt":"2025-12-01T21:00:15","slug":"clementine-celarie-donne-le-ton-au-premier-prix-metropolitain","status":"publish","type":"post","link":"https:\/\/www.europesays.com\/fr\/571710\/","title":{"rendered":"Cl\u00e9mentine C\u00e9lari\u00e9 donne le ton au\u00a0premier Prix M\u00e9tropolitain"},"content":{"rendered":"<p>La m\u00e9tropole nanc\u00e9ienne a inaugur\u00e9 son Prix M\u00e9tropolitain du r\u00e9seau Stan, imagin\u00e9 avec Le Livre sur la Place, en distinguant David Lelait-Helo pour son roman \u00ab\u00a0Il \u00e9tait une femme \u00e9trange\u00a0\u00bb. Le troph\u00e9e, con\u00e7u par Alex Colin dans son atelier nanc\u00e9en Akko Wood, repr\u00e9sente l\u2019arbre du voyageur, symbole de la th\u00e9matique de cette rentr\u00e9e litt\u00e9raire d\u2019hiver. La lecture de Cl\u00e9mentine C\u00e9lari\u00e9 et la discussion avec l&rsquo;\u00e9ditrice H\u00e9lo\u00efse d\u2019Ormesson, anim\u00e9e par Sarah Polacci, ont marqu\u00e9 cette premi\u00e8re remise de prix.<\/p>\n","protected":false},"excerpt":{"rendered":"La m\u00e9tropole nanc\u00e9ienne a inaugur\u00e9 son Prix M\u00e9tropolitain du r\u00e9seau Stan, imagin\u00e9 avec Le Livre sur la Place,&hellip;\n","protected":false},"author":2,"featured_media":571711,"comment_status":"","ping_status":"","sticky":false,"template":"","format":"standard","meta":{"footnotes":""},"categories":[9635],"tags":[1111,11,650,6211,1687,1704,1777,674,107,1011,27,2798,775,2410,1702,12,5486,25,37369],"class_list":{"0":"post-571710","1":"post","2":"type-post","3":"status-publish","4":"format-standard","5":"has-post-thumbnail","7":"category-nancy","8":"tag-actu","9":"tag-actualites","10":"tag-cinema","11":"tag-conference","12":"tag-culture-loisirs","13":"tag-edition-nancy-et-agglomeration","14":"tag-eu","15":"tag-europe","16":"tag-fil-info","17":"tag-fr","18":"tag-france","19":"tag-galerie-photo","20":"tag-grand-est","21":"tag-livres-bd","22":"tag-nancy","23":"tag-news","24":"tag-rencontre","25":"tag-republique-francaise","26":"tag-trophees"},"share_on_mastodon":{"url":"https:\/\/pubeurope.com\/@fr\/115646327912488372","error":""},"_links":{"self":[{"href":"https:\/\/www.europesays.com\/fr\/wp-json\/wp\/v2\/posts\/571710","targetHints":{"allow":["GET"]}}],"collection":[{"href":"https:\/\/www.europesays.com\/fr\/wp-json\/wp\/v2\/posts"}],"about":[{"href":"https:\/\/www.europesays.com\/fr\/wp-json\/wp\/v2\/types\/post"}],"author":[{"embeddable":true,"href":"https:\/\/www.europesays.com\/fr\/wp-json\/wp\/v2\/users\/2"}],"replies":[{"embeddable":true,"href":"https:\/\/www.europesays.com\/fr\/wp-json\/wp\/v2\/comments?post=571710"}],"version-history":[{"count":0,"href":"https:\/\/www.europesays.com\/fr\/wp-json\/wp\/v2\/posts\/571710\/revisions"}],"wp:featuredmedia":[{"embeddable":true,"href":"https:\/\/www.europesays.com\/fr\/wp-json\/wp\/v2\/media\/571711"}],"wp:attachment":[{"href":"https:\/\/www.europesays.com\/fr\/wp-json\/wp\/v2\/media?parent=571710"}],"wp:term":[{"taxonomy":"category","embeddable":true,"href":"https:\/\/www.europesays.com\/fr\/wp-json\/wp\/v2\/categories?post=571710"},{"taxonomy":"post_tag","embeddable":true,"href":"https:\/\/www.europesays.com\/fr\/wp-json\/wp\/v2\/tags?post=571710"}],"curies":[{"name":"wp","href":"https:\/\/api.w.org\/{rel}","templated":true}]}}