{"id":571714,"date":"2025-12-01T21:06:13","date_gmt":"2025-12-01T21:06:13","guid":{"rendered":"https:\/\/www.europesays.com\/fr\/571714\/"},"modified":"2025-12-01T21:06:13","modified_gmt":"2025-12-01T21:06:13","slug":"toulon-meteo-un-ciel-assez-nuageux-mardi-sur-la-provence-alpes-cote-dazur","status":"publish","type":"post","link":"https:\/\/www.europesays.com\/fr\/571714\/","title":{"rendered":"TOULON : M\u00e9t\u00e9o &#8211; Un ciel assez nuageux mardi sur la Provence-Alpes-C\u00f4te-d\u2019Azur"},"content":{"rendered":"<p><strong>Un ciel assez nuageux ce mardi sur la r\u00e9gion Provence-Alpes-C\u00f4te-d\u2019Azur, avec une perturbation qui progresse vers la M\u00e9diterran\u00e9e.<\/strong><\/p>\n<p>Le vent souffle de secteur sud-est jusqu\u2019\u00e0 45 km\/h. Les temp\u00e9ratures s\u2019\u00e9tablissent entre 1\u00b0 et 10\u00b0 au lever du jour. Cet apr\u00e8s-midi, 14\u00b0 pour\u00a0<strong data-end=\"569\" data-start=\"559\">Toulon<\/strong>,\u00a0<strong data-end=\"585\" data-start=\"571\">La Valette<\/strong>,\u00a0<strong data-end=\"603\" data-start=\"587\">Carqueiranne<\/strong>,\u00a0<strong data-end=\"615\" data-start=\"605\">Hy\u00e8res<\/strong>,\u00a0<strong data-end=\"629\" data-start=\"617\">La Londe<\/strong>\u00a0et\u00a0<strong data-end=\"648\" data-start=\"633\">Le Lavandou<\/strong>, \u00e9galement 14\u00b0 vers\u00a0<strong data-end=\"679\" data-start=\"669\">Bandol<\/strong>,\u00a0<strong data-end=\"694\" data-start=\"681\">Saint-Cyr<\/strong>,\u00a0<strong data-end=\"709\" data-start=\"696\">La Ciotat<\/strong>\u00a0et\u00a0<strong data-end=\"724\" data-start=\"713\">Carnoux<\/strong>. On attend 13\u00b0 sur\u00a0<strong data-end=\"757\" data-start=\"744\">Marseille<\/strong>,\u00a0<strong data-end=\"773\" data-start=\"759\">Roquevaire<\/strong>,\u00a0<strong data-end=\"786\" data-start=\"775\">Aubagne<\/strong>,\u00a0<strong data-end=\"799\" data-start=\"788\">Cabri\u00e8s<\/strong>\u00a0et\u00a0<strong data-end=\"814\" data-start=\"803\">Avignon<\/strong>, 12\u00b0 \u00e0\u00a0<strong data-end=\"829\" data-start=\"822\">Aix<\/strong>,\u00a0<strong data-end=\"847\" data-start=\"831\">Port-de-Bouc<\/strong>\u00a0et\u00a0<strong data-end=\"864\" data-start=\"851\">Marignane<\/strong>, 11\u00b0 \u00e0\u00a0<strong data-end=\"889\" data-start=\"872\">Ch\u00e2teaurenard<\/strong>, 10\u00b0 \u00e0\u00a0<strong data-end=\"912\" data-start=\"897\">Forcalquier<\/strong>\u00a0et 8\u00b0 \u00e0\u00a0<strong data-end=\"933\" data-start=\"921\">La Javie<\/strong>.<\/p>\n<p><strong>ComLaRadio\u00a0<\/strong><br \/><strong>Thierry CARI<\/strong><br \/><strong>Voix Off<\/strong><br \/><strong>Animateur \/ pr\u00e9sentateur<\/strong><br \/><strong>Contact@thierrycari.com<\/strong><br \/><strong>www.thierrycari.com<\/strong><\/p>\n","protected":false},"excerpt":{"rendered":"Un ciel assez nuageux ce mardi sur la r\u00e9gion Provence-Alpes-C\u00f4te-d\u2019Azur, avec une perturbation qui progresse vers la M\u00e9diterran\u00e9e.&hellip;\n","protected":false},"author":2,"featured_media":34790,"comment_status":"","ping_status":"","sticky":false,"template":"","format":"standard","meta":{"footnotes":""},"categories":[9619],"tags":[1111,11,1777,674,1011,27,12,882,25,2310],"class_list":{"0":"post-571714","1":"post","2":"type-post","3":"status-publish","4":"format-standard","5":"has-post-thumbnail","7":"category-toulon","8":"tag-actu","9":"tag-actualites","10":"tag-eu","11":"tag-europe","12":"tag-fr","13":"tag-france","14":"tag-news","15":"tag-provence-alpes-cote-dazur","16":"tag-republique-francaise","17":"tag-toulon"},"share_on_mastodon":{"url":"https:\/\/pubeurope.com\/@fr\/115646351677521603","error":""},"_links":{"self":[{"href":"https:\/\/www.europesays.com\/fr\/wp-json\/wp\/v2\/posts\/571714","targetHints":{"allow":["GET"]}}],"collection":[{"href":"https:\/\/www.europesays.com\/fr\/wp-json\/wp\/v2\/posts"}],"about":[{"href":"https:\/\/www.europesays.com\/fr\/wp-json\/wp\/v2\/types\/post"}],"author":[{"embeddable":true,"href":"https:\/\/www.europesays.com\/fr\/wp-json\/wp\/v2\/users\/2"}],"replies":[{"embeddable":true,"href":"https:\/\/www.europesays.com\/fr\/wp-json\/wp\/v2\/comments?post=571714"}],"version-history":[{"count":0,"href":"https:\/\/www.europesays.com\/fr\/wp-json\/wp\/v2\/posts\/571714\/revisions"}],"wp:featuredmedia":[{"embeddable":true,"href":"https:\/\/www.europesays.com\/fr\/wp-json\/wp\/v2\/media\/34790"}],"wp:attachment":[{"href":"https:\/\/www.europesays.com\/fr\/wp-json\/wp\/v2\/media?parent=571714"}],"wp:term":[{"taxonomy":"category","embeddable":true,"href":"https:\/\/www.europesays.com\/fr\/wp-json\/wp\/v2\/categories?post=571714"},{"taxonomy":"post_tag","embeddable":true,"href":"https:\/\/www.europesays.com\/fr\/wp-json\/wp\/v2\/tags?post=571714"}],"curies":[{"name":"wp","href":"https:\/\/api.w.org\/{rel}","templated":true}]}}