{"id":571725,"date":"2025-12-01T21:14:17","date_gmt":"2025-12-01T21:14:17","guid":{"rendered":"https:\/\/www.europesays.com\/fr\/571725\/"},"modified":"2025-12-01T21:14:17","modified_gmt":"2025-12-01T21:14:17","slug":"grenoble-la-famille-dun-collegien-est-a-la-rue-les-parents-deleves-et-le-personnel-se-mobilisent","status":"publish","type":"post","link":"https:\/\/www.europesays.com\/fr\/571725\/","title":{"rendered":"Grenoble. La famille d&rsquo;un\u00a0coll\u00e9gien est \u00e0 la rue :\u00a0les parents d&rsquo;\u00e9l\u00e8ves et le personnel se mobilisent"},"content":{"rendered":"<p>Depuis la tomb\u00e9e de la nuit, des personnels et parents d\u2019\u00e9l\u00e8ves du coll\u00e8ge du Vercors se mobilisent devant l\u2019\u00e9tablissement pour soutenir une famille actuellement \u00e0 la rue. Ils dormiront sous tente cette nuit pour t\u00e9moigner de leur solidarit\u00e9 avec cette famille de six personnes, dont deux enfants sont scolaris\u00e9s au coll\u00e8ge. Les \u00e9quipes d\u00e9noncent une situation \u00ab inacceptable \u00bb et appellent \u00e0 un rassemblement demain \u00e0 8h30 afin d\u2019exiger une mise \u00e0 l\u2019abri imm\u00e9diate.<\/p>\n","protected":false},"excerpt":{"rendered":"Depuis la tomb\u00e9e de la nuit, des personnels et parents d\u2019\u00e9l\u00e8ves du coll\u00e8ge du Vercors se mobilisent devant&hellip;\n","protected":false},"author":2,"featured_media":571726,"comment_status":"","ping_status":"","sticky":false,"template":"","format":"standard","meta":{"footnotes":""},"categories":[9566],"tags":[1111,11,2430,3599,112,1057,1777,674,107,1011,27,2731,108,1985,12,25,801,104],"class_list":{"0":"post-571725","1":"post","2":"type-post","3":"status-publish","4":"format-standard","5":"has-post-thumbnail","7":"category-grenoble","8":"tag-actu","9":"tag-actualites","10":"tag-auvergne-rhone-alpes","11":"tag-college-lycee","12":"tag-edition-grenoble-agglomeration","13":"tag-education","14":"tag-eu","15":"tag-europe","16":"tag-fil-info","17":"tag-fr","18":"tag-france","19":"tag-grenoble","20":"tag-isere","21":"tag-metropole-de-grenoble","22":"tag-news","23":"tag-republique-francaise","24":"tag-social","25":"tag-societe"},"share_on_mastodon":{"url":"https:\/\/pubeurope.com\/@fr\/115646383002530220","error":""},"_links":{"self":[{"href":"https:\/\/www.europesays.com\/fr\/wp-json\/wp\/v2\/posts\/571725","targetHints":{"allow":["GET"]}}],"collection":[{"href":"https:\/\/www.europesays.com\/fr\/wp-json\/wp\/v2\/posts"}],"about":[{"href":"https:\/\/www.europesays.com\/fr\/wp-json\/wp\/v2\/types\/post"}],"author":[{"embeddable":true,"href":"https:\/\/www.europesays.com\/fr\/wp-json\/wp\/v2\/users\/2"}],"replies":[{"embeddable":true,"href":"https:\/\/www.europesays.com\/fr\/wp-json\/wp\/v2\/comments?post=571725"}],"version-history":[{"count":0,"href":"https:\/\/www.europesays.com\/fr\/wp-json\/wp\/v2\/posts\/571725\/revisions"}],"wp:featuredmedia":[{"embeddable":true,"href":"https:\/\/www.europesays.com\/fr\/wp-json\/wp\/v2\/media\/571726"}],"wp:attachment":[{"href":"https:\/\/www.europesays.com\/fr\/wp-json\/wp\/v2\/media?parent=571725"}],"wp:term":[{"taxonomy":"category","embeddable":true,"href":"https:\/\/www.europesays.com\/fr\/wp-json\/wp\/v2\/categories?post=571725"},{"taxonomy":"post_tag","embeddable":true,"href":"https:\/\/www.europesays.com\/fr\/wp-json\/wp\/v2\/tags?post=571725"}],"curies":[{"name":"wp","href":"https:\/\/api.w.org\/{rel}","templated":true}]}}