{"id":571727,"date":"2025-12-01T21:17:58","date_gmt":"2025-12-01T21:17:58","guid":{"rendered":"https:\/\/www.europesays.com\/fr\/571727\/"},"modified":"2025-12-01T21:17:58","modified_gmt":"2025-12-01T21:17:58","slug":"pres-de-2-000-salaries-sous-sa-houlette-qui-est-arnault-bellina-le-nouveau-directeur-de-capgemini-a-rennes","status":"publish","type":"post","link":"https:\/\/www.europesays.com\/fr\/571727\/","title":{"rendered":"Pr\u00e8s de 2\u00a0000 salari\u00e9s sous sa houlette\u00a0: qui est\u00a0Arnault Bellina, le nouveau directeur de Capgemini \u00e0 Rennes\u00a0?"},"content":{"rendered":"<p>Le groupe de services num\u00e9riques Capgemini annonce la nomination d\u2019Arnault Bellina en tant que directeur de son site de Cesson-S\u00e9vign\u00e9 (35), pr\u00e8s de Rennes. Il succ\u00e8de \u00e0 Herv\u00e9 Derrien, qui \u00e9tait en poste <a href=\"https:\/\/www.letelegramme.fr\/economie\/toute-l-actualite\/un-nouveau-directeur-pour-capgemini-a-rennes-6349262.php\" target=\"_blank\" rel=\"noopener\">depuis d\u00e9but 2023<\/a> et a quitt\u00e9 le groupe en janvier dernier.<\/p>\n<p>Ing\u00e9nieur dipl\u00f4m\u00e9 de l\u2019INSA Rennes et de la Rennes School of Business, Arnault Bellina (44 ans) a rejoint Capgemini en 2005 comme ing\u00e9nieur logiciel, avant d\u2019\u00e9voluer vers des fonctions de directeur de projet et de direction de centres de services pour de grands comptes, notamment dans les t\u00e9l\u00e9coms et les services publics pour plusieurs minist\u00e8res r\u00e9galiens. Depuis 2023 et jusqu\u2019\u00e0 sa nomination en Bretagne, il a offici\u00e9 en tant que directeur des op\u00e9rations France\/Espagne puis France\/Inde.<\/p>\n<p>\u00ab Expert dans le pilotage de projets distribu\u00e9s entre la France, le Maroc, l\u2019Espagne et l\u2019Inde, il a accompagn\u00e9 de nombreuses DSI [directions des syst\u00e8mes d\u2019information] publiques et priv\u00e9es dans leur bascule vers la digitalisation et la modernisation de leurs activit\u00e9s et leurs services \u00bb, vante Capgemini.<\/p>\n<p>\u00c0 Cesson-S\u00e9vign\u00e9, il prend la t\u00eate d\u2019un site de pr\u00e8s de 2 000 salari\u00e9s sp\u00e9cialis\u00e9s dans de nombreux domaines : d\u00e9veloppement de logiciels, data, cloud, cybers\u00e9curit\u00e9, intelligence artificielle\u2026 L\u2019ensemble du groupe Capgemini emploie 341 000 salari\u00e9s dans le monde et pr\u00e9sente un chiffre d\u2019affaires de 22,1 milliards d\u2019euros pour 2024.<\/p>\n","protected":false},"excerpt":{"rendered":"Le groupe de services num\u00e9riques Capgemini annonce la nomination d\u2019Arnault Bellina en tant que directeur de son site&hellip;\n","protected":false},"author":2,"featured_media":571728,"comment_status":"","ping_status":"","sticky":false,"template":"","format":"standard","meta":{"footnotes":""},"categories":[2821],"tags":[1111,11,829,1075,33,257,1777,674,1011,27,848,12,584,25],"class_list":{"0":"post-571727","1":"post","2":"type-post","3":"status-publish","4":"format-standard","5":"has-post-thumbnail","7":"category-rennes","8":"tag-actu","9":"tag-actualites","10":"tag-bretagne","11":"tag-cybersecurite","12":"tag-economie","13":"tag-entreprise","14":"tag-eu","15":"tag-europe","16":"tag-fr","17":"tag-france","18":"tag-ille-et-vilaine","19":"tag-news","20":"tag-rennes","21":"tag-republique-francaise"},"share_on_mastodon":{"url":"https:\/\/pubeurope.com\/@fr\/115646398661320361","error":""},"_links":{"self":[{"href":"https:\/\/www.europesays.com\/fr\/wp-json\/wp\/v2\/posts\/571727","targetHints":{"allow":["GET"]}}],"collection":[{"href":"https:\/\/www.europesays.com\/fr\/wp-json\/wp\/v2\/posts"}],"about":[{"href":"https:\/\/www.europesays.com\/fr\/wp-json\/wp\/v2\/types\/post"}],"author":[{"embeddable":true,"href":"https:\/\/www.europesays.com\/fr\/wp-json\/wp\/v2\/users\/2"}],"replies":[{"embeddable":true,"href":"https:\/\/www.europesays.com\/fr\/wp-json\/wp\/v2\/comments?post=571727"}],"version-history":[{"count":0,"href":"https:\/\/www.europesays.com\/fr\/wp-json\/wp\/v2\/posts\/571727\/revisions"}],"wp:featuredmedia":[{"embeddable":true,"href":"https:\/\/www.europesays.com\/fr\/wp-json\/wp\/v2\/media\/571728"}],"wp:attachment":[{"href":"https:\/\/www.europesays.com\/fr\/wp-json\/wp\/v2\/media?parent=571727"}],"wp:term":[{"taxonomy":"category","embeddable":true,"href":"https:\/\/www.europesays.com\/fr\/wp-json\/wp\/v2\/categories?post=571727"},{"taxonomy":"post_tag","embeddable":true,"href":"https:\/\/www.europesays.com\/fr\/wp-json\/wp\/v2\/tags?post=571727"}],"curies":[{"name":"wp","href":"https:\/\/api.w.org\/{rel}","templated":true}]}}