{"id":571735,"date":"2025-12-01T21:24:15","date_gmt":"2025-12-01T21:24:15","guid":{"rendered":"https:\/\/www.europesays.com\/fr\/571735\/"},"modified":"2025-12-01T21:24:15","modified_gmt":"2025-12-01T21:24:15","slug":"pourquoi-il-ny-avait-pas-de-reseau-telephonique-ce-matin-du-lundi-1er-decembre-dans-le-tunnel-du-tramway-de-la-ligne-2-de-nice","status":"publish","type":"post","link":"https:\/\/www.europesays.com\/fr\/571735\/","title":{"rendered":"Pourquoi il n\u2019y avait pas de r\u00e9seau t\u00e9l\u00e9phonique ce matin du lundi 1er d\u00e9cembre dans le tunnel du tramway de la ligne 2 de Nice ?"},"content":{"rendered":"<p class=\"fs-5 \">Impossible de lire Nice-Matin version num\u00e9rique sur son smartphone dans le tunnel de la ligne 2 du tramway, ce lundi 1er d\u00e9cembre, dans la matin\u00e9e, entre les arr\u00eats Centre universitaire m\u00e9diterran\u00e9en et Port Lympia. Ou de<strong> passer le moindre coup de t\u00e9l\u00e9phone<\/strong>. Et pour cause, le <strong>r\u00e9seau t\u00e9l\u00e9phonique<\/strong> \u00e9tait inexistant : z\u00e9ro barre.<\/p>\n<p class=\"fs-5 \">\u00ab Le service mobile a \u00e9t\u00e9 perturb\u00e9 dans les parties souterraines de la ligne 2 du tramway de Nice ce [lundi matin], entre 9 h et 12 h environ, en raison d\u2019un probl\u00e8me d\u2019alimentation \u00e9lectrique dans un local appartenant \u00e0 la M\u00e9tropole de Nice et alimentant l\u2019ensemble des op\u00e9rateurs, a expliqu\u00e9 Bouygues Telecom dans la journ\u00e9e, qui g\u00e8re les infrastructures multi-op\u00e9rateurs du tunnel de la ligne 2. \u00c0 la suite de l\u2019intervention de nos techniciens, le service a \u00e9t\u00e9 r\u00e9tabli autour de 12 h. \u00bb<\/p>\n<p>                                                                                50 antennes install\u00e9es dans le tunnel<\/p>\n<p class=\"fs-5 \">C\u2019est l\u2019entreprise Axione qui s\u2019\u00e9tait vue confier en 2019 la conception et l\u2019installation de l\u2019ensemble de la<strong> couverture r\u00e9seau mobile multi-op\u00e9rateurs pour ce tunnel de 3 km<\/strong>, en partenariat avec Bouygues Telecom : un local technique avait \u00e9t\u00e9 am\u00e9nag\u00e9 pour les quatre op\u00e9rateurs Orange, Bouygues Telecom, SFR et Free ; un syst\u00e8me de distribution du signal radio incluant 50 antennes avait \u00e9t\u00e9 implant\u00e9 ; et <strong>14 zones radio 4G dont 4 stations enterr\u00e9es avaient \u00e9t\u00e9 install\u00e9es<\/strong>.<\/p>\n<p class=\"fs-5 \">Ce n\u2019est pas la premi\u00e8re fois qu\u2019un tel incident se produit. Jeudi 11 septembre 2025, le r\u00e9seau t\u00e9l\u00e9phonique \u00e9tait \u00e9galement rest\u00e9 hors service une partie de la journ\u00e9e.<\/p>\n","protected":false},"excerpt":{"rendered":"Impossible de lire Nice-Matin version num\u00e9rique sur son smartphone dans le tunnel de la ligne 2 du tramway,&hellip;\n","protected":false},"author":2,"featured_media":571736,"comment_status":"","ping_status":"","sticky":false,"template":"","format":"standard","meta":{"footnotes":""},"categories":[2819],"tags":[1111,11,1777,674,1011,27,12,2401,882,25],"class_list":{"0":"post-571735","1":"post","2":"type-post","3":"status-publish","4":"format-standard","5":"has-post-thumbnail","7":"category-nice","8":"tag-actu","9":"tag-actualites","10":"tag-eu","11":"tag-europe","12":"tag-fr","13":"tag-france","14":"tag-news","15":"tag-nice","16":"tag-provence-alpes-cote-dazur","17":"tag-republique-francaise"},"share_on_mastodon":{"url":"https:\/\/pubeurope.com\/@fr\/115646422455235917","error":""},"_links":{"self":[{"href":"https:\/\/www.europesays.com\/fr\/wp-json\/wp\/v2\/posts\/571735","targetHints":{"allow":["GET"]}}],"collection":[{"href":"https:\/\/www.europesays.com\/fr\/wp-json\/wp\/v2\/posts"}],"about":[{"href":"https:\/\/www.europesays.com\/fr\/wp-json\/wp\/v2\/types\/post"}],"author":[{"embeddable":true,"href":"https:\/\/www.europesays.com\/fr\/wp-json\/wp\/v2\/users\/2"}],"replies":[{"embeddable":true,"href":"https:\/\/www.europesays.com\/fr\/wp-json\/wp\/v2\/comments?post=571735"}],"version-history":[{"count":0,"href":"https:\/\/www.europesays.com\/fr\/wp-json\/wp\/v2\/posts\/571735\/revisions"}],"wp:featuredmedia":[{"embeddable":true,"href":"https:\/\/www.europesays.com\/fr\/wp-json\/wp\/v2\/media\/571736"}],"wp:attachment":[{"href":"https:\/\/www.europesays.com\/fr\/wp-json\/wp\/v2\/media?parent=571735"}],"wp:term":[{"taxonomy":"category","embeddable":true,"href":"https:\/\/www.europesays.com\/fr\/wp-json\/wp\/v2\/categories?post=571735"},{"taxonomy":"post_tag","embeddable":true,"href":"https:\/\/www.europesays.com\/fr\/wp-json\/wp\/v2\/tags?post=571735"}],"curies":[{"name":"wp","href":"https:\/\/api.w.org\/{rel}","templated":true}]}}