{"id":571737,"date":"2025-12-01T21:25:14","date_gmt":"2025-12-01T21:25:14","guid":{"rendered":"https:\/\/www.europesays.com\/fr\/571737\/"},"modified":"2025-12-01T21:25:14","modified_gmt":"2025-12-01T21:25:14","slug":"lunfp-condamne-fermement-les-attaques-subies-par-boga-et-moffi","status":"publish","type":"post","link":"https:\/\/www.europesays.com\/fr\/571737\/","title":{"rendered":"l\u2019UNFP condamne fermement les attaques subies par Boga et Moffi"},"content":{"rendered":"<p>C\u2019est le feu \u00e0 l\u2019OGC Nice. Plus t\u00f4t dans la journ\u00e9e, <a href=\"https:\/\/www.footmercato.net\/a4421112928469161470-coups-crachats-insultes-les-coulisses-de-la-confrontation-violente-entre-les-joueurs-de-nice-et-leurs-supporters\" target=\"_blank\" rel=\"noopener\">nous vous avons r\u00e9v\u00e9l\u00e9 en exclusivit\u00e9<\/a> que 400 supporters ni\u00e7ois avaient attendu les joueurs au centre d\u2019entra\u00eenement, \u00e0 leur retour de Lorient (d\u00e9faite, 3-1). Des chants r\u00e9clamant la d\u00e9mission de Franck Haise ont \u00e9t\u00e9 scand\u00e9s, juste avant que certains individus s\u2019en prennent verbalement et physiquement \u00e0 Terem Moffi et J\u00e9r\u00e9mie Boga. L\u2019international nig\u00e9rian et le joueur ivoirien ont par ailleurs obtenu <a href=\"https:\/\/www.footmercato.net\/a319961195021719145-nice-jeremie-boga-et-terem-moffi-places-en-arret-de-travail\" target=\"_blank\" rel=\"noopener\">une ITT<\/a> et <a href=\"https:\/\/www.footmercato.net\/a7255770801581701974-nice-jeremie-boga-et-terem-moffi-ont-porte-plainte\" target=\"_blank\" rel=\"noopener\">ont d\u00e9pos\u00e9 plainte<\/a>.<\/p>\n<p>            La suite apr\u00e8s cette publicit\u00e9<\/p>\n<p><a href=\"https:\/\/www.footmercato.net\/a6559290280224879266-le-communique-de-logc-nice-apres-les-violences-survenues-contres-ses-joueurs\" target=\"_blank\" rel=\"noopener\">Apr\u00e8s le communiqu\u00e9 du club ni\u00e7ois<\/a>, c\u2019est au tour de l\u2019Union nationale des footballeurs professionnels de prendre la parole sur ce sujet. \u00ab L\u2019UNFP condamne avec la plus grande fermet\u00e9 les actes de violence inadmissibles dont ont \u00e9t\u00e9 victimes, hier soir, les joueurs de l\u2019OGC Nice Terem Moffi et J\u00e9r\u00e9mie Boga, \u00e0 leur retour du match face \u00e0 Lorient. Ces violences physiques sont intol\u00e9rables et ne sauraient \u00eatre justifi\u00e9es par aucune frustration sportive. Rien ne peut excuser de tels actes qui portent gravement atteinte \u00e0 leur int\u00e9grit\u00e9 physique et psychologique et vont \u00e0 l\u2019encontre de toutes les valeurs port\u00e9es par le football, fut-il professionnel ! L\u2019UNFP a imm\u00e9diatement pris contact avec les joueurs concern\u00e9s pour leur exprimer tout son soutien, se tenir \u00e0 leur disposition et les accompagner. Face \u00e0 ces violences et aux plaintes d\u00e9pos\u00e9es, notre syndicat se r\u00e9serve le droit de se constituer partie civile dans le cadre des proc\u00e9dures judiciaires en cours, afin de garantir que les responsables de ces agressions r\u00e9pondent de leurs actes devant la justice. Nous appelons l\u2019ensemble des acteurs du football \u00e0 faire preuve de la plus grande vigilance et \u00e0 condamner sans r\u00e9serve toutes les formes de violence dans et autour des stades \u00bb, a communiqu\u00e9 l\u2019<a href=\"https:\/\/x.com\/UNFP\/status\/1995598250192048364\/photo\/1\">UNFP<\/a>.<\/p>\n<p>\n    Pub. le 01\/12\/2025 22:10<br \/>\n            &#8211; MAJ le 01\/12\/2025 22:22\n    <\/p>\n","protected":false},"excerpt":{"rendered":"C\u2019est le feu \u00e0 l\u2019OGC Nice. Plus t\u00f4t dans la journ\u00e9e, nous vous avons r\u00e9v\u00e9l\u00e9 en exclusivit\u00e9 que&hellip;\n","protected":false},"author":2,"featured_media":571738,"comment_status":"","ping_status":"","sticky":false,"template":"","format":"standard","meta":{"footnotes":""},"categories":[2819],"tags":[1111,11,1777,674,1011,27,12,2401,882,25],"class_list":{"0":"post-571737","1":"post","2":"type-post","3":"status-publish","4":"format-standard","5":"has-post-thumbnail","7":"category-nice","8":"tag-actu","9":"tag-actualites","10":"tag-eu","11":"tag-europe","12":"tag-fr","13":"tag-france","14":"tag-news","15":"tag-nice","16":"tag-provence-alpes-cote-dazur","17":"tag-republique-francaise"},"share_on_mastodon":{"url":"https:\/\/pubeurope.com\/@fr\/115646426383943175","error":""},"_links":{"self":[{"href":"https:\/\/www.europesays.com\/fr\/wp-json\/wp\/v2\/posts\/571737","targetHints":{"allow":["GET"]}}],"collection":[{"href":"https:\/\/www.europesays.com\/fr\/wp-json\/wp\/v2\/posts"}],"about":[{"href":"https:\/\/www.europesays.com\/fr\/wp-json\/wp\/v2\/types\/post"}],"author":[{"embeddable":true,"href":"https:\/\/www.europesays.com\/fr\/wp-json\/wp\/v2\/users\/2"}],"replies":[{"embeddable":true,"href":"https:\/\/www.europesays.com\/fr\/wp-json\/wp\/v2\/comments?post=571737"}],"version-history":[{"count":0,"href":"https:\/\/www.europesays.com\/fr\/wp-json\/wp\/v2\/posts\/571737\/revisions"}],"wp:featuredmedia":[{"embeddable":true,"href":"https:\/\/www.europesays.com\/fr\/wp-json\/wp\/v2\/media\/571738"}],"wp:attachment":[{"href":"https:\/\/www.europesays.com\/fr\/wp-json\/wp\/v2\/media?parent=571737"}],"wp:term":[{"taxonomy":"category","embeddable":true,"href":"https:\/\/www.europesays.com\/fr\/wp-json\/wp\/v2\/categories?post=571737"},{"taxonomy":"post_tag","embeddable":true,"href":"https:\/\/www.europesays.com\/fr\/wp-json\/wp\/v2\/tags?post=571737"}],"curies":[{"name":"wp","href":"https:\/\/api.w.org\/{rel}","templated":true}]}}