{"id":571739,"date":"2025-12-01T21:26:16","date_gmt":"2025-12-01T21:26:16","guid":{"rendered":"https:\/\/www.europesays.com\/fr\/571739\/"},"modified":"2025-12-01T21:26:16","modified_gmt":"2025-12-01T21:26:16","slug":"jai-perdu-ma-maison-declare-la-victime","status":"publish","type":"post","link":"https:\/\/www.europesays.com\/fr\/571739\/","title":{"rendered":"\u00ab j\u2019ai perdu ma maison \u00bb d\u00e9clare la victime"},"content":{"rendered":"<p>                    Par<br \/>\n        <strong><br \/>\n            <a href=\"https:\/\/actu.fr\/auteur\/laurent-fortin\" title=\"Consulter tous les articles de Laurent Fortin\" target=\"_blank\" rel=\"noopener\">Laurent Fortin<\/a><br \/>\n                    <\/strong><\/p>\n<p>        Publi\u00e9 le<\/p>\n<p>            1 d\u00e9c. 2025 \u00e0 20h32        <\/p>\n<p>Ce <b>26\u00a0avril 2025<\/b>, en fin d\u2019apr\u00e8s-midi,<b> les gendarmes avaient \u00e9t\u00e9 appel\u00e9s<\/b> sur un parking de <a href=\"https:\/\/actu.fr\/pays-de-la-loire\/divatte-sur-loire_44029\" target=\"_blank\" rel=\"noopener\"><b>Divatte-sur-Loire<\/b><\/a> o\u00f9 un <b>homme \u00ab\u2009fortement alcoolis\u00e9\u2009\u00bb<\/b> leur avait signal\u00e9 la pr\u00e9sence <b>d\u2019un \u00ab\u2009chien seul dans un camping-car\u2009\u00bb.<\/b> Appel\u00e9 pour r\u00e9cup\u00e9rer<b> son berger allemand,<\/b> le propri\u00e9taire qui vit dans ce v\u00e9hicule \u00e9tait, en fait, parti \u00ab\u2009<b>chez une amie qui poss\u00e8de quatre chat<\/b>s\u2009\u00bb et avait donc volontairement <b>laiss\u00e9 son chien \u00ab\u2009dans sa maison\u2009\u00bb<\/b>, a-t-il \u00e9t\u00e9 pr\u00e9cis\u00e9 au cours de l\u2019audience.<\/p>\n<p class=\" wall-content\">Les <b>gendarmes avaient d\u00fb revenir <\/b>plus tard dans la soir\u00e9e\u2009: un<b> feu se propageait \u00ab\u2009sur la partie avant\u2009\u00bb du camping-car <\/b>et ils avaient constat\u00e9 que<b> l\u2019individu ivre <\/b>\u00e9tait toujours \u00ab\u2009sur place\u2009\u00bb. Cet <b>homme de 38\u00a0ans \u00e9tait alors \u00ab\u2009virulent\u2009\u00bb et sentait \u00ab\u2009l\u2019essence\u2009\u00bb,<\/b> avaient not\u00e9 les militaires. Il avait aussi plus de <b>3 grammes d\u2019alcool par litre de sang.<\/b><\/p>\n<p class=\" wall-content\">Entendu, le pr\u00e9venu avait expliqu\u00e9<b> s\u2019\u00eatre \u00e9mu de la situation de ce chien enferm\u00e9<\/b>\u00a0dans un camping-car \u00ab\u2009d\u00e9gueulasse \u00e0 l\u2019int\u00e9rieur\u2009\u00bb et qui \u00ab<b>\u2009n\u2019avait pas \u00e0 boire ni \u00e0 manger<\/b>\u2009\u00bb. Il serait alors rentr\u00e9 chez lui et aurait<b> pris ses \u00ab\u2009m\u00e9docs contre l\u2019alcool\u2009\u00bb<\/b>, tout en \u00ab\u2009en buvant en m\u00eame temps\u2009\u00bb.<\/p>\n<p>Le propri\u00e9taire content d\u2019\u00eatre vivant<\/p>\n<p class=\" wall-content\">Apr\u00e8s s\u2019\u00eatre saisi \u00ab\u2009d\u2019un<b> jerrican dans son garage\u2009\u00bb<\/b>, le pr\u00e9venu \u00e9tait revenu sur le parking.\u00a0Malgr\u00e9 des \u00ab\u2009trous de m\u00e9moire\u2009\u00bb et des \u00ab\u2009absences\u2009\u00bb, il se <b>rappelle avoir \u00ab\u2009vu rouge\u2009<\/b>\u00bb et avoir \u00ab\u2009<b>allum\u00e9 le feu sous un coup de col\u00e8re\u2009\u00bb<\/b> \u00e0 l\u2019aide d\u2019un briquet.<\/p>\n<blockquote class=\"ac-article-quote wall-content\">\n<p>Je n\u2019aurai pas d\u00fb prendre de l\u2019alcool avec les m\u00e9dicaments, \u00e7a ne m\u2019aurait pas rendu tar\u00e9.<\/p>\n<p>Le pr\u00e9venu \u00e0 la barre du tribunal correctionnel de Nantes<\/p><\/blockquote>\n<p class=\" wall-content\">Il a \u00e9t\u00e9 d\u00e9crit par un psychiatre comme ayant une personnalit\u00e9 \u00ab\u2009marqu\u00e9e autrefois par les produits illicites\u2009\u00bb et \u00ab\u2009aujourd\u2019hui par l\u2019alcool\u2009\u00bb\u2009: lass\u00e9 de \u00ab\u2009se d\u00e9chirer la gueule\u2009\u00bb, le<b> pr\u00e9venu a entrepris des d\u00e9marches pour soigner son alcoolisme<\/b>, le poussant \u00e0 <b>se \u00ab\u2009faire interner\u2009\u00bb au sein de l\u2019h\u00f4pital Saint-Jacques \u00e0 Nantes.<\/b><\/p>\n<p>Votre r\u00e9gion, votre actu !<\/p>\n<p>Recevez chaque jour les infos qui comptent pour vous.<\/p>\n<p>\t<a href=\"https:\/\/actu.fr\/newsletter\" class=\"ac-btn ac-btn--corner ac-btn--medium ac-btn--blue800\" target=\"_blank\" rel=\"noopener\">S&rsquo;incrire<\/a><\/p>\n<p class=\" wall-content\">\u00ab\u2009Fragilis\u00e9\u2009\u00bb et \u00ab\u2009d\u00e9pressif\u2009\u00bb, cet automobiliste, qui n\u2019a jamais eu le permis, a<b> d\u00e9j\u00e0 \u00e9t\u00e9 condamn\u00e9 cinq fois, dont trois pour des conduites en \u00e9tat d\u2019ivresse<\/b>. Il a un \u00ab<b>\u2009pass\u00e9 familial difficile<\/b>\u2009\u00bb mais n\u2019est pas atteint de \u00ab\u2009troubles de la personnalit\u00e9\u2009\u00bb ni de \u00ab\u2009pathologie psychiatrique\u2009\u00bb, selon le m\u00e9decin. Sans emploi, il est suivi par le <b>centre communal d\u2019action sociale<\/b> (CCAS) du <b>Loroux-Botterea<\/b>u et a fait des d\u00e9marches pour \u00eatre plac\u00e9 sous curatelle et toucher <b>l\u2019allocation aux adultes handicap\u00e9s<\/b> (AAH).<\/p>\n<p class=\" wall-content\">Le propri\u00e9taire du camping-car, lui, est <b>\u00ab\u2009content\u2009\u00bb d\u2019\u00eatre au tribunal <\/b>puisqu\u2019il a<b>urait tr\u00e8s bien\u00a0pu \u00eatre dans son camping-car <\/b>ce soir-l\u00e0 avec son chien et \u00ab\u2009br\u00fbler avec\u2009\u00bb.\u00a0Celui qui a perdu \u00ab\u2009sa maison\u2009\u00bb r\u00e9clamait<b> 5\u2009000\u00a0\u20ac de dommages et int\u00e9r\u00eats pour le camping-car,<\/b> ainsi que 900\u00a0\u20ac pour \u00ab\u2009le remorquage\u2009\u00bb de l\u2019\u00e9pave suite \u00e0 l\u2019incendie. Il demandait \u00e9galement<b> 2\u2009000\u00a0\u20ac pour ses affaires \u00ab\u2009qui \u00e9taient dedans\u2009\u00bb comme sa t\u00e9l\u00e9vision et v\u00eatements<\/b>, mais n\u2019avait rien demand\u00e9 au titre du \u00ab\u2009pr\u00e9judice moral\u2009\u00bb.<\/p>\n<p class=\" wall-content\">L\u2019accus\u00e9 a \u00e9t\u00e9 condamn\u00e9 \u00e0 <b>dix mois de prison avec sursis probatoire<\/b>\u2009: pendant deux ans, il aura obligation de soigner ses probl\u00e8mes \u00ab\u2009li\u00e9s \u00e0 l\u2019alcool\u2009\u00bb et de poursuivre son suivi psychologique.<b> Il devra aussi verser 3\u2009000\u00a0\u20ac, tous pr\u00e9judices confondu<\/b>s, au propri\u00e9taire du camping-car. Enfin, il sera sous le coup d\u2019une amende de 100\u00a0\u20ac d\u2019amende avec sursis pour son \u00ab\u2009ivresse sur la voie publique\u2009\u00bb.<\/p>\n<p class=\" wall-content\">Personnalisez votre actualit\u00e9 en ajoutant vos villes et m\u00e9dias en favori avec <a href=\"https:\/\/moncompte.actu.fr\" title=\"D\u00e9couvez Mon Actu\" rel=\"nofollow noopener\" data-trk=\"{&quot;cta&quot;:{&quot;action&quot;:&quot;https:\\\/\\\/moncompte.actu.fr&quot;,&quot;category&quot;:&quot;mon compte&quot;,&quot;from&quot;:&quot;article footer&quot;,&quot;name&quot;:&quot;Mon actu&quot;,&quot;type&quot;:&quot;cta&quot;}}\" target=\"_blank\">Mon Actu<\/a>.<\/p>\n","protected":false},"excerpt":{"rendered":"Par Laurent Fortin Publi\u00e9 le 1 d\u00e9c. 2025 \u00e0 20h32 Ce 26\u00a0avril 2025, en fin d\u2019apr\u00e8s-midi, les gendarmes&hellip;\n","protected":false},"author":2,"featured_media":571740,"comment_status":"","ping_status":"","sticky":false,"template":"","format":"standard","meta":{"footnotes":""},"categories":[2818],"tags":[1111,11,11199,1777,674,118,1011,27,1310,303,766,12,2636,25],"class_list":{"0":"post-571739","1":"post","2":"type-post","3":"status-publish","4":"format-standard","5":"has-post-thumbnail","7":"category-nantes","8":"tag-actu","9":"tag-actualites","10":"tag-camping-car","11":"tag-eu","12":"tag-europe","13":"tag-faits-divers","14":"tag-fr","15":"tag-france","16":"tag-incendie","17":"tag-justice","18":"tag-nantes","19":"tag-news","20":"tag-pays-de-la-loire","21":"tag-republique-francaise"},"share_on_mastodon":{"url":"https:\/\/pubeurope.com\/@fr\/115646430258236893","error":""},"_links":{"self":[{"href":"https:\/\/www.europesays.com\/fr\/wp-json\/wp\/v2\/posts\/571739","targetHints":{"allow":["GET"]}}],"collection":[{"href":"https:\/\/www.europesays.com\/fr\/wp-json\/wp\/v2\/posts"}],"about":[{"href":"https:\/\/www.europesays.com\/fr\/wp-json\/wp\/v2\/types\/post"}],"author":[{"embeddable":true,"href":"https:\/\/www.europesays.com\/fr\/wp-json\/wp\/v2\/users\/2"}],"replies":[{"embeddable":true,"href":"https:\/\/www.europesays.com\/fr\/wp-json\/wp\/v2\/comments?post=571739"}],"version-history":[{"count":0,"href":"https:\/\/www.europesays.com\/fr\/wp-json\/wp\/v2\/posts\/571739\/revisions"}],"wp:featuredmedia":[{"embeddable":true,"href":"https:\/\/www.europesays.com\/fr\/wp-json\/wp\/v2\/media\/571740"}],"wp:attachment":[{"href":"https:\/\/www.europesays.com\/fr\/wp-json\/wp\/v2\/media?parent=571739"}],"wp:term":[{"taxonomy":"category","embeddable":true,"href":"https:\/\/www.europesays.com\/fr\/wp-json\/wp\/v2\/categories?post=571739"},{"taxonomy":"post_tag","embeddable":true,"href":"https:\/\/www.europesays.com\/fr\/wp-json\/wp\/v2\/tags?post=571739"}],"curies":[{"name":"wp","href":"https:\/\/api.w.org\/{rel}","templated":true}]}}