{"id":571741,"date":"2025-12-01T21:27:37","date_gmt":"2025-12-01T21:27:37","guid":{"rendered":"https:\/\/www.europesays.com\/fr\/571741\/"},"modified":"2025-12-01T21:27:37","modified_gmt":"2025-12-01T21:27:37","slug":"fc-nantes-bahmed-deuff-linvite-surprise-de-lentrejeu","status":"publish","type":"post","link":"https:\/\/www.europesays.com\/fr\/571741\/","title":{"rendered":"FC Nantes. Bahmed Deuff, l\u2019invit\u00e9 surprise de l\u2019entrejeu ?"},"content":{"rendered":"<p data-start=\"300\" data-end=\"886\">Cela aurait pu \u00eatre la seule \u00e9claircie dans l\u2019obscurit\u00e9 de la soir\u00e9e nantaise \u00e0 Lyon, hier soir. Bahmed Deuff a cru s\u2019offrir son premier but en professionnel au terme d\u2019une jolie course, mais la VAR est revenue \u00e0 une faute de Lepenant bien plus t\u00f4t dans l\u2019action pour ent\u00e9riner ce score de 3-0. Si l\u2019arbitrage est une nouvelle fois critiqu\u00e9 au terme du match autour de la d\u00e9cision d\u2019exclure Junior Mwanga, il n\u2019en reste pas moins que Nantes n\u2019avance toujours pas dans cette saison 2025-2026. Les Canaris, barragistes, sont \u00e0 3 points du 15\u1d49 Lorient, victorieux de Nice hier apr\u00e8s-midi.<\/p>\n<p>Un entrejeu toujours trop friable ?<\/p>\n<p data-start=\"888\" data-end=\"1324\">Parmi les grosses d\u00e9faillances des Canaris depuis le d\u00e9but de saison, l\u2019entrejeu figure sur le haut de la pile. La longue absence de Johann Lepenant aura fait tr\u00e8s mal, celle de Francis Coquelin et d\u00e9sormais de Louis Leroux n\u2019arrange en rien la situation. Mais ce sont aussi de nombreux joueurs qui ne semblent pas encore au niveau de la Ligue 1 (Tabibou, Hong), offrant ainsi \u00e0 Bahmed Deuff l\u2019occasion de se montrer en sortie de banc.<\/p>\n<p>Titulaire d\u2019entr\u00e9e face \u00e0 Lens ?<\/p>\n<p data-start=\"1326\" data-end=\"1880\">Du haut de son m\u00e8tre 94, le jeune Nantais de 19 ans a un profil atypique, plut\u00f4t technique, et une insouciance assez rafra\u00eechissante qui pourrait faire encore plus de bien \u00e0 l\u2019\u00e9quipe de Luis Castro. D\u00e9j\u00e0 lors de son entr\u00e9e face au Paris FC il y a un peu plus d\u2019un mois, il avait montr\u00e9 des choses int\u00e9ressantes. Alors l\u2019id\u00e9e n\u2019est pas de le lancer \u00e0 l\u2019aveugle envers et contre tous. Mais avec la suspension de Junior Mwanga, un Tabibou et un Hong qui semblent un peu \u00e9cart\u00e9s, ne serait-ce pas l\u2019occasion pour lui de d\u00e9buter face \u00e0 Lens, samedi prochain ?<\/p>\n<p data-start=\"1882\" data-end=\"2063\">D\u2019autant que Bahmed Deuff apporte un peu de verticalit\u00e9 avec des courses sans cesse vers l\u2019avant, un profil diff\u00e9rent de ce que peuvent amener un Kwon ou encore un Johann Lepenant.<\/p>\n","protected":false},"excerpt":{"rendered":"Cela aurait pu \u00eatre la seule \u00e9claircie dans l\u2019obscurit\u00e9 de la soir\u00e9e nantaise \u00e0 Lyon, hier soir. Bahmed&hellip;\n","protected":false},"author":2,"featured_media":571742,"comment_status":"","ping_status":"","sticky":false,"template":"","format":"standard","meta":{"footnotes":""},"categories":[2818],"tags":[1111,11,1777,674,1011,27,766,12,2636,25],"class_list":{"0":"post-571741","1":"post","2":"type-post","3":"status-publish","4":"format-standard","5":"has-post-thumbnail","7":"category-nantes","8":"tag-actu","9":"tag-actualites","10":"tag-eu","11":"tag-europe","12":"tag-fr","13":"tag-france","14":"tag-nantes","15":"tag-news","16":"tag-pays-de-la-loire","17":"tag-republique-francaise"},"share_on_mastodon":{"url":"https:\/\/pubeurope.com\/@fr\/115646434051745697","error":""},"_links":{"self":[{"href":"https:\/\/www.europesays.com\/fr\/wp-json\/wp\/v2\/posts\/571741","targetHints":{"allow":["GET"]}}],"collection":[{"href":"https:\/\/www.europesays.com\/fr\/wp-json\/wp\/v2\/posts"}],"about":[{"href":"https:\/\/www.europesays.com\/fr\/wp-json\/wp\/v2\/types\/post"}],"author":[{"embeddable":true,"href":"https:\/\/www.europesays.com\/fr\/wp-json\/wp\/v2\/users\/2"}],"replies":[{"embeddable":true,"href":"https:\/\/www.europesays.com\/fr\/wp-json\/wp\/v2\/comments?post=571741"}],"version-history":[{"count":0,"href":"https:\/\/www.europesays.com\/fr\/wp-json\/wp\/v2\/posts\/571741\/revisions"}],"wp:featuredmedia":[{"embeddable":true,"href":"https:\/\/www.europesays.com\/fr\/wp-json\/wp\/v2\/media\/571742"}],"wp:attachment":[{"href":"https:\/\/www.europesays.com\/fr\/wp-json\/wp\/v2\/media?parent=571741"}],"wp:term":[{"taxonomy":"category","embeddable":true,"href":"https:\/\/www.europesays.com\/fr\/wp-json\/wp\/v2\/categories?post=571741"},{"taxonomy":"post_tag","embeddable":true,"href":"https:\/\/www.europesays.com\/fr\/wp-json\/wp\/v2\/tags?post=571741"}],"curies":[{"name":"wp","href":"https:\/\/api.w.org\/{rel}","templated":true}]}}