{"id":571743,"date":"2025-12-01T21:29:24","date_gmt":"2025-12-01T21:29:24","guid":{"rendered":"https:\/\/www.europesays.com\/fr\/571743\/"},"modified":"2025-12-01T21:29:24","modified_gmt":"2025-12-01T21:29:24","slug":"le-departement-de-la-gironde-doit-degrader-les-services-publics-pour-economiser-92-millions-deuros-en-trois-ans","status":"publish","type":"post","link":"https:\/\/www.europesays.com\/fr\/571743\/","title":{"rendered":"Le D\u00e9partement de la Gironde doit \u00ab\u00a0d\u00e9grader les services publics\u00a0\u00bb pour \u00e9conomiser 92 millions d&rsquo;euros en trois ans"},"content":{"rendered":"<p class=\"wp-block-post-excerpt__excerpt\">Le Conseil d\u00e9partemental de la Gironde a adopt\u00e9 ce lundi 1er d\u00e9cembre un plan de retour \u00e0 l\u2019\u00e9quilibre, pr\u00e9voyant 91,74 millions d\u2019\u00e9conomies sur trois ans, avec de nouvelles suppressions de postes et des baisses de cr\u00e9dits, notamment dans l\u2019aide sociale \u00e0 l\u2019enfance. Estimant \u00ab\u00a0l\u2019insinc\u00e9rit\u00e9 budg\u00e9taire confirm\u00e9e par la Chambre r\u00e9gionale des comptes\u00a0\u00bb, l\u2019opposition demande la d\u00e9mission de Jean-Luc Gleyze, qui l\u2019\u00e9carte pour l\u2019instant. <\/p>\n<p><a href=\"https:\/\/rue89bordeaux.com\/category\/actualite\/\" rel=\"tag noopener\" target=\"_blank\">Actualit\u00e9<\/a>, <a href=\"https:\/\/rue89bordeaux.com\/category\/kiosque-abonne\/\" rel=\"tag noopener\" target=\"_blank\">\u00c9dition abonn\u00e9s<\/a><\/p>\n<p>Simon Barth\u00e9l\u00e9my<\/p>\n<p>Publi\u00e9 le 1 d\u00e9cembre 2025\u00a0\u00a0\u00b7\u00a0\u00a0<\/p>\n<p>Imprim\u00e9 le 1er d\u00e9cembre 2025 \u00e0 22h29\u00a0\u00a0\u00b7\u00a0\u00a0<\/p>\n<p>Modifi\u00e9 le 1 d\u00e9cembre 2025\u00a0\u00a0\u00b7\u00a0\u00a0<\/p>\n<p>\t\t\t\t\t7\u00a0minutes\n<\/p>\n<p>On en sait un peu plus sur les ingr\u00e9dients du r\u00e9gime d\u2019aust\u00e9rit\u00e9 que doit s\u2019infliger le D\u00e9partement de la Gironde. En d\u00e9ficit de plus 100 millions d\u2019euros, la collectivit\u00e9, tenue de revenir \u00e0 l\u2019\u00e9quilibre par l\u2019Etat, a pr\u00e9sent\u00e9 ce lundi 1er d\u00e9cembre son plan d\u2019\u00e9conomies, vot\u00e9 en s\u00e9ance pl\u00e9ni\u00e8re. Gironde Avenir, le groupe d\u2019opposition de droite, n\u2019a pas particip\u00e9 au vote.   <strong> <\/strong><\/p>\n<p>En proposant une diminution des d\u00e9penses de 91,74 millions d\u2019euros sur trois ans, dont 54,18 millions en 2026, ce plan de retour \u00e0 l\u2019\u00e9quilibre (PRE) va plus loin que les 71 millions d\u2019euros sur trois ans <a href=\"https:\/\/rue89bordeaux.com\/2025\/11\/deficitaire-de-1018-millions-deuros-le-departement-de-la-gironde-se-soumet-a-une-cure-dausterite\/\" target=\"_blank\" rel=\"noopener\">pr\u00e9conis\u00e9s par la Chambre r\u00e9gionale des comptes de Nouvelle-Aquitaine <\/a>dans l\u2019avis rendu il y a deux semaines. <\/p>\n<blockquote class=\"wp-block-quote is-layout-flow wp-block-quote-is-layout-flow\">\n<p>\u00ab\u00a0Nous pr\u00e9f\u00e9rons prendre des marges de man\u0153uvre cons\u00e9quentes pour faire face aux al\u00e9as dans les mois qui viennent\u00a0\u00bb, a comment\u00e9 lors d\u2019un point presse son pr\u00e9sident Jean-Luc Gleyze, qui \u00e9voque les incertitudes sur le projet de loi de finances de l\u2019Etat, ainsi que \u00ab\u00a0les recettes tr\u00e8s volatiles li\u00e9es au march\u00e9 immobilier et \u00e0 la consommation\u00a0\u00bb, alors que les D\u00e9partements sont financ\u00e9s par des pr\u00e9l\u00e8vements sur les frais de notaire (droits de mutation) et une part de TVA.<\/p>\n<\/blockquote>\n<p>\t\tPr\u00e8s de 400 emplois sur la sellette<\/p>\n<p>D\u00e9ploy\u00e9 en 95 mesures, le plan pr\u00e9voit donc d\u2019agir sur les d\u00e9penses de fonctionnement, r\u00e9duites de 4,2%, les investissements \u00e9tant d\u00e9sormais plafonn\u00e9s et limit\u00e9s \u00ab\u00a0aux d\u00e9penses n\u00e9cessaires \u00e0 la s\u00e9curit\u00e9 des personnes et des biens\u00a0\u00bb. <\/p>\n<p>Apr\u00e8s 232 suppressions de postes cette ann\u00e9e, 200 autres disparaitront en 2026, puis 80 \u00e0 100 en 2027 et 2028, via des non renouvellements de CDD ou des non remplacement de d\u00e9part en retraite. Le D\u00e9partement va aussi r\u00e9duire les heures suppl\u00e9mentaires, les subventions au comit\u00e9 des \u0153uvres sociales, et geler les promotions et avancements. Soit 28,13 millions d\u2019euros \u00e9conomis\u00e9s sur le volet ressources humaines.<\/p>\n<p>Le \u00ab\u00a0train de vie\u00a0\u00bb du D\u00e9partement (maintenance des coll\u00e8ges, des routes, parc de v\u00e9hicules\u2026) subira pour sa part une baisse de 20,13 millions d\u2019euros. Les \u00ab\u00a0subventions aux tiers\u00a0\u00bb (associations culturelles et sportives, \u00e9v\u00e8nements\u2026) seront elles r\u00e9duites de moiti\u00e9, soit 12,8 millions d\u2019\u00e9conomies esp\u00e9r\u00e9es en trois ans. Le ciblage pr\u00e9cis reste \u00e0 faire et promet d\u2019\u00eatre sensible tant il risque <a href=\"https:\/\/rue89bordeaux.com\/2025\/10\/les-associations-seront-dans-la-rue-le-11-octobre-contre-un-plan-social-a-bas-bruit\/\" target=\"_blank\" rel=\"noopener\">d\u2019impacter un secteur associatif tr\u00e8s fragilis\u00e9<\/a>.  <\/p>\n<p>\t\tL\u2019enfance et les personnes \u00e2g\u00e9es affect\u00e9es<\/p>\n<p>Mais la plus grosse r\u00e9duction incombe aux missions de solidarit\u00e9 de la Gironde, avec 30,68 millions d\u2019efforts, via notamment le \u00ab\u00a0virage pr\u00e9ventif\u00a0\u00bb de la protection de l\u2019enfance, premier poste budg\u00e9taire de la Gironde (330 millions d\u2019euros pour 12 000 enfants suivis). Pour la vice-pr\u00e9sidente en charge de ce dossier, C\u00e9cilie Goeury, le D\u00e9partement veut \u00ab\u00a0pouvoir accompagner plus t\u00f4t les familles pour \u00e9viter que les enfants se retrouvent en foyer, et ouvrir des places dans des familles d\u2019accueil\u00a0\u00bb.<\/p>\n<p><img loading=\"lazy\" decoding=\"async\" width=\"480\" height=\"480\" src=\"https:\/\/www.europesays.com\/fr\/wp-content\/uploads\/2025\/04\/23-paywall.png\" alt=\"Abonnez-vous\" class=\"wp-image-128439\" style=\"aspect-ratio:1;width:210px;height:auto\"  \/><\/p>\n<p>Cet article fait partie de l\u2019\u00e9dition abonn\u00e9s. Pour lire la suite, profitez d\u2019une offre d\u00e9couverte \u00e0 1\u20ac.<\/p>\n<p class=\"has-gray-700-color has-text-color has-medium-font-size\">Contribuez \u00e0 consolider un m\u00e9dia ind\u00e9pendant \u00e0 Bordeaux, en capacit\u00e9 d\u2019enqu\u00eater sur les enjeux locaux.<\/p>\n<p>\t\t\t<a href=\"https:\/\/rue89bordeaux.com\/\" class=\"custom-logo-link\" rel=\"home noopener\" target=\"_blank\"><img loading=\"lazy\" decoding=\"async\" width=\"290\" height=\"49\" src=\"https:\/\/www.europesays.com\/fr\/wp-content\/uploads\/2025\/04\/logo.png\" class=\"custom-logo\" alt=\"Rue89Bordeaux Enqu\u00eates et informations de proximit\u00e9\"  \/><\/a><\/p>\n<p>\n\t\t\t\tAbonnez-vous maintenant pour suivre l\u2019actualit\u00e9 locale.\t\t\t<\/p>\n<p class=\"font-bold font-serif-heading mb-2 text-4xl\">\n\t\t\t\t\t\tL\u2019investigation locale \u00e0 port\u00e9e de main.\n\t\t\t\t\t<\/p>\n<p>\n\t\t\t\t\t\tAbonnez-vous et profitez d\u2019un acc\u00e8s illimit\u00e9 \u00e0 Rue89Bordeaux. Annulez quand vous voulez.\n\t\t\t\t\t<\/p>\n<p class=\"xl:text-sm\">\n\t\t\t\t\tD\u00e9j\u00e0 abonn\u00e9\u00a0?<br \/>\n\t\t\t\t\t<a class=\"border border-transparent text-center transition-colors duration-instant focus:border-info focus:rounded focus:shadow-focus cursor-pointer text-black hover:text-gray-700 active:bg-black-700 font-semibold inline-block\" href=\"https:\/\/rue89bordeaux.com\/user\/login\/?redirect=\/2025\/12\/le-departement-de-la-gironde-doit-degrader-les-services-publics-pour-economiser-92-millions-deuros-en-trois-ans\/\" target=\"_blank\" rel=\"noopener\">Connectez-vous<\/a>\t\t\t\t<\/p>\n<p>\n\t\t\t\tChoisissez votre formule\u00a0:\n\t\t\t<\/p>\n<p>\t\t\t\tFermer<\/p>\n","protected":false},"excerpt":{"rendered":"Le Conseil d\u00e9partemental de la Gironde a adopt\u00e9 ce lundi 1er d\u00e9cembre un plan de retour \u00e0 l\u2019\u00e9quilibre,&hellip;\n","protected":false},"author":2,"featured_media":571744,"comment_status":"","ping_status":"","sticky":false,"template":"","format":"standard","meta":{"footnotes":""},"categories":[2817],"tags":[1111,11,1997,36593,68660,1777,674,1011,27,68661,12,2219,316,25],"class_list":{"0":"post-571743","1":"post","2":"type-post","3":"status-publish","4":"format-standard","5":"has-post-thumbnail","7":"category-bordeaux","8":"tag-actu","9":"tag-actualites","10":"tag-bordeaux","11":"tag-chambre-regionale-des-comptes-de-nouvelle-aquitaine","12":"tag-departement-de-la-gironde","13":"tag-eu","14":"tag-europe","15":"tag-fr","16":"tag-france","17":"tag-jean-luc-gleyze","18":"tag-news","19":"tag-nouvelle-aquitaine","20":"tag-politique","21":"tag-republique-francaise"},"share_on_mastodon":{"url":"https:\/\/pubeurope.com\/@fr\/115646446155986321","error":""},"_links":{"self":[{"href":"https:\/\/www.europesays.com\/fr\/wp-json\/wp\/v2\/posts\/571743","targetHints":{"allow":["GET"]}}],"collection":[{"href":"https:\/\/www.europesays.com\/fr\/wp-json\/wp\/v2\/posts"}],"about":[{"href":"https:\/\/www.europesays.com\/fr\/wp-json\/wp\/v2\/types\/post"}],"author":[{"embeddable":true,"href":"https:\/\/www.europesays.com\/fr\/wp-json\/wp\/v2\/users\/2"}],"replies":[{"embeddable":true,"href":"https:\/\/www.europesays.com\/fr\/wp-json\/wp\/v2\/comments?post=571743"}],"version-history":[{"count":0,"href":"https:\/\/www.europesays.com\/fr\/wp-json\/wp\/v2\/posts\/571743\/revisions"}],"wp:featuredmedia":[{"embeddable":true,"href":"https:\/\/www.europesays.com\/fr\/wp-json\/wp\/v2\/media\/571744"}],"wp:attachment":[{"href":"https:\/\/www.europesays.com\/fr\/wp-json\/wp\/v2\/media?parent=571743"}],"wp:term":[{"taxonomy":"category","embeddable":true,"href":"https:\/\/www.europesays.com\/fr\/wp-json\/wp\/v2\/categories?post=571743"},{"taxonomy":"post_tag","embeddable":true,"href":"https:\/\/www.europesays.com\/fr\/wp-json\/wp\/v2\/tags?post=571743"}],"curies":[{"name":"wp","href":"https:\/\/api.w.org\/{rel}","templated":true}]}}