{"id":571745,"date":"2025-12-01T21:32:46","date_gmt":"2025-12-01T21:32:46","guid":{"rendered":"https:\/\/www.europesays.com\/fr\/571745\/"},"modified":"2025-12-01T21:32:46","modified_gmt":"2025-12-01T21:32:46","slug":"lartiste-portugaise-joana-vasconcelos-dessine-letiquette-du-millesime-2023-du-chateau-mouton-rothschild","status":"publish","type":"post","link":"https:\/\/www.europesays.com\/fr\/571745\/","title":{"rendered":"l\u2019artiste portugaise Joana Vasconcelos dessine l\u2019\u00e9tiquette du mill\u00e9sime 2023 du ch\u00e2teau Mouton Rothschild"},"content":{"rendered":"<p>Cette nouvelle \u00e9tiquette \u2013 tr\u00e8s attendue par les amateurs de vin et d\u2019art \u2013 a \u00e9t\u00e9 d\u00e9voil\u00e9e ce 1er\u00a0d\u00e9cembre. Elle concerne le mill\u00e9sime 2023 car c\u2019est celui qui va arriver sur les march\u00e9s ces prochaines semaines. Il se passe en effet deux ans entre la r\u00e9colte et la mise en vente d\u2019un grand cru.<\/p>\n<p>        <img decoding=\"async\" id=\"26932837\" src=\"https:\/\/www.europesays.com\/fr\/wp-content\/uploads\/2025\/12\/etiquette-chateau-mouton-rothschild-2023.jpg\" alt=\"D\u00e9voil\u00e9e ce 1er\u00a0d\u00e9cembre, l\u2019\u00e9tiquette du mill\u00e9sime 2023 est tr\u00e8s color\u00e9e.\" itemprop=\"contentURL\"\/><\/p>\n<p>    D\u00e9voil\u00e9e ce 1er\u00a0d\u00e9cembre, l\u2019\u00e9tiquette du mill\u00e9sime 2023 est tr\u00e8s color\u00e9e.<\/p>\n<p>Mouton Rothschild<\/p>\n<p>    La terre, l\u2019eau et le soleil<\/p>\n<p>Le dessin imagin\u00e9 par cette artiste n\u00e9e \u00e0 Paris et qui travaille \u00e0 Lisbonne, r\u00e9unit autour d\u2019une grappe et de son feuillage ce qu\u2019elle consid\u00e8re comme les \u00e9l\u00e9ments propres \u00e0 la confection d\u2019un vin\u00a0: la terre, l\u2019eau, les rayons du soleil et la fra\u00eecheur de la nuit. Le tout est tr\u00e8s color\u00e9, du rose au bleu, du vert au jaune. L\u2019\u0153uvre, baptis\u00e9e \u00ab\u00a0Paraiso\u00a0\u00bb (\u00ab\u00a0Paradis\u00a0\u00bb), est dans la droite ligne de l\u2019univers gai et bigarr\u00e9 que Joana Vasconcelos expose depuis des ann\u00e9es (sculptures et autres \u0153uvres monumentales) dans les galeries les plus prestigieuses.<\/p>\n<p>\u00ab\u00a0\u2018\u2018Paraiso\u2019\u2019 est une \u0153uvre inspir\u00e9e par l\u2019id\u00e9e de perfection, de luxe et d\u2019harmonie entre la nature et l\u2019homme, explique l\u2019artiste. Je suis privil\u00e9gi\u00e9e et honor\u00e9e d\u2019\u00eatre associ\u00e9e \u00e0 un si grand ch\u00e2teau.\u00a0\u00bb Au niveau des propri\u00e9taires, c\u2019est Julien de Beaumarchais de Rothschild qui a pilot\u00e9 ce partenariat\u00a0: \u00ab\u00a0Ce qui me pla\u00eet chez cette artiste est le lien qu\u2019elle fait dans ses \u0153uvres entre l\u2019art et l\u2019artisanat. C\u2019est ce que nous faisons aussi \u00e0 Mouton Rothschild, avec ce c\u00f4t\u00e9 unique, rare et pr\u00e9cieux de chaque mill\u00e9sime.\u00a0\u00bb<\/p>\n","protected":false},"excerpt":{"rendered":"Cette nouvelle \u00e9tiquette \u2013 tr\u00e8s attendue par les amateurs de vin et d\u2019art \u2013 a \u00e9t\u00e9 d\u00e9voil\u00e9e ce&hellip;\n","protected":false},"author":2,"featured_media":571746,"comment_status":"","ping_status":"","sticky":false,"template":"","format":"standard","meta":{"footnotes":""},"categories":[2817],"tags":[1111,11,1997,1777,674,1011,27,12,2219,25],"class_list":{"0":"post-571745","1":"post","2":"type-post","3":"status-publish","4":"format-standard","5":"has-post-thumbnail","7":"category-bordeaux","8":"tag-actu","9":"tag-actualites","10":"tag-bordeaux","11":"tag-eu","12":"tag-europe","13":"tag-fr","14":"tag-france","15":"tag-news","16":"tag-nouvelle-aquitaine","17":"tag-republique-francaise"},"share_on_mastodon":{"url":"https:\/\/pubeurope.com\/@fr\/115646455750478606","error":""},"_links":{"self":[{"href":"https:\/\/www.europesays.com\/fr\/wp-json\/wp\/v2\/posts\/571745","targetHints":{"allow":["GET"]}}],"collection":[{"href":"https:\/\/www.europesays.com\/fr\/wp-json\/wp\/v2\/posts"}],"about":[{"href":"https:\/\/www.europesays.com\/fr\/wp-json\/wp\/v2\/types\/post"}],"author":[{"embeddable":true,"href":"https:\/\/www.europesays.com\/fr\/wp-json\/wp\/v2\/users\/2"}],"replies":[{"embeddable":true,"href":"https:\/\/www.europesays.com\/fr\/wp-json\/wp\/v2\/comments?post=571745"}],"version-history":[{"count":0,"href":"https:\/\/www.europesays.com\/fr\/wp-json\/wp\/v2\/posts\/571745\/revisions"}],"wp:featuredmedia":[{"embeddable":true,"href":"https:\/\/www.europesays.com\/fr\/wp-json\/wp\/v2\/media\/571746"}],"wp:attachment":[{"href":"https:\/\/www.europesays.com\/fr\/wp-json\/wp\/v2\/media?parent=571745"}],"wp:term":[{"taxonomy":"category","embeddable":true,"href":"https:\/\/www.europesays.com\/fr\/wp-json\/wp\/v2\/categories?post=571745"},{"taxonomy":"post_tag","embeddable":true,"href":"https:\/\/www.europesays.com\/fr\/wp-json\/wp\/v2\/tags?post=571745"}],"curies":[{"name":"wp","href":"https:\/\/api.w.org\/{rel}","templated":true}]}}