{"id":571747,"date":"2025-12-01T21:35:33","date_gmt":"2025-12-01T21:35:33","guid":{"rendered":"https:\/\/www.europesays.com\/fr\/571747\/"},"modified":"2025-12-01T21:35:33","modified_gmt":"2025-12-01T21:35:33","slug":"le-site-vient-detre-vendu","status":"publish","type":"post","link":"https:\/\/www.europesays.com\/fr\/571747\/","title":{"rendered":"le site vient d&rsquo;\u00eatre vendu"},"content":{"rendered":"<p>                    Par<br \/>\n        <strong><br \/>\n            <a href=\"https:\/\/actu.fr\/auteur\/david-saint-sernin\" title=\"Consulter tous les articles de David Saint-Sernin\" target=\"_blank\" rel=\"noopener\">David Saint-Sernin<\/a><br \/>\n                    <\/strong><\/p>\n<p>        Publi\u00e9 le<\/p>\n<p>            1 d\u00e9c. 2025 \u00e0 18h18        <\/p>\n<p>Il y a encore quelques semaines, les usagers du m\u00e9tro pouvaient y stationner avant d\u2019emprunter la ligne A <strong>\u00e0 Toulouse.<\/strong> Mais depuis le 29\u00a0ao\u00fbt 2025,<a href=\"https:\/\/actu.fr\/occitanie\/toulouse_31555\/avec-la-fermeture-definitive-de-ce-parking-en-pleine-ville-un-nouveau-basculement-de-toulouse-s-opere_63088871.html\" target=\"_blank\" rel=\"noopener\"> le parking relais de Jolimont avait \u00e9t\u00e9 ferm\u00e9 au public par Tiss\u00e9o<\/a>. Puis, le syndicat mixte des transports de l\u2019agglom\u00e9ration toulousaine avait vendu ce parking de 150 places \u00e0 Nexity, un promoteur immobilier, dans le cadre d\u2019un<a href=\"https:\/\/actu.fr\/occitanie\/toulouse_31555\/toulouse-en-face-du-metro-ce-nouveau-quartier-va-sortir-de-terre-un-parking-de-tisseo-supprime_61390716.html\" target=\"_blank\" rel=\"noopener\"> vaste projet pr\u00e9vu de longue date.<\/a> Le foncier avait officiellement \u00e9t\u00e9 c\u00e9d\u00e9 au d\u00e9but du mois de novembre. Lundi 1er d\u00e9cembre 2025, des v\u00e9hicules stationnent \u00e0 nouveau sur le parking situ\u00e9 juste devant la station de Jolimont. Mais cela n\u2019a pas \u00e9t\u00e9 vraiment voulu. Des gens du voyage se sont en effet introduits dans l\u2019enceinte et occupent le site situ\u00e9 au c\u0153ur de Toulouse.<\/p>\n<p>La vie s\u2019organise dans le nouveau camp des gens du voyage<\/p>\n<p class=\" wall-content\">Sur le parking, la vie du nouveau camp s\u2019organise. Le linge est suspendu \u00e0 des cordes, des tentes ont \u00e9t\u00e9 dispos\u00e9es, et des poubelles ont \u00e9t\u00e9 install\u00e9es \u00e0 l\u2019entr\u00e9e. Les nouveaux occupants de l\u2019ex-parking sont plut\u00f4t discrets avec les basses temp\u00e9ratures qui s\u00e9vissent en d\u00e9but de journ\u00e9e.<\/p>\n<p class=\" wall-content\">\u00c0 l\u2019entr\u00e9e de l\u2019ancien parking, le dispositif anti-intrusion s\u2019est r\u00e9v\u00e9l\u00e9 inefficace comme a pu le constater Actu Toulouse. Le portail a \u00e9t\u00e9 forc\u00e9. Les blocs de b\u00e9ton qui avait \u00e9t\u00e9 install\u00e9 ont \u00e9t\u00e9 d\u00e9plac\u00e9s.<\/p>\n<p>    <img   decoding=\"async\" loading=\"lazy\" src=\"https:\/\/www.europesays.com\/fr\/wp-content\/uploads\/2025\/12\/20251201-121348-960x640.jpg\" alt=\"Le portail qui assurait la protection du parking a \u00e9t\u00e9 forc\u00e9, les blocs de b\u00e9ton d\u00e9plac\u00e9s.\" width=\"960\" height=\"640\"\/><br \/>\n    Le portail qui assurait la protection du parking a \u00e9t\u00e9 forc\u00e9, les blocs de b\u00e9ton d\u00e9plac\u00e9s pour lib\u00e9rer une voie d\u2019acc\u00e8s. (\u00a9David Saint-Sernin\/Actu Toulouse)Une trentaine de caravanes sur place<\/p>\n<p class=\" wall-content\">Une trentaine de caravanes stationne sur place. Le nouveau propri\u00e9taire du site, le promoteur immobilier Nexity, ne peut que constater les d\u00e9g\u00e2ts ce lundi matin.<\/p>\n<p class=\" wall-content\">Contact\u00e9 par Actu Toulouse, il indique avoir \u00ab\u2009imm\u00e9diatement inform\u00e9 les autorit\u00e9s comp\u00e9tentes et d\u00e9pos\u00e9 une demande d\u2019\u00e9vacuation, qui a \u00e9t\u00e9 accept\u00e9e\u2009\u00bb.<\/p>\n<p class=\" wall-content\">Nexity poursuit\u2009:<\/p>\n<p class=\" wall-content\">\u00ab\u2009Un huissier doit se rendre sur place prochainement pour prononcer l\u2019expulsion. Si cette proc\u00e9dure n\u2019aboutit pas, nous solliciterons l\u2019intervention de la force publique\u2009\u00bb.<\/p>\n<p>Votre r\u00e9gion, votre actu !<\/p>\n<p>Recevez chaque jour les infos qui comptent pour vous.<\/p>\n<p>\t<a href=\"https:\/\/actu.fr\/newsletter\" class=\"ac-btn ac-btn--corner ac-btn--medium ac-btn--blue800\" target=\"_blank\" rel=\"noopener\">S&rsquo;incrire<\/a><\/p>\n<p class=\" wall-content\">Pour rappel, Nexity va transformer le site de l\u2019ancien parking. C\u2019est un vaste projet immobilier qui est pr\u00e9vu ici.<\/p>\n<p>Un vaste projet immobilier doit voir le jour<\/p>\n<p class=\" wall-content\">Quatre immeubles vont \u00e9merger de part et d\u2019autre du viaduc qui relie les stations de m\u00e9tro de Jolimont et la Roseraie.<\/p>\n<p class=\" wall-content\">\u00ab\u2009Il y aura des logements, des bureaux, des commerces\u2009\u00bb, expliquait en 2024 <strong>Christophe Brochet<\/strong>, directeur r\u00e9gional de Nexity.<\/p>\n<p>    <img   decoding=\"async\" loading=\"lazy\" src=\"https:\/\/www.europesays.com\/fr\/wp-content\/uploads\/2025\/12\/20251201-121519-960x640.jpg\" alt=\"Les caravanes sont stationn\u00e9es juste en dessous du viaduc du m\u00e9tro qui permet de relier Jolimont \u00e0 la Roseraie.\" width=\"960\" height=\"640\"\/><br \/>\n    Les caravanes sont stationn\u00e9es juste en dessous du viaduc du m\u00e9tro qui permet de relier Jolimont \u00e0 la Roseraie. (\u00a9David Saint-Sernin\/Actu Toulouse)Plus de 200 logements<\/p>\n<p class=\" wall-content\">Logements, bureaux, commerces, cr\u00e8che\u2026 Un premier b\u00e2timent accueillera<strong> une\u00a0r\u00e9sidence \u00e9tudiante\u00a0avec\u00a0119 logements<\/strong>, un deuxi\u00e8me abritera <strong>une\u00a0pension de famille\u00a0avec\u00a031 lots<\/strong>\u00a0et un troisi\u00e8me proposera\u00a0<strong>96 logements<\/strong>, dont de l\u2019habitat social et \u00ab\u2009\u00e0 prix ma\u00eetris\u00e9s\u2009\u00bb. Pour stationner leurs v\u00e9hicules, quelque\u00a0<strong>202 places de parkings souterrains\u00a0<\/strong>sont pr\u00e9vues.<\/p>\n<p class=\" wall-content\">De l\u2019autre c\u00f4t\u00e9 du viaduc du m\u00e9tro, c\u2019est <strong>un immeuble de 5\u2009700 m\u00b2<\/strong>, avec bureaux et commerces, qui verra le jour. Une grande enseigne commerciale s\u2019installera sur 500 m\u00b2, en rez-de-chauss\u00e9e.<\/p>\n<p>\u00ab\u2009Les travaux d\u00e9buteront avant la fin de l\u2019ann\u00e9e\u2009\u00bb<\/p>\n<p class=\" wall-content\">Le projet est connu depuis longtemps\u2009puisqu\u2019il a \u00e9t\u00e9 imagin\u00e9 dans le cadre de l\u2019appel \u00e0 projets \u00ab\u2009Dessine-Moi Toulouse\u2009\u00bb il y\u00a0a d\u00e9j\u00e0 quelques ann\u00e9es.<\/p>\n<p class=\" wall-content\">L\u2019ambition initiale de Nexity \u00e9tait de d\u00e9marrer le chantier avant la fin de l\u2019ann\u00e9e 2025. Malgr\u00e9 l\u2019intrusion des gens du voyage, le promoteur reste sur ce calendrier\u2009:<\/p>\n<p class=\" wall-content\">\u00ab\u2009Les travaux d\u00e9buteront avant la fin de l\u2019ann\u00e9e\u2009\u00bb.<\/p>\n<p class=\" wall-content\">Personnalisez votre actualit\u00e9 en ajoutant vos villes et m\u00e9dias en favori avec <a href=\"https:\/\/moncompte.actu.fr\" title=\"D\u00e9couvez Mon Actu\" rel=\"nofollow noopener\" data-trk=\"{&quot;cta&quot;:{&quot;action&quot;:&quot;https:\\\/\\\/moncompte.actu.fr&quot;,&quot;category&quot;:&quot;mon compte&quot;,&quot;from&quot;:&quot;article footer&quot;,&quot;name&quot;:&quot;Mon actu&quot;,&quot;type&quot;:&quot;cta&quot;}}\" target=\"_blank\">Mon Actu<\/a>.<\/p>\n","protected":false},"excerpt":{"rendered":"Par David Saint-Sernin Publi\u00e9 le 1 d\u00e9c. 2025 \u00e0 18h18 Il y a encore quelques semaines, les usagers&hellip;\n","protected":false},"author":2,"featured_media":571748,"comment_status":"","ping_status":"","sticky":false,"template":"","format":"standard","meta":{"footnotes":""},"categories":[2816],"tags":[1111,11,1777,674,1011,27,10596,12,2680,25,104,2312,586],"class_list":{"0":"post-571747","1":"post","2":"type-post","3":"status-publish","4":"format-standard","5":"has-post-thumbnail","7":"category-toulouse","8":"tag-actu","9":"tag-actualites","10":"tag-eu","11":"tag-europe","12":"tag-fr","13":"tag-france","14":"tag-metro-de-toulouse","15":"tag-news","16":"tag-occitanie","17":"tag-republique-francaise","18":"tag-societe","19":"tag-toulouse","20":"tag-voyage"},"share_on_mastodon":{"url":"https:\/\/pubeurope.com\/@fr\/115646468746736497","error":""},"_links":{"self":[{"href":"https:\/\/www.europesays.com\/fr\/wp-json\/wp\/v2\/posts\/571747","targetHints":{"allow":["GET"]}}],"collection":[{"href":"https:\/\/www.europesays.com\/fr\/wp-json\/wp\/v2\/posts"}],"about":[{"href":"https:\/\/www.europesays.com\/fr\/wp-json\/wp\/v2\/types\/post"}],"author":[{"embeddable":true,"href":"https:\/\/www.europesays.com\/fr\/wp-json\/wp\/v2\/users\/2"}],"replies":[{"embeddable":true,"href":"https:\/\/www.europesays.com\/fr\/wp-json\/wp\/v2\/comments?post=571747"}],"version-history":[{"count":0,"href":"https:\/\/www.europesays.com\/fr\/wp-json\/wp\/v2\/posts\/571747\/revisions"}],"wp:featuredmedia":[{"embeddable":true,"href":"https:\/\/www.europesays.com\/fr\/wp-json\/wp\/v2\/media\/571748"}],"wp:attachment":[{"href":"https:\/\/www.europesays.com\/fr\/wp-json\/wp\/v2\/media?parent=571747"}],"wp:term":[{"taxonomy":"category","embeddable":true,"href":"https:\/\/www.europesays.com\/fr\/wp-json\/wp\/v2\/categories?post=571747"},{"taxonomy":"post_tag","embeddable":true,"href":"https:\/\/www.europesays.com\/fr\/wp-json\/wp\/v2\/tags?post=571747"}],"curies":[{"name":"wp","href":"https:\/\/api.w.org\/{rel}","templated":true}]}}