{"id":571749,"date":"2025-12-01T21:38:34","date_gmt":"2025-12-01T21:38:34","guid":{"rendered":"https:\/\/www.europesays.com\/fr\/571749\/"},"modified":"2025-12-01T21:38:34","modified_gmt":"2025-12-01T21:38:34","slug":"la-gauche-hors-lfi-designe-francois-briancon-a-la-ville-et-regis-godec-a-la-metropole","status":"publish","type":"post","link":"https:\/\/www.europesays.com\/fr\/571749\/","title":{"rendered":"la gauche hors-LFI d\u00e9signe Fran\u00e7ois Brian\u00e7on \u00e0 la Ville et R\u00e9gis Godec \u00e0 la M\u00e9tropole"},"content":{"rendered":"<p>                    Par<br \/>\n        <strong><br \/>\n            <a href=\"https:\/\/actu.fr\/auteur\/marie-lamarque\" title=\"Consulter tous les articles de Marie Lamarque\" target=\"_blank\" rel=\"noopener\">Marie Lamarque<\/a><br \/>\n                    <\/strong><\/p>\n<p>        Publi\u00e9 le<\/p>\n<p>            1 d\u00e9c. 2025 \u00e0 21h05        <\/p>\n<p>C\u2019\u00e9tait un secret de polichinelle, c\u2019est d\u00e9sormais officiel. D\u00e9sign\u00e9 dimanche 30 novembre 2025 en soir\u00e9e par l\u2019ensemble des formations politiques engag\u00e9es aux c\u00f4t\u00e9s du Parti socialiste, <strong>Fran\u00e7ois Brian\u00e7on<\/strong> sera le candidat de la gauche (hors LFI) lors des prochaines \u00e9lections municipales \u00e0 <a href=\"https:\/\/actu.fr\/toulouse\/\" target=\"_blank\" rel=\"noopener\"><strong>Toulouse<\/strong><\/a>. Une information cens\u00e9e \u00eatre sous embargo jusqu\u2019\u00e0 mercredi et sa pr\u00e9sentation officielle, mais qui a fuit\u00e9 ce lundi. \u00ab Le vote s\u2019est fait \u00e0 l\u2019unanimit\u00e9 \u00bb, pr\u00e9cise \u00e0\u00a0Actu Toulouse la conseill\u00e8re municipale d\u2019opposition\u00a0Isabelle Hardy, l\u2019une des figures de la gauche unie hors LFI dans la Ville rose, repr\u00e9sentant le parti G\u00e9n\u00e9ration.s.\u00a0<\/p>\n<p>La course lanc\u00e9e<\/p>\n<p class=\" wall-content\">\u00c0 gauche, les discussions ont \u00e9t\u00e9 longues. Le choix pes\u00e9. Tandis que dans d\u2019autres camps, la course aux \u00e9lections municipales \u00e9tait bien engag\u00e9e. <strong>Jean-Luc Moudenc<\/strong>, maire (DVD) candidat \u00e0 sa r\u00e9\u00e9lection, <a href=\"https:\/\/actu.fr\/occitanie\/toulouse_31555\/municipales-2026-a-toulouse-jean-luc-moudenc-presente-son-premier-colistier-une-figure-du-commerce-local_63436574.html\" target=\"_blank\" rel=\"noopener\">d\u00e9voile au compte-gouttes les membres de sa liste<\/a>. Ce lundi, il r\u00e9v\u00e9lait le nom de son 5\u1d49 colistier : <strong>Philippe Acar<\/strong>, professeur en cardiologie p\u00e9diatrique au CHU de Toulouse.<\/p>\n<p class=\" wall-content\">\u00c0 gauche toute, du c\u00f4t\u00e9 de La France Insoumise, le d\u00e9put\u00e9-candidat <strong>Fran\u00e7ois Piquemal<\/strong> multiplie les conf\u00e9rences de presse, d\u00e9voilant les diff\u00e9rentes parties de son programme, dont son projet de rendre les transports gratuits aux moins de 26 ans. Intention illustr\u00e9e par la distribution de <strong>faux tickets de transport <\/strong><a href=\"https:\/\/actu.fr\/occitanie\/toulouse_31555\/municipales-a-toulouse-la-liste-de-francois-piquemal-raille-l-alliance-de-la-carpe-et-du-lapin-a-gauche_63502641.html\" target=\"_blank\" rel=\"noopener\">incitant \u00e0 voter<\/a>.<\/p>\n<p class=\" wall-content\">Pendant ce temps, <a href=\"https:\/\/actu.fr\/occitanie\/toulouse_31555\/municipales-2026-a-toulouse-les-ecologistes-balaient-l-idee-des-insoumis-qui-leur-promettaient-la-metropole_62498321.html\" target=\"_blank\" rel=\"noopener\">les discussions se poursuivaient<\/a> entre les diff\u00e9rents groupes de la gauche : le Parti socialiste, les \u00c9cologistes, Archipel citoyen, le Parti communiste, G\u00e9n\u00e9ration.s, le Parti radical de gauche, le Mouvement r\u00e9publicain et citoyen, Place publique et Nouvelle donne. Mais la perspective de voir une seule liste de gauche a fait long feu, <strong>aucun accord n\u2019ayant pu \u00eatre trouv\u00e9 avec LFI<\/strong>.\u00a0<\/p>\n<p>Fran\u00e7ois Brian\u00e7on, visage de la gauche unie (hors LFI)<\/p>\n<p class=\" wall-content\"><strong>Isabelle Hardy, R\u00e9gis Godec, <\/strong>chef de file des \u00c9cologistes, <strong>Maxime Le Texier<\/strong>, celui d\u2019Archipel citoyen,<strong>\u00a0Fran\u00e7ois Brian\u00e7on<\/strong>\u2026 Plusieurs personnalit\u00e9s s\u2019\u00e9taient positionn\u00e9es pour \u00eatre le visage de cette nouvelle alternative \u00e0 gauche. C\u2019est finalement l\u2019ancien adjoint au sport sous Pierre Cohen (maire de Toulouse de 2008 \u00e0 2014), aujourd\u2019hui conseiller municipal et m\u00e9tropolitain \u00e0 l\u2019opposition, qui a \u00e9t\u00e9 choisi.<\/p>\n<p>Vid\u00e9os : en ce moment sur Actu<br \/>\n    <img   decoding=\"async\" loading=\"lazy\" src=\"https:\/\/www.europesays.com\/fr\/wp-content\/uploads\/2025\/12\/francois-briancon-ps-toulouse-960x640.jpg\" alt=\"Fran\u00e7ois Brian\u00e7on sera t\u00eate de liste de la gauche unie pour les Municipales 2026 \u00e0 Toulouse\" width=\"960\" height=\"640\"\/><br \/>\n    Fran\u00e7ois Brian\u00e7on sera t\u00eate de liste de la gauche unie pour les Municipales 2026 \u00e0 Toulouse (\u00a9DR)Un accord avec R\u00e9gis Godec pour la M\u00e9tropole<\/p>\n<p class=\" wall-content\">D\u2019apr\u00e8s nos informations, le chef de file du PS a convenu d\u2019un accord avec ses partenaires de gauche : en cas de victoire, il sera \u00e0 la t\u00eate de la Ville, et l\u2019\u00e9cologiste <strong>R\u00e9gis Godec<\/strong>, \u00e0 celle de Toulouse M\u00e9tropole, <a href=\"https:\/\/actu.fr\/occitanie\/toulouse_31555\/municipales-2026-toulouse-le-ps-tres-optimiste-pour-aboutir-a-un-accord-avec-la-gauche-mais-sans-lfi_62796068.html\" target=\"_blank\" rel=\"noopener\">comme il l\u2019avait propos\u00e9 d\u00e8s le printemps.<\/a><\/p>\n<p>Votre r\u00e9gion, votre actu !<\/p>\n<p>Recevez chaque jour les infos qui comptent pour vous.<\/p>\n<p>\t<a href=\"https:\/\/actu.fr\/newsletter\" class=\"ac-btn ac-btn--corner ac-btn--medium ac-btn--blue800\" target=\"_blank\" rel=\"noopener\">S&rsquo;incrire<\/a><\/p>\n<p>    <img   decoding=\"async\" loading=\"lazy\" src=\"https:\/\/www.europesays.com\/fr\/wp-content\/uploads\/2025\/11\/regis-godec-chef-de-file-ecologistes-municipales-2026-toulouse-ml-960x640.jpg\" alt=\"Chef de file des \u00e9cologistes pour cette campagne, R\u00e9gis Godec balaie la proposition de Fran\u00e7ois Piquemal, qui lui proposait un ticket Ville-M\u00e9tropole pour les Municipales 2026\" width=\"960\" height=\"640\"\/><br \/>\n    En cas de victoire, R\u00e9gis Godec sera propos\u00e9 comme pr\u00e9sident de Toulouse M\u00e9tropole par Fran\u00e7ois Brian\u00e7on (\u00a9Mar\u00e9va Laville \/ Actu Toulouse)Une liste \u00ab\u00a0en construction\u00a0\u00bb<\/p>\n<p class=\" wall-content\">Cette nouvelle liste de gauche, qui est encore \u00ab\u00a0en cours de construction\u00a0\u00bb, pr\u00e9cise Isabelle Hardy, donnera les grandes lignes <strong>de son programme<\/strong> ce mercredi.<\/p>\n<p class=\" wall-content\">Des id\u00e9es qui devraient notamment r\u00e9unir celles d\u00e9j\u00e0 communiqu\u00e9s par R\u00e9gis Godec depuis l\u2019annonce de son engagement <a href=\"https:\/\/actu.fr\/occitanie\/toulouse_31555\/toulouse-les-ecologistes-ont-choisi-leur-chef-de-file-pour-les-municipales-2026_61851341.html\" target=\"_blank\" rel=\"noopener\">il y a un an<\/a> ; mais aussi celles de Fran\u00e7ois Brian\u00e7on qui d\u00e9clarait, il y a moins de 15 jours, vouloir cr\u00e9er <a href=\"https:\/\/actu.fr\/occitanie\/toulouse_31555\/municipales-2026-a-toulouse-francois-briancon-veut-un-3e-grand-hopital-comme-purpan-et-rangueil_63458297.html\" target=\"_blank\" rel=\"noopener\">un 3e grand h\u00f4pital\u00a0\u00bb<\/a>\u00a0comme Purpan et Rangueil au nord de la Ville rose.<\/p>\n<p class=\" wall-content\">Les Toulousains sont appel\u00e9s \u00e0 <strong>se rendre\u00a0aux urnes les dimanches 15 et 22 mars prochains<\/strong>.<\/p>\n<p class=\" wall-content\">Personnalisez votre actualit\u00e9 en ajoutant vos villes et m\u00e9dias en favori avec <a href=\"https:\/\/moncompte.actu.fr\" title=\"D\u00e9couvez Mon Actu\" rel=\"nofollow noopener\" data-trk=\"{&quot;cta&quot;:{&quot;action&quot;:&quot;https:\\\/\\\/moncompte.actu.fr&quot;,&quot;category&quot;:&quot;mon compte&quot;,&quot;from&quot;:&quot;article footer&quot;,&quot;name&quot;:&quot;Mon actu&quot;,&quot;type&quot;:&quot;cta&quot;}}\" target=\"_blank\">Mon Actu<\/a>.<\/p>\n","protected":false},"excerpt":{"rendered":"Par Marie Lamarque Publi\u00e9 le 1 d\u00e9c. 2025 \u00e0 21h05 C\u2019\u00e9tait un secret de polichinelle, c\u2019est d\u00e9sormais officiel.&hellip;\n","protected":false},"author":2,"featured_media":571750,"comment_status":"","ping_status":"","sticky":false,"template":"","format":"standard","meta":{"footnotes":""},"categories":[2816],"tags":[1111,11,4188,1777,674,7430,1011,27,3434,12,2680,4484,316,25,2312],"class_list":{"0":"post-571749","1":"post","2":"type-post","3":"status-publish","4":"format-standard","5":"has-post-thumbnail","7":"category-toulouse","8":"tag-actu","9":"tag-actualites","10":"tag-elections-municipales","11":"tag-eu","12":"tag-europe","13":"tag-europe-ecologie-les-verts-eelv","14":"tag-fr","15":"tag-france","16":"tag-municipales-2026","17":"tag-news","18":"tag-occitanie","19":"tag-parti-socialiste-ps","20":"tag-politique","21":"tag-republique-francaise","22":"tag-toulouse"},"share_on_mastodon":{"url":"https:\/\/pubeurope.com\/@fr\/115646478741432238","error":""},"_links":{"self":[{"href":"https:\/\/www.europesays.com\/fr\/wp-json\/wp\/v2\/posts\/571749","targetHints":{"allow":["GET"]}}],"collection":[{"href":"https:\/\/www.europesays.com\/fr\/wp-json\/wp\/v2\/posts"}],"about":[{"href":"https:\/\/www.europesays.com\/fr\/wp-json\/wp\/v2\/types\/post"}],"author":[{"embeddable":true,"href":"https:\/\/www.europesays.com\/fr\/wp-json\/wp\/v2\/users\/2"}],"replies":[{"embeddable":true,"href":"https:\/\/www.europesays.com\/fr\/wp-json\/wp\/v2\/comments?post=571749"}],"version-history":[{"count":0,"href":"https:\/\/www.europesays.com\/fr\/wp-json\/wp\/v2\/posts\/571749\/revisions"}],"wp:featuredmedia":[{"embeddable":true,"href":"https:\/\/www.europesays.com\/fr\/wp-json\/wp\/v2\/media\/571750"}],"wp:attachment":[{"href":"https:\/\/www.europesays.com\/fr\/wp-json\/wp\/v2\/media?parent=571749"}],"wp:term":[{"taxonomy":"category","embeddable":true,"href":"https:\/\/www.europesays.com\/fr\/wp-json\/wp\/v2\/categories?post=571749"},{"taxonomy":"post_tag","embeddable":true,"href":"https:\/\/www.europesays.com\/fr\/wp-json\/wp\/v2\/tags?post=571749"}],"curies":[{"name":"wp","href":"https:\/\/api.w.org\/{rel}","templated":true}]}}