{"id":571751,"date":"2025-12-01T21:40:22","date_gmt":"2025-12-01T21:40:22","guid":{"rendered":"https:\/\/www.europesays.com\/fr\/571751\/"},"modified":"2025-12-01T21:40:22","modified_gmt":"2025-12-01T21:40:22","slug":"roubaix-une-toute-nouvelle-boutique-a-ouvert-ses-portes-au-centre-commercial-lusine-juste-avant-noel","status":"publish","type":"post","link":"https:\/\/www.europesays.com\/fr\/571751\/","title":{"rendered":"Roubaix. Une toute nouvelle boutique a ouvert ses portes au centre commercial L&rsquo;Usine, juste avant No\u00ebl"},"content":{"rendered":"<p>                    Par<br \/>\n        <strong><br \/>\n            <a href=\"https:\/\/actu.fr\/auteur\/nicolas-demollien\" title=\"Consulter tous les articles de Nicolas Demollien\" target=\"_blank\" rel=\"noopener\">Nicolas Demollien<\/a><br \/>\n                    <\/strong><\/p>\n<p>        Publi\u00e9 le<\/p>\n<p>            1 d\u00e9c. 2025 \u00e0 18h46        <\/p>\n<p>Les<b> amoureux des cartes en tous genres<\/b> vont \u00eatre ravis ! Depuis fin novembre 2025, une <b>toute nouvelle boutique<\/b> a ouvert ses portes au sein du <b>centre commercial L\u2019Usine<\/b> de <a href=\"https:\/\/actu.fr\/hauts-de-france\/roubaix_59512\" target=\"_blank\" rel=\"noopener\">Roubaix<\/a> (Nord). Vous y trouvez de pr\u00e9cieux <b>objets qui font la joie des collectionneurs<\/b>.<\/p>\n<p>Arena Card, nouvelle boutique du centre commercial L\u2019Usine \u00e0 Roubaix<\/p>\n<p class=\" wall-content\">C\u2019est en effet les portes de l\u2019<b>enseigne Arena Card<\/b> que vous pouvez d\u00e9sormais pousser. \u00ab\u00a0Il s\u2019agit d\u2019une\u00a0boutique d\u00e9di\u00e9e \u00e0 l\u2019univers TCG (<b>trading card games<\/b>). Les licences les plus pris\u00e9es y seront propos\u00e9es : Pok\u00e9mon, One piece, Magic, Lorcana ou encore Yu-Gi-Oh\u00a0\u00bb, assure-t-on du c\u00f4t\u00e9 du centre commercial.<\/p>\n<p class=\" wall-content\">Pour les sp\u00e9cialistes, sachez que vous y trouverez des cartes \u00e0 l\u2019unit\u00e9, des boosters, des displays, des coffrets et des ETB.<\/p>\n<p class=\" wall-content\">Mais ce n\u2019est pas tout puisque le commerce propose \u00e9galement des <b>figurines, peluches et d\u2019autres jeux de cartes<\/b>. Vous l\u2019aurez compris, un magasin qui s\u2019adresse \u00e0 un large public mais surtout aux joueurs, collectionneurs et passionn\u00e9s.<\/p>\n<p>    <a href=\"https:\/\/www.facebook.com\/plugins\/post.php?href=https%3A%2F%2Fwww.facebook.com%2Fpermalink.php%3Fstory_fbid%3Dpfbid0pvRAYcx71dGUDxZV6Vzs3aFFyXuLKP7nQbArAvF2Vw7F5tRmJxKkJVEY7ASsvrm6l%26id%3D61584059666509&amp;show_text=true&amp;width=350\" title=\"Ouvrie le lien\" target=\"_blank\" rel=\"noopener\">Cliquez ici pour visualiser le contenu<\/a><\/p>\n<p class=\" wall-content\">\u00ab\u00a0Il y aura \u00e9galement un espace pr\u00e9vu au sein de la boutique pour les jeux et organisation de tournois\u00a0\u00bb, pr\u00e9cise encore le centre commercial.<\/p>\n<p class=\" wall-content\">Plus d\u2019infos sur le site <a href=\"https:\/\/www.usineroubaix.fr\/fr\/roubaix-nos-boutiques\/roubaix-arena-card\/\" target=\"_blank\" rel=\"noopener\">usineroubaix.fr<\/a><\/p>\n<p class=\" wall-content\">Personnalisez votre actualit\u00e9 en ajoutant vos villes et m\u00e9dias en favori avec <a href=\"https:\/\/moncompte.actu.fr\" title=\"D\u00e9couvez Mon Actu\" rel=\"nofollow noopener\" data-trk=\"{&quot;cta&quot;:{&quot;action&quot;:&quot;https:\\\/\\\/moncompte.actu.fr&quot;,&quot;category&quot;:&quot;mon compte&quot;,&quot;from&quot;:&quot;article footer&quot;,&quot;name&quot;:&quot;Mon actu&quot;,&quot;type&quot;:&quot;cta&quot;}}\" target=\"_blank\">Mon Actu<\/a>.<\/p>\n","protected":false},"excerpt":{"rendered":"Par Nicolas Demollien Publi\u00e9 le 1 d\u00e9c. 2025 \u00e0 18h46 Les amoureux des cartes en tous genres vont&hellip;\n","protected":false},"author":2,"featured_media":571752,"comment_status":"","ping_status":"","sticky":false,"template":"","format":"standard","meta":{"footnotes":""},"categories":[2815],"tags":[1111,11,13207,1777,674,1011,27,811,1307,12,3147,25,104],"class_list":{"0":"post-571751","1":"post","2":"type-post","3":"status-publish","4":"format-standard","5":"has-post-thumbnail","7":"category-lille","8":"tag-actu","9":"tag-actualites","10":"tag-collections","11":"tag-eu","12":"tag-europe","13":"tag-fr","14":"tag-france","15":"tag-hauts-de-france","16":"tag-lille","17":"tag-news","18":"tag-nouveaux-commerces","19":"tag-republique-francaise","20":"tag-societe"},"share_on_mastodon":{"url":"https:\/\/pubeurope.com\/@fr\/115646485182436600","error":""},"_links":{"self":[{"href":"https:\/\/www.europesays.com\/fr\/wp-json\/wp\/v2\/posts\/571751","targetHints":{"allow":["GET"]}}],"collection":[{"href":"https:\/\/www.europesays.com\/fr\/wp-json\/wp\/v2\/posts"}],"about":[{"href":"https:\/\/www.europesays.com\/fr\/wp-json\/wp\/v2\/types\/post"}],"author":[{"embeddable":true,"href":"https:\/\/www.europesays.com\/fr\/wp-json\/wp\/v2\/users\/2"}],"replies":[{"embeddable":true,"href":"https:\/\/www.europesays.com\/fr\/wp-json\/wp\/v2\/comments?post=571751"}],"version-history":[{"count":0,"href":"https:\/\/www.europesays.com\/fr\/wp-json\/wp\/v2\/posts\/571751\/revisions"}],"wp:featuredmedia":[{"embeddable":true,"href":"https:\/\/www.europesays.com\/fr\/wp-json\/wp\/v2\/media\/571752"}],"wp:attachment":[{"href":"https:\/\/www.europesays.com\/fr\/wp-json\/wp\/v2\/media?parent=571751"}],"wp:term":[{"taxonomy":"category","embeddable":true,"href":"https:\/\/www.europesays.com\/fr\/wp-json\/wp\/v2\/categories?post=571751"},{"taxonomy":"post_tag","embeddable":true,"href":"https:\/\/www.europesays.com\/fr\/wp-json\/wp\/v2\/tags?post=571751"}],"curies":[{"name":"wp","href":"https:\/\/api.w.org\/{rel}","templated":true}]}}