{"id":571753,"date":"2025-12-01T21:42:14","date_gmt":"2025-12-01T21:42:14","guid":{"rendered":"https:\/\/www.europesays.com\/fr\/571753\/"},"modified":"2025-12-01T21:42:14","modified_gmt":"2025-12-01T21:42:14","slug":"18-000-dossards-ecoules-en-un-eclair","status":"publish","type":"post","link":"https:\/\/www.europesays.com\/fr\/571753\/","title":{"rendered":"18 000 dossards \u00e9coul\u00e9s en un \u00e9clair"},"content":{"rendered":"<p>                    Par<br \/>\n        <strong><br \/>\n            <a href=\"https:\/\/actu.fr\/auteur\/margot-nicodeme\" title=\"Consulter tous les articles de Margot Nicod\u00e8me\" target=\"_blank\" rel=\"noopener\">Margot Nicod\u00e8me<\/a><br \/>\n                    <\/strong><\/p>\n<p>        Publi\u00e9 le<\/p>\n<p>            1 d\u00e9c. 2025 \u00e0 21h25<br \/>\n        ; mis \u00e0 jour le 1 d\u00e9c. 2025 \u00e0 22h06    <\/p>\n<p>Environ <b>40 minutes<\/b>, c\u2019est le temps qu\u2019il nous a fallu pour<b> sortir de la file d\u2019attente virtuelle <\/b>et arriver sur le site d\u2019inscription au <a href=\"https:\/\/actu.fr\/hauts-de-france\/lille_59350\/un-marathon-sera-bien-organise-a-lille-en-2026-apres-31-ans-dabsence-voici-la-date-choisie_63442986.html\" target=\"_blank\" rel=\"noopener\">tr\u00e8s attendu<b> Marathon de Lille<\/b><\/a>. Apr\u00e8s 31 ans d\u2019absence, l\u2019\u00e9preuve sportive fait un retour remarqu\u00e9 en 2026, g\u00e9n\u00e9rant, sans surprise, <b>un enthousiasme d\u00e9bordant chez les coureurs<\/b>. Du Nord et d\u2019ailleurs. Jusqu\u2019\u00e0 20 000 personnes attendaient simultan\u00e9ment de d\u00e9crocher le pr\u00e9cieux dossard en ligne, <b>ce lundi 1er d\u00e9cembre \u00e0 compter de 20h<\/b>.<\/p>\n<p>Les 1 000 premiers dossards partis en un \u00e9clair aux inscriptions au Marathon de Lille<\/p>\n<p class=\" wall-content\">Pourtant, selon les organisateurs, seuls<b> 18 000 inscrits <\/b>sont pr\u00e9vus \u00e0 l\u2019\u00e9preuve, qui se tiendra<b> le dimanche 25 octobre 2026<\/b>.<\/p>\n<p class=\" wall-content\">Arriv\u00e9e \u00e0 20h p\u00e9tantes sur <a href=\"https:\/\/njuko.queue-it.net\/?c=njuko&amp;e=fr14980&amp;t=https%3A%2F%2Fin.njuko.com%2Fmarathondelille2026&amp;cid=fr-FR\" target=\"_blank\" rel=\"noopener\">le site pour s\u2019inscrire<\/a>, ce <b>sont plus de 12 000 coureurs qui nous pr\u00e9c\u00e8dent<\/b> dans la file d\u2019attente\u2026 Difficile de savoir, \u00e0 ce stade, s\u2019il sera possible de se frayer un chemin. \u00c0 20h05, selon le t\u00e9moignage d\u2019un ami coureur, les billets \u00e0 60 \u20ac, r\u00e9serv\u00e9s aux 1 000 premiers inscrits, sont d\u00e9j\u00e0 \u00e9puis\u00e9s. Il faudra donc d\u00e9bourser 65 \u20ac.\u00a0<\/p>\n<p class=\" wall-content\">Les minutes passent, le nombre d\u2019aspirants baisse \u00e0 peine : 10 000 pendant longtemps, puis 8 000, 7 000\u2026 et enfin, la barre symbolique des 1 000 est atteinte au bout de <b>30 minutes d\u2019attente<\/b>. <b>\u00c0 compter de l\u00e0, les effectifs fondent comme neige au soleil<\/b>. Des 700 personnes \u00e0 20h36, on passe \u00e0 220 \u00e0 20h37, puis enfin, \u00e0 20h39, le site mouline \u2013 pr\u00e9sage pas toujours heureux, mais dans ce cas pr\u00e9cis, c\u2019est pour le mieux \u2013 et c\u2019est la redirection vers le site officiel.\u00a0<\/p>\n<p class=\" wall-content\">Il faut notifier son appartenance ou pas \u00e0 la F\u00e9d\u00e9ration fran\u00e7aise d\u2019athl\u00e9tisme, renseigner son identit\u00e9 et une dur\u00e9e de course approximative. Comme d\u2019habitude, en dessous de 3 heures, il faut justifier d\u2019\u00eatre capable d\u2019accomplir la prouesse avec des r\u00e9sultats de courses ant\u00e9rieures ; au-del\u00e0 de cela, les options vont de quart d\u2019heure en quart d\u2019heure : 3h15, 3h30, 4h, 4h15, etc. Bien choisir son SAS de d\u00e9part, c\u2019est s\u2019assurer de garder un rythme r\u00e9gulier.<\/p>\n<p class=\" wall-content\">Et all\u00e9g\u00e9s de 65 euros, nous voici inscrits \u00e0 un d\u00e9fi historique, parce que le premier marathon du XXIe si\u00e8cle dans la Capitale des Flandres. On vous tiendra au courant de la suite\u2026<\/p>\n<p class=\" wall-content\">\u00c0 21h15, soit 1h15 apr\u00e8s l\u2019ouverture des inscriptions, le temps d\u2019attente moyen \u00e9tait de 7 minutes (environ 6 000 personnes dans la file). <b>\u00c0 21h45, l\u2019affaire est pli\u00e9e<\/b> : plus aucun dossard n\u2019est disponible. \u00c0 noter que le parcours n\u2019est pas encore connu.<\/p>\n<p>Votre r\u00e9gion, votre actu !<\/p>\n<p>Recevez chaque jour les infos qui comptent pour vous.<\/p>\n<p>\t<a href=\"https:\/\/actu.fr\/newsletter\" class=\"ac-btn ac-btn--corner ac-btn--medium ac-btn--blue800\" target=\"_blank\" rel=\"noopener\">S&rsquo;incrire<\/a><\/p>\n<p>    <a href=\"https:\/\/www.facebook.com\/plugins\/post.php?href=https%3A%2F%2Fwww.facebook.com%2FMarathondeLille%2Fposts%2Fpfbid02uys4fy2N7EHhnsZzcyNSqBSWMGR6T6JQLrFBQ1rvUWWG9i4eLEg8q66G8RSBHupNl&amp;show_text=true&amp;width=350\" title=\"Ouvrie le lien\" target=\"_blank\" rel=\"noopener\">Cliquez ici pour visualiser le contenu<\/a><\/p>\n<p class=\" wall-content\">Personnalisez votre actualit\u00e9 en ajoutant vos villes et m\u00e9dias en favori avec <a href=\"https:\/\/moncompte.actu.fr\" title=\"D\u00e9couvez Mon Actu\" rel=\"nofollow noopener\" data-trk=\"{&quot;cta&quot;:{&quot;action&quot;:&quot;https:\\\/\\\/moncompte.actu.fr&quot;,&quot;category&quot;:&quot;mon compte&quot;,&quot;from&quot;:&quot;article footer&quot;,&quot;name&quot;:&quot;Mon actu&quot;,&quot;type&quot;:&quot;cta&quot;}}\" target=\"_blank\">Mon Actu<\/a>.<\/p>\n","protected":false},"excerpt":{"rendered":"Par Margot Nicod\u00e8me Publi\u00e9 le 1 d\u00e9c. 2025 \u00e0 21h25 ; mis \u00e0 jour le 1 d\u00e9c. 2025&hellip;\n","protected":false},"author":2,"featured_media":571754,"comment_status":"","ping_status":"","sticky":false,"template":"","format":"standard","meta":{"footnotes":""},"categories":[2815],"tags":[1111,11,3750,1777,674,1011,27,811,1307,12,25,104,517],"class_list":{"0":"post-571753","1":"post","2":"type-post","3":"status-publish","4":"format-standard","5":"has-post-thumbnail","7":"category-lille","8":"tag-actu","9":"tag-actualites","10":"tag-defi","11":"tag-eu","12":"tag-europe","13":"tag-fr","14":"tag-france","15":"tag-hauts-de-france","16":"tag-lille","17":"tag-news","18":"tag-republique-francaise","19":"tag-societe","20":"tag-sport"},"share_on_mastodon":{"url":"https:\/\/pubeurope.com\/@fr\/115646493022815494","error":""},"_links":{"self":[{"href":"https:\/\/www.europesays.com\/fr\/wp-json\/wp\/v2\/posts\/571753","targetHints":{"allow":["GET"]}}],"collection":[{"href":"https:\/\/www.europesays.com\/fr\/wp-json\/wp\/v2\/posts"}],"about":[{"href":"https:\/\/www.europesays.com\/fr\/wp-json\/wp\/v2\/types\/post"}],"author":[{"embeddable":true,"href":"https:\/\/www.europesays.com\/fr\/wp-json\/wp\/v2\/users\/2"}],"replies":[{"embeddable":true,"href":"https:\/\/www.europesays.com\/fr\/wp-json\/wp\/v2\/comments?post=571753"}],"version-history":[{"count":0,"href":"https:\/\/www.europesays.com\/fr\/wp-json\/wp\/v2\/posts\/571753\/revisions"}],"wp:featuredmedia":[{"embeddable":true,"href":"https:\/\/www.europesays.com\/fr\/wp-json\/wp\/v2\/media\/571754"}],"wp:attachment":[{"href":"https:\/\/www.europesays.com\/fr\/wp-json\/wp\/v2\/media?parent=571753"}],"wp:term":[{"taxonomy":"category","embeddable":true,"href":"https:\/\/www.europesays.com\/fr\/wp-json\/wp\/v2\/categories?post=571753"},{"taxonomy":"post_tag","embeddable":true,"href":"https:\/\/www.europesays.com\/fr\/wp-json\/wp\/v2\/tags?post=571753"}],"curies":[{"name":"wp","href":"https:\/\/api.w.org\/{rel}","templated":true}]}}