{"id":571755,"date":"2025-12-01T21:44:15","date_gmt":"2025-12-01T21:44:15","guid":{"rendered":"https:\/\/www.europesays.com\/fr\/571755\/"},"modified":"2025-12-01T21:44:15","modified_gmt":"2025-12-01T21:44:15","slug":"127-nouveaux-noms-pour-la-deuxieme-promotion-du-label","status":"publish","type":"post","link":"https:\/\/www.europesays.com\/fr\/571755\/","title":{"rendered":"127 nouveaux noms pour la deuxi\u00e8me promotion du label"},"content":{"rendered":"<p>Qualit\u00e9 et proximit\u00e9\u00a0: c\u2019est la promesse du label <a href=\"https:\/\/www.laprovence.com\/article\/region\/2071973804025415\/le-marche-fabrique-a-marseille-cherche-ses-marques\" target=\"_blank\" rel=\"noopener\">\u00ab\u00a0Fabriqu\u00e9 \u00e0 Marseille\u00a0\u00bb<\/a>, mis en place courant 2024 par la municipalit\u00e9. L\u2019objectif\u00a0: \u00ab\u00a0Valoriser et soutenir les productions artisanales et industrielles\u00a0\u00bb de la cit\u00e9 phoc\u00e9enne. <a href=\"https:\/\/www.laprovence.com\/article\/region\/1173366679016114\/fabrique-a-marseille-107-entreprises-bientot-labellisees-pour-leur-savoir-faire-local\" target=\"_blank\" rel=\"noopener\">Pr\u00e8s d\u2019un an apr\u00e8s le premier cru<\/a>, la Ville r\u00e9compensait une deuxi\u00e8me promotion, ce lundi 1er\u00a0d\u00e9cembre 2025.<\/p>\n<p>\u00ab\u00a0Avec d\u00e9sormais 1\u00a0100\u00a0collaborateurs et collaboratrices, ce label doit \u00eatre notre force commune\u00a0\u00bb, a d\u00e9clar\u00e9 le maire (DVG) <a href=\"https:\/\/www.laprovence.com\/article\/politique\/2263370109730914\/benoit-payan-present-a-la-seconde-edition-de-24-heures-pour-planter-au-parc-borely-a-marseille\" target=\"_blank\" rel=\"noopener\">Beno\u00eet Payan<\/a>, pendant son discours d\u2019ouverture. Cette nouvelle cuv\u00e9e compte 127\u00a0labellis\u00e9s, r\u00e9partis en quatre cat\u00e9gories : Alimentation (hors restauration), Mode et accessoires, Univers de la maison et Autres produits manufactur\u00e9s.<\/p>\n<p>Huit laur\u00e9ats r\u00e9compens\u00e9s<\/p>\n<p>\u00ab\u00a0Cette ann\u00e9e, cela fait 90\u00a0ans que nous fabriquons des santons, d\u00e9taille Baptise Vitali, des ateliers Marcel Carbonel. C\u2019\u00e9tait important pour nous de rester dans le centre-ville, proche de nos racines.\u00a0\u00bb Son entreprise fait partie des 15\u00a0labellis\u00e9s nomm\u00e9s pour un prix sp\u00e9cial. Parmi eux, 7\u00a0laur\u00e9ats ont \u00e9t\u00e9 r\u00e9compens\u00e9s par un jury d\u2019\u00e9lus et de structures partenaires, telles, qu\u2019entre autres, les Meilleurs ouvriers de France ou l\u2019Institut pour les savoir-faire fran\u00e7ais. Un huiti\u00e8me pri&#8230;<\/p>\n","protected":false},"excerpt":{"rendered":"Qualit\u00e9 et proximit\u00e9\u00a0: c\u2019est la promesse du label \u00ab\u00a0Fabriqu\u00e9 \u00e0 Marseille\u00a0\u00bb, mis en place courant 2024 par la&hellip;\n","protected":false},"author":2,"featured_media":571756,"comment_status":"","ping_status":"","sticky":false,"template":"","format":"standard","meta":{"footnotes":""},"categories":[2814],"tags":[68662,17,1111,11,2563,1777,674,22842,1011,27,884,12,16653,2845,471,882,16,25],"class_list":{"0":"post-571755","1":"post","2":"type-post","3":"status-publish","4":"format-standard","5":"has-post-thumbnail","7":"category-marseille","8":"tag-68662","9":"tag-17","10":"tag-actu","11":"tag-actualites","12":"tag-deuxieme","13":"tag-eu","14":"tag-europe","15":"tag-fabrique","16":"tag-fr","17":"tag-france","18":"tag-marseille","19":"tag-news","20":"tag-noms","21":"tag-nouveaux","22":"tag-pour","23":"tag-provence-alpes-cote-dazur","24":"tag-region","25":"tag-republique-francaise"},"share_on_mastodon":{"url":"https:\/\/pubeurope.com\/@fr\/115646501011260093","error":""},"_links":{"self":[{"href":"https:\/\/www.europesays.com\/fr\/wp-json\/wp\/v2\/posts\/571755","targetHints":{"allow":["GET"]}}],"collection":[{"href":"https:\/\/www.europesays.com\/fr\/wp-json\/wp\/v2\/posts"}],"about":[{"href":"https:\/\/www.europesays.com\/fr\/wp-json\/wp\/v2\/types\/post"}],"author":[{"embeddable":true,"href":"https:\/\/www.europesays.com\/fr\/wp-json\/wp\/v2\/users\/2"}],"replies":[{"embeddable":true,"href":"https:\/\/www.europesays.com\/fr\/wp-json\/wp\/v2\/comments?post=571755"}],"version-history":[{"count":0,"href":"https:\/\/www.europesays.com\/fr\/wp-json\/wp\/v2\/posts\/571755\/revisions"}],"wp:featuredmedia":[{"embeddable":true,"href":"https:\/\/www.europesays.com\/fr\/wp-json\/wp\/v2\/media\/571756"}],"wp:attachment":[{"href":"https:\/\/www.europesays.com\/fr\/wp-json\/wp\/v2\/media?parent=571755"}],"wp:term":[{"taxonomy":"category","embeddable":true,"href":"https:\/\/www.europesays.com\/fr\/wp-json\/wp\/v2\/categories?post=571755"},{"taxonomy":"post_tag","embeddable":true,"href":"https:\/\/www.europesays.com\/fr\/wp-json\/wp\/v2\/tags?post=571755"}],"curies":[{"name":"wp","href":"https:\/\/api.w.org\/{rel}","templated":true}]}}