{"id":571757,"date":"2025-12-01T21:45:40","date_gmt":"2025-12-01T21:45:40","guid":{"rendered":"https:\/\/www.europesays.com\/fr\/571757\/"},"modified":"2025-12-01T21:45:40","modified_gmt":"2025-12-01T21:45:40","slug":"marseille-andalousie-a-lodeon-espagnolades-sur-la-canebiere","status":"publish","type":"post","link":"https:\/\/www.europesays.com\/fr\/571757\/","title":{"rendered":"Marseille &#8211; \u00ab\u00a0Andalousie\u00a0\u00bb \u00e0 l\u2019Od\u00e9on : espagnolades sur la Canebi\u00e8re"},"content":{"rendered":"<p>En ce dernier dimanche de novembre, la salle de l\u2019Od\u00e9on, en haut de la Canebi\u00e8re, affichait complet pour la deuxi\u00e8me repr\u00e9sentation de l\u2019op\u00e9rette de Francis Lopez \u00ab\u00a0Andalousie\u00a0\u00bb confirmant, si besoin en \u00e9tait, que Marseille reste une place forte du genre musical\u2026<br \/>\n<img fetchpriority=\"high\" decoding=\"async\" class=\"size-large wp-image-111177\" src=\"data:image\/svg+xml,%3Csvg%20xmlns=\" http:=\"\" alt=\"Destimed P1800582 \u00a9 photo Christian DRESSE 2025\" width=\"1024\" height=\"683\" data-lazy- data-lazy- data-lazy-src=\"https:\/\/www.europesays.com\/fr\/wp-content\/uploads\/2025\/12\/P1800582-\u00a9-photo-Christian-DRESSE-2025-1024x683.jpg\"\/>Pilar (Julie Morgane) et Dolores (Julia Knecht) entourent J\u00e9r\u00e9my Duffau (Juanito). \u00a9 Christian Dresse<\/p>\n<p>Des rappels \u00e0 n\u2019en plus finir, une salle conquise et heureuse, des artistes avec la banane : que demander de plus ? Pas grand chose ! Une fois de plus, \u00e0 l\u2019Od\u00e9on, op\u00e9rette a rim\u00e9 avec f\u00eate\u2026 Et bonheur avec une nouvelle production de \u00ab\u00a0Andalousie\u00a0\u00bb de Francis Lopez mise en sc\u00e8ne par Carole Clin. Comme \u00e0 sa bonne habitude, la metteuse en sc\u00e8ne a travaill\u00e9 dans l\u2019\u00e9l\u00e9gance, fusionnant la modernit\u00e9 avec des lumi\u00e8res soign\u00e9es proposant, entre autres, un tableau \u00e9tonnant en ombres chinoises sur un fond rouge \u00e9carlate, avec les anciennes techniques de d\u00e9cors peints \u00e9vitant le d\u00e9cor unique ou les changements d\u00e9licats sur un plateau exigu.<\/p>\n<p>Plateau d\u2019autant plus r\u00e9duit que les productions d\u2019op\u00e9rettes b\u00e9n\u00e9ficient d\u00e9sormais de la pr\u00e9sence du ch\u0153ur de l\u2019Op\u00e9ra, pr\u00e9par\u00e9 par son directeur Florent Mayet, et qu\u2019ils \u00e9taient une trentaine sur sc\u00e8ne pour donner du volume aux repr\u00e9sentations\u2026 S\u2019il est vrai que cela fait du monde \u00e0 caser, il n\u2019en demeure pas moins qu\u2019avec la pr\u00e9sence des musiciens de l\u2019Op\u00e9ra dans la fosse, id\u00e9alement dirig\u00e9s par Didier Benetti, les tutti prennent une dimension imposante et appr\u00e9ciable.<\/p>\n<p>Pour servir l\u2019ouvrage, une joyeuse troupe \u00e9tait r\u00e9unie et c\u2019est par les danseuses et danseurs que nous avons \u00e0 c\u0153ur de d\u00e9buter ce compte-rendu tant leurs interventions furent appr\u00e9ci\u00e9es et chaleureusement accueillies, \u00e0 juste titre. En compagnie de Felipe Calvarro, qui est aussi l\u2019auteur des chor\u00e9graphies, Annabelle Richefeu, Sophia Alilat, Lorena Debray et Sabrina llanos, toutes castagnettes et claquettes dehors, ont plus que s\u00e9duit.<\/p>\n<p>Le succ\u00e8s d\u2019un casting \u00e9quilibr\u00e9<\/p>\n<p>Julia Knecht, Dolor\u00e8s, a le timbre parfois acide de la femme jalouse et les aigus puissants ; Juanito, celui qu\u2019elle aime et qu\u2019elle soup\u00e7onne de tromperie, c\u2019est J\u00e9r\u00e9my Duffau dans un r\u00f4le qui lui convient parfaitement, sc\u00e9niquement et vocalement, ligne de chant assur\u00e9e et qui nous gratifie, entre autres, d\u2019un \u00ab Santa Maria, divine Senora \u00bb superbe d\u2019\u00e9motion. Laurence Janot campe une Fanny Miller \u00e9l\u00e9gante et assur\u00e9e, Julie Morgane une Pilar d\u00e9licieusement agit\u00e9e, et Perrine Cabassud une Greta d\u00e9sopilante avec une entr\u00e9e \u00ab walkyrienne \u00bb des plus r\u00e9ussies. Anny Vogel, Dona Victoria et Christine Tumbarello, la gitane, compl\u00e9tant id\u00e9alement la distribution f\u00e9minine.<\/p>\n<p>Le Pepe de Nicolas Souli\u00e9 \u00e9vite d\u2019en faire trop sans perdre son c\u00f4t\u00e9 comique et le Valiente de S\u00e9bastien Lemoine est en phase avec son r\u00f4le de proscrit tour \u00e0 tour jaloux puis intelligent. Belle pr\u00e9sence, aussi, de Didier Clusel (Baedeker) et Damien Barra (Sereno), Jean-Luc Epitalon, C\u00e9dric Brignone, R\u00e9mi Chiorboli et Jean-Michel Muscat compl\u00e9tant, eux aussi, un casting \u00e9quilibr\u00e9 mis en place par Maurice Xiberras. Succ\u00e8s m\u00e9rit\u00e9.<\/p>\n<p><strong>Michel EG\u00c9A<\/strong><\/p>\n","protected":false},"excerpt":{"rendered":"En ce dernier dimanche de novembre, la salle de l\u2019Od\u00e9on, en haut de la Canebi\u00e8re, affichait complet pour&hellip;\n","protected":false},"author":2,"featured_media":571758,"comment_status":"","ping_status":"","sticky":false,"template":"","format":"standard","meta":{"footnotes":""},"categories":[2814],"tags":[1111,11,1777,674,1011,27,884,12,882,25],"class_list":{"0":"post-571757","1":"post","2":"type-post","3":"status-publish","4":"format-standard","5":"has-post-thumbnail","7":"category-marseille","8":"tag-actu","9":"tag-actualites","10":"tag-eu","11":"tag-europe","12":"tag-fr","13":"tag-france","14":"tag-marseille","15":"tag-news","16":"tag-provence-alpes-cote-dazur","17":"tag-republique-francaise"},"share_on_mastodon":{"url":"https:\/\/pubeurope.com\/@fr\/115646504865167288","error":""},"_links":{"self":[{"href":"https:\/\/www.europesays.com\/fr\/wp-json\/wp\/v2\/posts\/571757","targetHints":{"allow":["GET"]}}],"collection":[{"href":"https:\/\/www.europesays.com\/fr\/wp-json\/wp\/v2\/posts"}],"about":[{"href":"https:\/\/www.europesays.com\/fr\/wp-json\/wp\/v2\/types\/post"}],"author":[{"embeddable":true,"href":"https:\/\/www.europesays.com\/fr\/wp-json\/wp\/v2\/users\/2"}],"replies":[{"embeddable":true,"href":"https:\/\/www.europesays.com\/fr\/wp-json\/wp\/v2\/comments?post=571757"}],"version-history":[{"count":0,"href":"https:\/\/www.europesays.com\/fr\/wp-json\/wp\/v2\/posts\/571757\/revisions"}],"wp:featuredmedia":[{"embeddable":true,"href":"https:\/\/www.europesays.com\/fr\/wp-json\/wp\/v2\/media\/571758"}],"wp:attachment":[{"href":"https:\/\/www.europesays.com\/fr\/wp-json\/wp\/v2\/media?parent=571757"}],"wp:term":[{"taxonomy":"category","embeddable":true,"href":"https:\/\/www.europesays.com\/fr\/wp-json\/wp\/v2\/categories?post=571757"},{"taxonomy":"post_tag","embeddable":true,"href":"https:\/\/www.europesays.com\/fr\/wp-json\/wp\/v2\/tags?post=571757"}],"curies":[{"name":"wp","href":"https:\/\/api.w.org\/{rel}","templated":true}]}}