{"id":571759,"date":"2025-12-01T21:48:32","date_gmt":"2025-12-01T21:48:32","guid":{"rendered":"https:\/\/www.europesays.com\/fr\/571759\/"},"modified":"2025-12-01T21:48:32","modified_gmt":"2025-12-01T21:48:32","slug":"pris-en-chasse-sur-la7-pres-de-lyon-un-conducteur-abandonne-23-kilos-de-cocaine-en-fuyant-les-douaniers","status":"publish","type":"post","link":"https:\/\/www.europesays.com\/fr\/571759\/","title":{"rendered":"Pris en chasse sur l\u2019A7 pr\u00e8s de Lyon, un conducteur abandonne 23 kilos de coca\u00efne en fuyant les douaniers"},"content":{"rendered":"<p itemprop=\"description\"><strong>La course-poursuite aura \u00e9t\u00e9 aussi br\u00e8ve que spectaculaire.<\/strong><\/p>\n<p>Un automobiliste a forc\u00e9 un contr\u00f4le douanier samedi ce samedi 29 novembre, sur l\u2019autoroute A7. Selon les informations du\u00a0<a href=\"https:\/\/c.ledauphine.com\/faits-divers-justice\/2025\/12\/01\/il-force-un-controle-douanier-et-abandonne-un-million-d-euros-de-cocaine-sur-l-autoroute-a7?login=1\" target=\"_blank\" rel=\"noopener\">Dauphin\u00e9 Lib\u00e9r\u00e9<\/a>, un conducteur circulant en direction du Sud a refus\u00e9 d\u2019obtemp\u00e9rer lors d\u2019un contr\u00f4le douanier install\u00e9 vers 21h30 au niveau du p\u00e9age de Reventin-Vaugris (sud de Lyon), dans l\u2019Is\u00e8re.<\/p>\n<p>L\u2019automobiliste, au volant d\u2019une Renault Clio, aurait forc\u00e9 le dispositif avant de franchir la herse d\u00e9ploy\u00e9e par les agents. Ses pneus crev\u00e9s l\u2019ont ensuite contraint \u00e0 stopper son v\u00e9hicule quelques kilom\u00e8tres plus loin.<\/p>\n<p>Lorsque les douaniers sont arriv\u00e9s sur place, le conducteur avait d\u00e9j\u00e0 pris la fuite \u00e0 pied. \u00c0 l\u2019int\u00e9rieur de l\u2019habitacle, les agents ont d\u00e9couvert 23 kilos de coca\u00efne, pour une valeur estim\u00e9e \u00e0 plus d\u2019un million d\u2019euros \u00e0 la revente.<\/p>\n<p>L\u2019enqu\u00eate se poursuit sous la direction du parquet de Vienne, qui a confi\u00e9 les investigations \u00e0 la brigade de recherches locale. La voiture a \u00e9t\u00e9 minutieusement examin\u00e9e par les techniciens en identification criminelle dans l\u2019espoir de retrouver des \u00e9l\u00e9ments permettant d\u2019identifier le fuyard.<\/p>\n","protected":false},"excerpt":{"rendered":"La course-poursuite aura \u00e9t\u00e9 aussi br\u00e8ve que spectaculaire. Un automobiliste a forc\u00e9 un contr\u00f4le douanier samedi ce samedi&hellip;\n","protected":false},"author":2,"featured_media":571760,"comment_status":"","ping_status":"","sticky":false,"template":"","format":"standard","meta":{"footnotes":""},"categories":[1889],"tags":[1111,11,2813,2190,2430,1109,251,1112,2811,1777,674,118,1011,27,1922,1110,1114,2428,2810,12,241,316,25,2812,517,800],"class_list":{"0":"post-571759","1":"post","2":"type-post","3":"status-publish","4":"format-standard","5":"has-post-thumbnail","7":"category-lyon","8":"tag-actu","9":"tag-actualites","10":"tag-article","11":"tag-asvel","12":"tag-auvergne-rhone-alpes","13":"tag-breves","14":"tag-culture","15":"tag-depeches","16":"tag-economique","17":"tag-eu","18":"tag-europe","19":"tag-faits-divers","20":"tag-fr","21":"tag-france","22":"tag-info","23":"tag-informations","24":"tag-infos","25":"tag-lyon","26":"tag-lyonmag","27":"tag-news","28":"tag-ol","29":"tag-politique","30":"tag-republique-francaise","31":"tag-sociale","32":"tag-sport","33":"tag-transports"},"share_on_mastodon":{"url":"https:\/\/pubeurope.com\/@fr\/115646516681789305","error":""},"_links":{"self":[{"href":"https:\/\/www.europesays.com\/fr\/wp-json\/wp\/v2\/posts\/571759","targetHints":{"allow":["GET"]}}],"collection":[{"href":"https:\/\/www.europesays.com\/fr\/wp-json\/wp\/v2\/posts"}],"about":[{"href":"https:\/\/www.europesays.com\/fr\/wp-json\/wp\/v2\/types\/post"}],"author":[{"embeddable":true,"href":"https:\/\/www.europesays.com\/fr\/wp-json\/wp\/v2\/users\/2"}],"replies":[{"embeddable":true,"href":"https:\/\/www.europesays.com\/fr\/wp-json\/wp\/v2\/comments?post=571759"}],"version-history":[{"count":0,"href":"https:\/\/www.europesays.com\/fr\/wp-json\/wp\/v2\/posts\/571759\/revisions"}],"wp:featuredmedia":[{"embeddable":true,"href":"https:\/\/www.europesays.com\/fr\/wp-json\/wp\/v2\/media\/571760"}],"wp:attachment":[{"href":"https:\/\/www.europesays.com\/fr\/wp-json\/wp\/v2\/media?parent=571759"}],"wp:term":[{"taxonomy":"category","embeddable":true,"href":"https:\/\/www.europesays.com\/fr\/wp-json\/wp\/v2\/categories?post=571759"},{"taxonomy":"post_tag","embeddable":true,"href":"https:\/\/www.europesays.com\/fr\/wp-json\/wp\/v2\/tags?post=571759"}],"curies":[{"name":"wp","href":"https:\/\/api.w.org\/{rel}","templated":true}]}}