{"id":571761,"date":"2025-12-01T21:50:20","date_gmt":"2025-12-01T21:50:20","guid":{"rendered":"https:\/\/www.europesays.com\/fr\/571761\/"},"modified":"2025-12-01T21:50:20","modified_gmt":"2025-12-01T21:50:20","slug":"la-croix-rouge-etait-son-vivier","status":"publish","type":"post","link":"https:\/\/www.europesays.com\/fr\/571761\/","title":{"rendered":"\u00ab\u00a0La Croix-Rouge \u00e9tait son vivier\u00a0\u00bb"},"content":{"rendered":"<p>Enfin. Laurent Moussi\u00e8re les a prononc\u00e9s, ces mots qu\u2019attendaient depuis longtemps les victimes. Il \u00e9tait temps. \u00c0 l\u2019ouverture de son proc\u00e8s pour viols aggrav\u00e9s et agressions sexuelles sur une vingtaine d\u2019adolescents depuis la fin des ann\u00e9es 80, le sexag\u00e9naire a reconnu l\u2019ensemble des accusations\u00a0sauf pour deux plaignants.<\/p>\n<p>Un pas essentiel vers l\u2019apaisement. Tout au long de cette premi\u00e8re journ\u00e9e d\u2019audience, c\u2019est le seul effort qu\u2019il aura consenti vis-\u00e0-vis des victimes.<\/p>\n<p>Silhouette ronde et grise, cr\u00e2ne d\u00e9garni, il a tourn\u00e9 le dos ostensiblement \u00e0 la salle, n\u2019offrant que son profil, sans jamais&#8230;<\/p>\n","protected":false},"excerpt":{"rendered":"Enfin. Laurent Moussi\u00e8re les a prononc\u00e9s, ces mots qu\u2019attendaient depuis longtemps les victimes. Il \u00e9tait temps. \u00c0 l\u2019ouverture&hellip;\n","protected":false},"author":2,"featured_media":571762,"comment_status":"","ping_status":"","sticky":false,"template":"","format":"standard","meta":{"footnotes":""},"categories":[1889],"tags":[1111,11,2430,271,272,2757,1777,674,274,1011,27,2428,2756,12,25,2429],"class_list":{"0":"post-571761","1":"post","2":"type-post","3":"status-publish","4":"format-standard","5":"has-post-thumbnail","7":"category-lyon","8":"tag-actu","9":"tag-actualites","10":"tag-auvergne-rhone-alpes","11":"tag-crime","12":"tag-delit-et-contravention","13":"tag-edition-lyon-villeurbanne","14":"tag-eu","15":"tag-europe","16":"tag-faits-divers-justice","17":"tag-fr","18":"tag-france","19":"tag-lyon","20":"tag-lyon-bassin","21":"tag-news","22":"tag-republique-francaise","23":"tag-rhone"},"share_on_mastodon":{"url":"https:\/\/pubeurope.com\/@fr\/115646524530496454","error":""},"_links":{"self":[{"href":"https:\/\/www.europesays.com\/fr\/wp-json\/wp\/v2\/posts\/571761","targetHints":{"allow":["GET"]}}],"collection":[{"href":"https:\/\/www.europesays.com\/fr\/wp-json\/wp\/v2\/posts"}],"about":[{"href":"https:\/\/www.europesays.com\/fr\/wp-json\/wp\/v2\/types\/post"}],"author":[{"embeddable":true,"href":"https:\/\/www.europesays.com\/fr\/wp-json\/wp\/v2\/users\/2"}],"replies":[{"embeddable":true,"href":"https:\/\/www.europesays.com\/fr\/wp-json\/wp\/v2\/comments?post=571761"}],"version-history":[{"count":0,"href":"https:\/\/www.europesays.com\/fr\/wp-json\/wp\/v2\/posts\/571761\/revisions"}],"wp:featuredmedia":[{"embeddable":true,"href":"https:\/\/www.europesays.com\/fr\/wp-json\/wp\/v2\/media\/571762"}],"wp:attachment":[{"href":"https:\/\/www.europesays.com\/fr\/wp-json\/wp\/v2\/media?parent=571761"}],"wp:term":[{"taxonomy":"category","embeddable":true,"href":"https:\/\/www.europesays.com\/fr\/wp-json\/wp\/v2\/categories?post=571761"},{"taxonomy":"post_tag","embeddable":true,"href":"https:\/\/www.europesays.com\/fr\/wp-json\/wp\/v2\/tags?post=571761"}],"curies":[{"name":"wp","href":"https:\/\/api.w.org\/{rel}","templated":true}]}}