{"id":571767,"date":"2025-12-01T21:55:16","date_gmt":"2025-12-01T21:55:16","guid":{"rendered":"https:\/\/www.europesays.com\/fr\/571767\/"},"modified":"2025-12-01T21:55:16","modified_gmt":"2025-12-01T21:55:16","slug":"le-domicile-de-francois-hollande-et-julie-gayet-cambriole-a-paris-2-individus-interpelles","status":"publish","type":"post","link":"https:\/\/www.europesays.com\/fr\/571767\/","title":{"rendered":"Le domicile de Fran\u00e7ois Hollande et Julie Gayet cambriol\u00e9 \u00e0 Paris, 2 individus interpell\u00e9s"},"content":{"rendered":"<ul class=\"jsx-862013697 ArticleChapo__List\">\n<li class=\"jsx-862013697 ArticleChapo__List_Item flex\">Un cambriolage a \u00e9t\u00e9 commis au domicile parisien de l&rsquo;ex-pr\u00e9sident de la R\u00e9publique et de sa femme le 22 novembre.<\/li>\n<li class=\"jsx-862013697 ArticleChapo__List_Item flex\">Une enqu\u00eate pour vol en bande organis\u00e9e a \u00e9t\u00e9 lanc\u00e9e.<\/li>\n<li class=\"jsx-862013697 ArticleChapo__List_Item flex\">Deux suspects ont \u00e9t\u00e9 interpell\u00e9s, mis en examen et plac\u00e9s en d\u00e9tention provisoire.<\/li>\n<\/ul>\n<p data-module=\"article-paragraph\" class=\"jsx-3046738180 Paragraph Paragraph__End\">Un cambriolage a \u00e9t\u00e9 commis au domicile parisien de l&rsquo;ancien pr\u00e9sident de la R\u00e9publique <a href=\"https:\/\/www.tf1info.fr\/politique\/pas-d-autre-option-que-la-dissolution-la-mise-en-garde-de-francois-hollande-en-cas-d-echec-de-sebastien-lecornu-2394550.html\" target=\"_blank\" rel=\"noopener\">Fran\u00e7ois Hollande<\/a> et de l&rsquo;actrice et productrice <a href=\"https:\/\/www.tf1info.fr\/culture\/mariage-de-francois-hollande-et-julie-gayet-une-nouvelle-photo-devoilee-2222536.html\" target=\"_blank\" rel=\"noopener\">Julie Gayet <\/a>le 22 novembre, a indiqu\u00e9 ce lundi le parquet de Paris \u00e0 TF1-LCI, confirmant <a href=\"https:\/\/www.bfmtv.com\/police-justice\/info-bfmtv-francois-hollande-victime-d-un-cambriolage-deux-hommes-mis-en-examen-et-places-en-detention-provisoire_AN-202512010858.html\" target=\"_blank\" rel=\"nofollow noopener\">une information de BFMTV (nouvelle fen\u00eatre)<\/a>.\u00a0<\/p>\n<p><a href=\"https:\/\/www.tf1info.fr\/politique\/le-celebre-scooter-de-francois-hollande-vendu-aux-encheres-bien-au-dessus-de-sa-valeur-reelle-2301077.html\" rel=\"noopener\" class=\"jsx-3308031228 Link flex\" target=\"_blank\"><img decoding=\"async\" src=\"https:\/\/www.europesays.com\/fr\/wp-content\/uploads\/2025\/12\/hollande-et-son-scooter-cfe1fc-0@1x.jpeg\" alt=\"Fran\u00e7ois Hollande en 2011, sur son scooter. \" loading=\"lazy\" importance=\"low\" fetchpriority=\"low\" class=\"\" aria-hidden=\"true\"\/><\/p>\n<p class=\"jsx-3657663356 ReadMoreArticle__Title\">Lire aussi<\/p>\n<p class=\"jsx-3657663356\">Le c\u00e9l\u00e8bre scooter de Fran\u00e7ois Hollande vendu aux ench\u00e8res&#8230; bien au-dessus de sa valeur r\u00e9elle<\/p>\n<p><\/a><\/p>\n<p data-module=\"article-paragraph\" class=\"jsx-3046738180 Paragraph\">\u00c0 la suite de ce cambriolage, \u00ab\u00a0une enqu\u00eate pour vol en bande organis\u00e9e diligent\u00e9e par le deuxi\u00e8me district de police judiciaire a conduit \u00e0 l&rsquo;interpellation de deux hommes n\u00e9s en d\u00e9cembre 1994 et f\u00e9vrier 1995 en Alg\u00e9rie\u00a0\u00bb, a d\u00e9clar\u00e9 le parquet. \u00ab\u00a0D\u00e9f\u00e9r\u00e9s, ils ont \u00e9t\u00e9 mis en examen et plac\u00e9s en d\u00e9tention provisoire le 28 novembre\u00a0\u00bb, a ajout\u00e9 cette source.\u00a0<\/p>\n<p data-module=\"article-paragraph\" class=\"jsx-3046738180 Paragraph Paragraph__End\">\u00ab\u00a0Le cambriolage a eu peu de cons\u00e9quences gr\u00e2ce \u00e0 l&rsquo;intervention des policiers\u00a0\u00bb, a pr\u00e9cis\u00e9 aupr\u00e8s de l&rsquo;AFP l&rsquo;entourage du d\u00e9put\u00e9 socialiste de Corr\u00e8ze.\u00a0<\/p>\n<p>La r\u00e9daction de TF1info avec le service police-justice de TF1-LCI<\/p>\n","protected":false},"excerpt":{"rendered":"Un cambriolage a \u00e9t\u00e9 commis au domicile parisien de l&rsquo;ex-pr\u00e9sident de la R\u00e9publique et de sa femme le&hellip;\n","protected":false},"author":2,"featured_media":571768,"comment_status":"","ping_status":"","sticky":false,"template":"","format":"standard","meta":{"footnotes":""},"categories":[1888],"tags":[1111,1928,11,1927,1921,2951,2950,1777,674,6017,1011,27,3082,1922,54186,2954,12,1926,626,1925,1072,25,133,2953,2949],"class_list":{"0":"post-571767","1":"post","2":"type-post","3":"status-publish","4":"format-standard","5":"has-post-thumbnail","7":"category-paris","8":"tag-actu","9":"tag-actu-paris","10":"tag-actualites","11":"tag-actualites-paris","12":"tag-article-video","13":"tag-criminalite","14":"tag-delinquance","15":"tag-eu","16":"tag-europe","17":"tag-fait-divers","18":"tag-fr","19":"tag-france","20":"tag-francois-hollande","21":"tag-info","22":"tag-julie-gayet","23":"tag-justice-et-faits-divers","24":"tag-news","25":"tag-news-paris","26":"tag-paris","27":"tag-paris-news","28":"tag-police","29":"tag-republique-francaise","30":"tag-video","31":"tag-video-police","32":"tag-violences"},"share_on_mastodon":{"url":"https:\/\/pubeurope.com\/@fr\/115646545112199331","error":""},"_links":{"self":[{"href":"https:\/\/www.europesays.com\/fr\/wp-json\/wp\/v2\/posts\/571767","targetHints":{"allow":["GET"]}}],"collection":[{"href":"https:\/\/www.europesays.com\/fr\/wp-json\/wp\/v2\/posts"}],"about":[{"href":"https:\/\/www.europesays.com\/fr\/wp-json\/wp\/v2\/types\/post"}],"author":[{"embeddable":true,"href":"https:\/\/www.europesays.com\/fr\/wp-json\/wp\/v2\/users\/2"}],"replies":[{"embeddable":true,"href":"https:\/\/www.europesays.com\/fr\/wp-json\/wp\/v2\/comments?post=571767"}],"version-history":[{"count":0,"href":"https:\/\/www.europesays.com\/fr\/wp-json\/wp\/v2\/posts\/571767\/revisions"}],"wp:featuredmedia":[{"embeddable":true,"href":"https:\/\/www.europesays.com\/fr\/wp-json\/wp\/v2\/media\/571768"}],"wp:attachment":[{"href":"https:\/\/www.europesays.com\/fr\/wp-json\/wp\/v2\/media?parent=571767"}],"wp:term":[{"taxonomy":"category","embeddable":true,"href":"https:\/\/www.europesays.com\/fr\/wp-json\/wp\/v2\/categories?post=571767"},{"taxonomy":"post_tag","embeddable":true,"href":"https:\/\/www.europesays.com\/fr\/wp-json\/wp\/v2\/tags?post=571767"}],"curies":[{"name":"wp","href":"https:\/\/api.w.org\/{rel}","templated":true}]}}