{"id":57177,"date":"2025-04-27T16:10:10","date_gmt":"2025-04-27T16:10:10","guid":{"rendered":"https:\/\/www.europesays.com\/fr\/57177\/"},"modified":"2025-04-27T16:10:10","modified_gmt":"2025-04-27T16:10:10","slug":"mort-dun-policier-hors-service-concert-de-jul-municipales-2026-les-infos-du-week-end-en-ile-de-france","status":"publish","type":"post","link":"https:\/\/www.europesays.com\/fr\/57177\/","title":{"rendered":"Mort d&rsquo;un policier hors service, concert de Jul, municipales 2026&#8230; Les infos du week-end en \u00cele-de-France"},"content":{"rendered":"<p>            Par<br \/>\n        <strong><br \/>\n            <a href=\"https:\/\/actu.fr\/auteur\/antoine-grotteria02\" title=\"Consulter tous les articles de Antoine Grotteria\" rel=\"nofollow noopener\" target=\"_blank\">Antoine Grotteria<\/a><br \/>\n        <\/strong><\/p>\n<p>        Publi\u00e9 le<\/p>\n<p>            27 avr. 2025 \u00e0 18h02        <\/p>\n<p>Un drame dans le 6e arrondissement. Ce dimanche 27 avril 2025, un <strong>policier<\/strong> hors service, \u00e2g\u00e9 de 33 ans, est mort \u00e0 <a href=\"https:\/\/actu.fr\/paris\/\" rel=\"nofollow noopener\" target=\"_blank\">Paris<\/a> apr\u00e8s avoir \u00e9t\u00e9 victime d\u2019une <strong>chute<\/strong> cons\u00e9cutive \u00e0 une balayette devant un bar. Un suspect de 30 ans a \u00e9t\u00e9 interpell\u00e9.\u00a0<\/p>\n<p class=\" wall-content\">Il s\u2019agit de la <strong>principale information<\/strong> de ce week-end du samedi 26 et dimanche 27 avril 2025. Pour le reste, actu Paris vous dresse le r\u00e9capitulatif.\u00a0<\/p>\n<p>Les infos marquantes du week-end \u00e0 Paris et en \u00cele-de-France<\/p>\n<p class=\" wall-content\"><strong>Paris. <\/strong><a title=\"Lire l&#039;article\" href=\"https:\/\/actu.fr\/ile-de-france\/paris_75056\/paris-mort-d-un-policier-hors-service-apres-une-altercation-dans-un-bar-du-6e-arrondissement_62563997.html\" rel=\"nofollow noopener\" target=\"_blank\"><strong>Paris : mort d\u2019un policier hors service apr\u00e8s une altercation dans un bar du 6e arrondissement<\/strong><\/a><br \/>Un policier de 33 ans hors service est d\u00e9c\u00e9d\u00e9, ce dimanche 27 avril 2025, apr\u00e8s avoir \u00e9t\u00e9 victime d\u2019une balayette \u00e0 la sortie d\u2019un \u00e9tablissement de nuit. Une enqu\u00eate est en cours.<\/p>\n<p class=\" wall-content\"><strong>Seine-Saint-Denis. <\/strong><a title=\"Lire l&#039;article\" href=\"https:\/\/actu.fr\/ile-de-france\/saint-denis_93066\/concert-de-jul-a-saint-denis-le-rappeur-etablit-un-record-d-affluence-au-stade-de-france_62563691.html\" rel=\"nofollow noopener\" target=\"_blank\"><strong>Concert de Jul \u00e0 Saint-Denis : le rappeur \u00e9tablit un record d\u2019affluence au Stade de France<\/strong><\/a><br \/>Avec 97 816 spectateurs, le rappeur marseillais Jul a battu, ce samedi 26 avril 2025, le pr\u00e9c\u00e9dent record d\u2019affluence de l\u2019enceinte dionysienne d\u00e9tenu par Indochine.<\/p>\n<p class=\" wall-content\"><strong>Hauts-de-Seine. <\/strong><a title=\"Lire l&#039;article\" href=\"https:\/\/actu.fr\/ile-de-france\/nanterre_92050\/municipales-2026-certaines-villes-sont-prenables-dans-les-hauts-de-seine-le-ps-reve-de-conquete_62544512.html\" rel=\"nofollow noopener\" target=\"_blank\"><strong>Municipales 2026. \u00ab Certaines villes sont prenables \u00bb : dans les Hauts-de-Seine, le PS r\u00eave de conqu\u00eate<\/strong><\/a><br \/>Moins d\u2019un an avant les municipales, le Parti socialiste (PS) des Hauts-de-Seine affiche ses ambitions pour 2026. Les chefs de file ont \u00e9t\u00e9 d\u00e9sign\u00e9s pour lancer les n\u00e9gociations.<\/p>\n<p>Vid\u00e9os : en ce moment sur Actu<\/p>\n<p class=\" wall-content\"><strong>Val-de-Marne. <\/strong><a title=\"Lire l&#039;article\" href=\"https:\/\/actu.fr\/ile-de-france\/vincennes_94080\/vincennes-comment-la-plus-grande-librairie-independante-d-ile-de-france-reste-a-la-page-depuis-cinquante-ans_62556408.html\" rel=\"nofollow noopener\" target=\"_blank\"><strong>Vincennes : comment la plus grande librairie ind\u00e9pendante d\u2019\u00cele-de-France reste \u00e0 la page depuis cinquante ans<\/strong><\/a><br \/>Fond\u00e9e il y a pr\u00e8s d\u2019un demi-si\u00e8cle, Millepages a r\u00e9ussi \u00e0 s\u2019agrandir en restant attach\u00e9e \u00e0 son identit\u00e9 de librairie ind\u00e9pendante, dont la F\u00eate nationale est c\u00e9l\u00e9br\u00e9e ce 26 avril.<\/p>\n<p class=\" wall-content\"><strong>Essonne. <\/strong><a title=\"Lire l&#039;article\" href=\"https:\/\/actu.fr\/ile-de-france\/milly-la-foret_91405\/conferences-ateliers-initiations-tres-attendu-ce-salon-du-bien-etre-est-de-retour-en-essonne_62556155.html\" rel=\"nofollow noopener\" target=\"_blank\"><strong>Conf\u00e9rences, ateliers, initiations\u2026 Tr\u00e8s attendu, ce salon du bien-\u00eatre est de retour en Essonne<\/strong><\/a><br \/>Le samedi 3 mai 2025, le salon \u00ab Sourire au bien-\u00eatre \u00bb, organis\u00e9 par l\u2019association RESEDA, est de retour \u00e0 Milly-la-For\u00eat. Une vingtaine de professionnels seront pr\u00e9sents.<\/p>\n<p class=\" wall-content\"><strong>Val-d\u2019Oise. <\/strong><a title=\"Lire l&#039;article\" href=\"https:\/\/actu.fr\/ile-de-france\/boissy-l-aillerie_95078\/helicopteres-dans-le-ciel-du-val-doise-aucun-impact-sonore-selon-la-patronne-dhelifirst_62562327.html\" rel=\"nofollow noopener\" target=\"_blank\"><strong>H\u00e9licopt\u00e8res dans le ciel du Val-d\u2019Oise : \u00ab aucun impact sonore \u00bb selon la patronne d\u2019H\u00e9lifirst<\/strong><\/a><br \/>Pr\u00e9sidente d\u2019H\u00e9lifirst, la soci\u00e9t\u00e9 d\u2019h\u00e9licopt\u00e8res qui vient de se poser sur l\u2019a\u00e9rodrome de Pontoise-Cormeilles (Val-d\u2019Oise), Rebecca Moreau tente de rassurer la population.<\/p>\n<p class=\" wall-content\"><strong>Seine-et-Marne. <\/strong><a title=\"Lire l&#039;article\" href=\"https:\/\/actu.fr\/ile-de-france\/fontainebleau_77186\/seine-et-marne-la-lettre-darrestation-du-pape-pie-vii-par-napoleon-senvole-pour-plusieurs-milliers-deuros_62564004.html\" rel=\"nofollow noopener\" target=\"_blank\"><strong>Seine-et-Marne : la lettre d\u2019arrestation du pape Pie VII par Napol\u00e9on s\u2019envole pour plusieurs milliers d\u2019euros<\/strong><\/a><br \/>Une lettre ratur\u00e9e par l\u2019empereur Napol\u00e9on Ier a \u00e9t\u00e9 vendue aux ench\u00e8res, \u00e0 Fontainebleau, ce dimanche 27 avril. Ce pli commanditait l\u2019arrestation du pape Pie VII.\u00a0<\/p>\n<p>Suivez-nous pour en savoir plus !<\/p>\n<p class=\" wall-content\">Paris : retrouvez\u00a0actu Paris\u00a0sur\u00a0<a href=\"https:\/\/www.facebook.com\/actufr.paris\/\" rel=\"nofollow noopener\" target=\"_blank\">Facebook\u00a0<\/a>et\u00a0<a href=\"https:\/\/x.com\/actufrparis\" rel=\"nofollow\">Twitter\u00a0<\/a>;<br \/>Seine-et-Marne : retrouvez\u00a0<a href=\"https:\/\/www.facebook.com\/RepubliqueSeineMarne\/\" rel=\"nofollow noopener\" target=\"_blank\">La R\u00e9publique de Seine-et-Marne<\/a>\u00a0(sud) sur\u00a0Facebook\u00a0et\u00a0<a href=\"https:\/\/x.com\/JournalLaMarne\" rel=\"nofollow\">Twitter<\/a>\u00a0;\u00a0La Marne\u00a0(nord) sur\u00a0<a href=\"https:\/\/www.facebook.com\/RepubliqueSeineMarne\/\" rel=\"nofollow noopener\" target=\"_blank\">Facebook\u00a0<\/a>et\u00a0<a href=\"https:\/\/x.com\/JournalLaMarne\" rel=\"nofollow\">Twitter\u00a0<\/a>; et\u00a0Le Pays Briard\u00a0sur\u00a0<a href=\"https:\/\/www.facebook.com\/LePaysBriard\/?ref=bookmarks\" rel=\"nofollow noopener\" target=\"_blank\">Facebook\u00a0<\/a>et\u00a0<a href=\"https:\/\/x.com\/LePaysBriard\" rel=\"nofollow\">Twitter\u00a0<\/a>;<br \/>Yvelines : retrouvez\u00a078actu\u00a0sur\u00a0<a href=\"https:\/\/www.facebook.com\/78actu?locale=fr_FR\" rel=\"nofollow noopener\" target=\"_blank\">Facebook\u00a0<\/a>et\u00a0<a href=\"https:\/\/x.com\/78actu\" rel=\"nofollow\">Twitter\u00a0<\/a>;<br \/>Essonne : retrouvez\u00a0actu Essonne\u00a0sur\u00a0<a href=\"https:\/\/www.facebook.com\/actuessonne\/?ref=br_rs\" rel=\"nofollow noopener\" target=\"_blank\">Facebook\u00a0<\/a>et\u00a0<a href=\"https:\/\/x.com\/ActuEssonne\" rel=\"nofollow\">Twitter\u00a0<\/a>;<br \/>Hauts-de-Seine : retrouvez\u00a0actu Hauts-de-Seine\u00a0sur\u00a0<a href=\"https:\/\/www.facebook.com\/actufr.hautsdeseine\/\" rel=\"nofollow noopener\" target=\"_blank\">Facebook\u00a0<\/a>et\u00a0<a href=\"https:\/\/x.com\/actufr92\" rel=\"nofollow\">Twitter\u00a0<\/a>;<br \/>Seine-Saint-Denis : retrouvez\u00a0actu Seine-Saint-Denis\u00a0sur\u00a0<a href=\"https:\/\/www.facebook.com\/actu94.valdemarne\/\" rel=\"nofollow noopener\" target=\"_blank\">Facebook\u00a0<\/a>et\u00a0<a href=\"https:\/\/x.com\/actufr93\" rel=\"nofollow\">Twitter\u00a0<\/a>;<br \/>Val-de-Marne : retrouvez\u00a0actu Val-de-Marne\u00a0sur\u00a0<a href=\"https:\/\/www.facebook.com\/actu94.valdemarne\/\" rel=\"nofollow noopener\" target=\"_blank\">Facebook\u00a0<\/a>et\u00a0<a href=\"https:\/\/x.com\/actufr94\" rel=\"nofollow\">Twitter\u00a0<\/a>;<br \/>Val-d\u2019Oise : retrouvez\u00a0La Gazette du Val-d\u2019Oise\u00a0sur\u00a0<a href=\"https:\/\/www.facebook.com\/lagazetteduvaldoise\/\" rel=\"nofollow noopener\" target=\"_blank\">Facebook<\/a>.<\/p>\n<p class=\" wall-content\">Suivez toute l\u2019actualit\u00e9 de vos villes et m\u00e9dias favoris en vous inscrivant \u00e0 <a href=\"https:\/\/moncompte.actu.fr\" title=\"D\u00e9couvez Mon Actu\" rel=\"nofollow noopener\" data-trk=\"{&quot;cta&quot;:{&quot;action&quot;:&quot;https:\\\/\\\/moncompte.actu.fr&quot;,&quot;category&quot;:&quot;mon compte&quot;,&quot;from&quot;:&quot;article footer&quot;,&quot;name&quot;:&quot;Mon actu&quot;,&quot;type&quot;:&quot;cta&quot;}}\" target=\"_blank\">Mon Actu<\/a>.<\/p>\n","protected":false},"excerpt":{"rendered":"Par Antoine Grotteria Publi\u00e9 le 27 avr. 2025 \u00e0 18h02 Un drame dans le 6e arrondissement. Ce dimanche&hellip;\n","protected":false},"author":2,"featured_media":57178,"comment_status":"","ping_status":"","sticky":false,"template":"","format":"standard","meta":{"footnotes":""},"categories":[1888],"tags":[1111,1928,11,1927,1697,1777,674,1011,27,12,1926,626,1925,4484,1072,25,104],"class_list":{"0":"post-57177","1":"post","2":"type-post","3":"status-publish","4":"format-standard","5":"has-post-thumbnail","7":"category-paris","8":"tag-actu","9":"tag-actu-paris","10":"tag-actualites","11":"tag-actualites-paris","12":"tag-concert","13":"tag-eu","14":"tag-europe","15":"tag-fr","16":"tag-france","17":"tag-news","18":"tag-news-paris","19":"tag-paris","20":"tag-paris-news","21":"tag-parti-socialiste-ps","22":"tag-police","23":"tag-republique-francaise","24":"tag-societe"},"share_on_mastodon":{"url":"https:\/\/pubeurope.com\/@fr\/114410803921872036","error":""},"_links":{"self":[{"href":"https:\/\/www.europesays.com\/fr\/wp-json\/wp\/v2\/posts\/57177","targetHints":{"allow":["GET"]}}],"collection":[{"href":"https:\/\/www.europesays.com\/fr\/wp-json\/wp\/v2\/posts"}],"about":[{"href":"https:\/\/www.europesays.com\/fr\/wp-json\/wp\/v2\/types\/post"}],"author":[{"embeddable":true,"href":"https:\/\/www.europesays.com\/fr\/wp-json\/wp\/v2\/users\/2"}],"replies":[{"embeddable":true,"href":"https:\/\/www.europesays.com\/fr\/wp-json\/wp\/v2\/comments?post=57177"}],"version-history":[{"count":0,"href":"https:\/\/www.europesays.com\/fr\/wp-json\/wp\/v2\/posts\/57177\/revisions"}],"wp:featuredmedia":[{"embeddable":true,"href":"https:\/\/www.europesays.com\/fr\/wp-json\/wp\/v2\/media\/57178"}],"wp:attachment":[{"href":"https:\/\/www.europesays.com\/fr\/wp-json\/wp\/v2\/media?parent=57177"}],"wp:term":[{"taxonomy":"category","embeddable":true,"href":"https:\/\/www.europesays.com\/fr\/wp-json\/wp\/v2\/categories?post=57177"},{"taxonomy":"post_tag","embeddable":true,"href":"https:\/\/www.europesays.com\/fr\/wp-json\/wp\/v2\/tags?post=57177"}],"curies":[{"name":"wp","href":"https:\/\/api.w.org\/{rel}","templated":true}]}}