{"id":571771,"date":"2025-12-01T21:57:13","date_gmt":"2025-12-01T21:57:13","guid":{"rendered":"https:\/\/www.europesays.com\/fr\/571771\/"},"modified":"2025-12-01T21:57:13","modified_gmt":"2025-12-01T21:57:13","slug":"deux-hommes-ecroues-pour-avoir-cambriole-francois-hollande-et-julie-gayet","status":"publish","type":"post","link":"https:\/\/www.europesays.com\/fr\/571771\/","title":{"rendered":"Deux hommes \u00e9crou\u00e9s pour avoir cambriol\u00e9 Fran\u00e7ois Hollande et Julie Gayet"},"content":{"rendered":"<p>Deux hommes ont \u00e9t\u00e9 mis en examen et \u00e9crou\u00e9s pour avoir cambriol\u00e9 le domicile parisien de l\u2019ancien pr\u00e9sident <a href=\"https:\/\/www.20minutes.fr\/politique\/francois-hollande\/\" class=\"c-link c-link--is-underlined\" target=\"_blank\" rel=\"noopener\">Fran\u00e7ois Hollande<\/a> et de l\u2019actrice et productrice <a href=\"https:\/\/www.20minutes.fr\/dossier\/julie_gayet\" class=\"c-link c-link--is-underlined\" target=\"_blank\" rel=\"noopener\">Julie Gayet<\/a>, a indiqu\u00e9 lundi le parquet de <a href=\"https:\/\/www.20minutes.fr\/paris\/\" class=\"c-link c-link--is-underlined\" target=\"_blank\" rel=\"noopener\">Paris<\/a>, confirmant une information de <a href=\"https:\/\/www.bfmtv.com\/police-justice\/info-bfmtv-francois-hollande-victime-d-un-cambriolage-deux-hommes-mis-en-examen-et-places-en-detention-provisoire_AN-202512010858.html\" target=\"_blank\" class=\"c-link c-link--is-underlined\" rel=\"noopener\">BFMTV<\/a>.<\/p>\n<\/p>\n<p>Apr\u00e8s ce cambriolage le 22\u00a0novembre dernier, \u00ab\u00a0une enqu\u00eate pour vol en bande organis\u00e9e diligent\u00e9e par le deuxi\u00e8me district de police judiciaire a conduit \u00e0 l\u2019interpellation de deux hommes n\u00e9s en d\u00e9cembre\u00a01994 et f\u00e9vrier\u00a01995 en <a href=\"https:\/\/www.20minutes.fr\/dossier\/algerie\" class=\"c-link c-link--is-underlined\" target=\"_blank\" rel=\"noopener\">Alg\u00e9rie<\/a>\u00a0\u00bb, a pr\u00e9cis\u00e9 le parquet. \u00ab\u00a0D\u00e9f\u00e9r\u00e9s, ils ont \u00e9t\u00e9 mis en examen et plac\u00e9s en d\u00e9tention provisoire le 28\u00a0novembre\u00a0\u00bb. \u00ab\u00a0Le cambriolage a eu peu de cons\u00e9quences gr\u00e2ce \u00e0 l\u2019intervention des policiers\u00a0\u00bb, a pr\u00e9cis\u00e9 l\u2019entourage du pr\u00e9sident.<\/p>\n","protected":false},"excerpt":{"rendered":"Deux hommes ont \u00e9t\u00e9 mis en examen et \u00e9crou\u00e9s pour avoir cambriol\u00e9 le domicile parisien de l\u2019ancien pr\u00e9sident&hellip;\n","protected":false},"author":2,"featured_media":571772,"comment_status":"","ping_status":"","sticky":false,"template":"","format":"standard","meta":{"footnotes":""},"categories":[1888],"tags":[47,11,1777,674,1011,27,3082,662,54186,12,626,10857,4919,25,104],"class_list":{"0":"post-571771","1":"post","2":"type-post","3":"status-publish","4":"format-standard","5":"has-post-thumbnail","7":"category-paris","8":"tag-actualite","9":"tag-actualites","10":"tag-eu","11":"tag-europe","12":"tag-fr","13":"tag-france","14":"tag-francois-hollande","15":"tag-ile-de-france","16":"tag-julie-gayet","17":"tag-news","18":"tag-paris","19":"tag-parquet-de-paris","20":"tag-president","21":"tag-republique-francaise","22":"tag-societe"},"share_on_mastodon":{"url":"https:\/\/pubeurope.com\/@fr\/115646552110037082","error":""},"_links":{"self":[{"href":"https:\/\/www.europesays.com\/fr\/wp-json\/wp\/v2\/posts\/571771","targetHints":{"allow":["GET"]}}],"collection":[{"href":"https:\/\/www.europesays.com\/fr\/wp-json\/wp\/v2\/posts"}],"about":[{"href":"https:\/\/www.europesays.com\/fr\/wp-json\/wp\/v2\/types\/post"}],"author":[{"embeddable":true,"href":"https:\/\/www.europesays.com\/fr\/wp-json\/wp\/v2\/users\/2"}],"replies":[{"embeddable":true,"href":"https:\/\/www.europesays.com\/fr\/wp-json\/wp\/v2\/comments?post=571771"}],"version-history":[{"count":0,"href":"https:\/\/www.europesays.com\/fr\/wp-json\/wp\/v2\/posts\/571771\/revisions"}],"wp:featuredmedia":[{"embeddable":true,"href":"https:\/\/www.europesays.com\/fr\/wp-json\/wp\/v2\/media\/571772"}],"wp:attachment":[{"href":"https:\/\/www.europesays.com\/fr\/wp-json\/wp\/v2\/media?parent=571771"}],"wp:term":[{"taxonomy":"category","embeddable":true,"href":"https:\/\/www.europesays.com\/fr\/wp-json\/wp\/v2\/categories?post=571771"},{"taxonomy":"post_tag","embeddable":true,"href":"https:\/\/www.europesays.com\/fr\/wp-json\/wp\/v2\/tags?post=571771"}],"curies":[{"name":"wp","href":"https:\/\/api.w.org\/{rel}","templated":true}]}}