{"id":571775,"date":"2025-12-01T21:59:14","date_gmt":"2025-12-01T21:59:14","guid":{"rendered":"https:\/\/www.europesays.com\/fr\/571775\/"},"modified":"2025-12-01T21:59:14","modified_gmt":"2025-12-01T21:59:14","slug":"washington-tres-optimiste-witkoff-en-route-pour-moscou","status":"publish","type":"post","link":"https:\/\/www.europesays.com\/fr\/571775\/","title":{"rendered":"Washington \u00ab\u00a0tr\u00e8s optimiste\u00a0\u00bb, Witkoff en route pour Moscou"},"content":{"rendered":"\n<p>La Maison Blanche s&rsquo;est d\u00e9clar\u00e9e lundi \u00ab\u00a0tr\u00e8s optimiste\u00a0\u00bb sur les chances de parvenir \u00e0 un accord visant \u00e0 mettre fin \u00e0 la guerre en Ukraine, alors que l&rsquo;\u00e9missaire am\u00e9ricain Steve Witkoff est en route pour Moscou.<\/p>\n<p>L&rsquo;homme d&rsquo;affaires, tr\u00e8s proche de Donald Trump, doit s&rsquo;entretenir mardi avec le pr\u00e9sident russe Vladimir Poutine qui, plus de trois ans apr\u00e8s l&rsquo;invasion russe de l&rsquo;Ukraine, se montre intransigeant.<\/p>\n<p>\u00ab\u00a0Je pense que l&rsquo;administration est tr\u00e8s optimiste\u00a0\u00bb, a d\u00e9clar\u00e9 la porte-parole de la Maison Blanche, Karoline Leavitt, soulignant que le pr\u00e9sident am\u00e9ricain et son \u00e9quipe \u00ab\u00a0ont travaill\u00e9 tr\u00e8s dur sur ce dossier et souhaitent tous sinc\u00e8rement voir cette guerre prendre fin\u00a0\u00bb.<\/p>\n<p>Pour sa part, le pr\u00e9sident ukrainien Volodymyr Zelensky, sous forte pression politique et diplomatique, a re\u00e7u lundi un soutien appuy\u00e9 d&rsquo;Emmanuel Macron qui a redit la mobilisation des Europ\u00e9ens pour obtenir \u00ab\u00a0une paix juste et durable\u00a0\u00bb.<\/p>\n<p>S&rsquo;il a salu\u00e9 \u00ab\u00a0l&rsquo;effort de m\u00e9diation\u00a0\u00bb des Etats-Unis, le pr\u00e9sident fran\u00e7ais a d\u00e9clar\u00e9 qu&rsquo;il n&rsquo;y avait \u00ab\u00a0pas aujourd&rsquo;hui \u00e0 proprement parler un plan qui soit finalis\u00e9\u00a0\u00bb.<\/p>\n<p>\u00ab\u00a0Nous sommes encore \u00e0 une phase pr\u00e9alable\u00a0\u00bb, a-t-il dit lors d&rsquo;une conf\u00e9rence de presse au c\u00f4t\u00e9 de son homologue ukrainien, martelant que le plan avanc\u00e9 par Washington \u00ab\u00a0ne peut \u00eatre finalis\u00e9 qu&rsquo;avec les Europ\u00e9ens autour de la table\u00a0\u00bb.<\/p>\n<p>A l&rsquo;issue de ces \u00e9changes, M. Macron s&rsquo;est entretenu au t\u00e9l\u00e9phone avec Donald Trump sur \u00ab\u00a0la dimension centrale des garanties de s\u00e9curit\u00e9 n\u00e9cessaires pour l&rsquo;Ukraine\u00a0\u00bb, selon la pr\u00e9sidence fran\u00e7aise.<\/p>\n<p>  Avanc\u00e9es russes<\/p>\n<p>Les Europ\u00e9ens esp\u00e8rent que l&rsquo;administration Trump, soup\u00e7onn\u00e9e de complaisance vis-\u00e0-vis de Vladimir Poutine, ne sacrifiera pas l&rsquo;Ukraine, consid\u00e9r\u00e9e comme un rempart face aux ambitions russes.<\/p>\n<p>De son c\u00f4t\u00e9, le pr\u00e9sident ukrainien a affirm\u00e9 lundi s&rsquo;attendre d\u00e9sormais \u00ab\u00a0\u00e0 une discussion avec le pr\u00e9sident des Etats-Unis sur des questions cl\u00e9s\u00a0\u00bb, apr\u00e8s que le n\u00e9gociateur ukrainien Roustem Oumerov a fait \u00e9tat lundi de \u00ab\u00a0progr\u00e8s significatifs\u00a0\u00bb sur le projet de plan am\u00e9ricain, bien que des \u00ab\u00a0ajustements\u00a0\u00bb soient encore n\u00e9cessaires.<\/p>\n<p>Ces discussions se d\u00e9roulent alors que les forces russes ont r\u00e9alis\u00e9 en novembre leur plus grosse progression sur le front en Ukraine depuis un an, selon l&rsquo;analyse par l&rsquo;AFP des donn\u00e9es fournies par l&rsquo;Institut am\u00e9ricain pour l&rsquo;\u00e9tude de la guerre (ISW), qui travaille avec le Critical Threats Project (CTP).<\/p>\n<p>En un mois, la Russie a pris 701 km2 aux Ukrainiens, la deuxi\u00e8me avanc\u00e9e la plus importante apr\u00e8s celle de novembre 2024 (725 km2), en dehors des premiers mois de guerre au printemps 2022.<\/p>\n<p>La Russie a d&rsquo;ailleurs revendiqu\u00e9 lundi la prise de la ville de Pokrovsk dans l&rsquo;est de l&rsquo;Ukraine, un noeud logistique cl\u00e9 pour les forces ukrainiennes, ainsi que celle de Vovtchansk dans le nord-est.<\/p>\n<p>Volodymyr Zelensky, incarnation depuis bient\u00f4t quatre ans de la r\u00e9sistance ukrainienne \u00e0 l&rsquo;invasion russe, a temp\u00e9r\u00e9 ces donn\u00e9es, relevant le caract\u00e8re mouvant des gains en situation de guerre.<\/p>\n<tr>\n<td>\n          <img decoding=\"async\" src=\"https:\/\/www.europesays.com\/fr\/wp-content\/uploads\/2025\/12\/1d63f23b0bb708f221fefb7a38c0bc4ce04ac8ce.jpg\" title=\"Le pr\u00e9sident ukrainien Volodymyr Zelensky (g) et le pr\u00e9sident Emmanuel Macron lors d'une conf\u00e9rence de presse \u00e0 l'Elys\u00e9e, le 1er d\u00e9cembre 2025 \u00e0 Paris - POOL\/AFP\" alt=\"POOL\/AFP\" onerror=\"this.style.display='none'\"\/>\n        <\/td>\n<td>\n<p class=\"copyright\">\u00a9 POOL\/AFP<\/p>\n<p class=\"caption\">Le pr\u00e9sident ukrainien Volodymyr Zelensky (g) et le pr\u00e9sident Emmanuel Macron lors d&rsquo;une conf\u00e9rence de presse \u00e0 l&rsquo;Elys\u00e9e, le 1er d\u00e9cembre 2025 \u00e0 Paris<\/p>\n<\/td>\n<\/tr>\n<p>En interne, le pr\u00e9sident ukrainien fait face \u00e0 un vaste scandale de corruption \u00e9claboussant le gouvernement, ayant contraint son puissant chef de cabinet, Andri\u00ef Iermak, \u00e0 la d\u00e9mission vendredi.<\/p>\n<p>Sur ce plan, Emmanuel Macron s&rsquo;est refus\u00e9 \u00e0 \u00ab\u00a0donner des le\u00e7ons\u00a0\u00bb. <\/p>\n<p>  Semaine \u00ab\u00a0cruciale\u00a0\u00bb pour Kiev<\/p>\n<p>La semaine qui s&rsquo;ouvre s&rsquo;annonce \u00ab\u00a0cruciale\u00a0\u00bb pour l&rsquo;Ukraine, a estim\u00e9 la cheffe de la diplomatie de l&rsquo;Union europ\u00e9enne Kaja Kallas, qui dit \u00ab\u00a0craindre que toute la pression soit exerc\u00e9e sur le c\u00f4t\u00e9 le plus faible, car la reddition de l&rsquo;Ukraine, c&rsquo;est la mani\u00e8re la plus facile de mettre fin \u00e0 cette guerre\u00a0\u00bb.<\/p>\n<tr>\n<td>\n          <img decoding=\"async\" src=\"https:\/\/www.europesays.com\/fr\/wp-content\/uploads\/2025\/12\/e6c64bc662d576ca3234ced6c5a398992ef1c7c2.jpg\" title=\"Le secr\u00e9taire d'Etat am\u00e9ricain Marco Rubio et le chef de la d\u00e9l\u00e9gation ukrainienne Roustem Oumerov \u00e0 Hallandale Beach, en Floride, le 30 novembre 2025 - AFP\" alt=\"AFP\" onerror=\"this.style.display='none'\"\/>\n        <\/td>\n<td>\n<p class=\"copyright\">\u00a9 AFP<\/p>\n<p class=\"caption\">Le secr\u00e9taire d&rsquo;Etat am\u00e9ricain Marco Rubio et le chef de la d\u00e9l\u00e9gation ukrainienne Roustem Oumerov \u00e0 Hallandale Beach, en Floride, le 30 novembre 2025<\/p>\n<\/td>\n<\/tr>\n<p>Les Etats-Unis ont pr\u00e9sent\u00e9 il y a dix jours un premier projet en 28 points tr\u00e8s favorable \u00e0 Moscou, r\u00e9dig\u00e9 sans les alli\u00e9s europ\u00e9ens de Kiev et cens\u00e9 mettre fin au conflit d\u00e9clench\u00e9 par l&rsquo;offensive russe contre l&rsquo;Ukraine en f\u00e9vrier 2022.<\/p>\n<p>Washington a ensuite amend\u00e9 ce projet avec Ukrainiens et Europ\u00e9ens, avant de le retravailler en bilat\u00e9ral avec les Ukrainiens dimanche en Floride.<\/p>\n<p>Les discussions am\u00e9ricano-ukrainiennes ont \u00e9t\u00e9 jug\u00e9es \u00ab\u00a0productives\u00a0\u00bb par les deux parties, mais le secr\u00e9taire d&rsquo;Etat Marco Rubio a pr\u00e9venu qu'\u00a0\u00bbil restait encore du travail\u00a0\u00bb.<\/p>\n<p>Le pr\u00e9sident Trump a, lui, soulign\u00e9 que Kiev n&rsquo;\u00e9tait pas en position de force en raison du scandale de corruption.<\/p>\n<tr>\n<td>\n          <img decoding=\"async\" src=\"https:\/\/www.europesays.com\/fr\/wp-content\/uploads\/2025\/12\/b7e5040c0e8118824ab37943066103febf75b3e0.jpg\" title=\"Photo prise par le service de presse de la 24e brigade m\u00e9canis\u00e9e des forces arm\u00e9es ukrainiennes, le 28 novembre 2025 et publi\u00e9e le 1er d\u00e9cembre 2025, montre des b\u00e2timents r\u00e9sidentiels d\u00e9truits dans la ville de Kostiantynivka, dans la r\u00e9gion de Donetsk - 24th Mechanized Brigade of Ukrainian Armed Forces\/AFP\" alt=\"24th Mechanized Brigade of Ukrainian Armed Forces\/AFP\" onerror=\"this.style.display='none'\"\/>\n        <\/td>\n<td>\n<p class=\"copyright\">\u00a9 24th Mechanized Brigade of Ukrainian Armed Forces\/AFP<\/p>\n<p class=\"caption\">Photo prise par le service de presse de la 24e brigade m\u00e9canis\u00e9e des forces arm\u00e9es ukrainiennes, le 28 novembre 2025 et publi\u00e9e le 1er d\u00e9cembre 2025, montre des b\u00e2timents r\u00e9sidentiels d\u00e9truits dans la ville de Kostiantynivka, dans la r\u00e9gion de Donetsk<\/p>\n<\/td>\n<\/tr>\n<p>Pour Emmanuel Macron, les frappes persistantes de la Russie contre l&rsquo;Ukraine d\u00e9montrent que Moscou n&rsquo;est pas dispos\u00e9 \u00e0 faire la paix.<\/p>\n<p>fff-Dt-mra-lb\/bpe<\/p>\n","protected":false},"excerpt":{"rendered":"La Maison Blanche s&rsquo;est d\u00e9clar\u00e9e lundi \u00ab\u00a0tr\u00e8s optimiste\u00a0\u00bb sur les chances de parvenir \u00e0 un accord visant \u00e0&hellip;\n","protected":false},"author":2,"featured_media":571776,"comment_status":"","ping_status":"","sticky":false,"template":"","format":"standard","meta":{"footnotes":""},"categories":[1590],"tags":[11,1777,674,12,220],"class_list":{"0":"post-571775","1":"post","2":"type-post","3":"status-publish","4":"format-standard","5":"has-post-thumbnail","7":"category-ukraine","8":"tag-actualites","9":"tag-eu","10":"tag-europe","11":"tag-news","12":"tag-ukraine"},"share_on_mastodon":{"url":"https:\/\/pubeurope.com\/@fr\/115646561358573910","error":""},"_links":{"self":[{"href":"https:\/\/www.europesays.com\/fr\/wp-json\/wp\/v2\/posts\/571775","targetHints":{"allow":["GET"]}}],"collection":[{"href":"https:\/\/www.europesays.com\/fr\/wp-json\/wp\/v2\/posts"}],"about":[{"href":"https:\/\/www.europesays.com\/fr\/wp-json\/wp\/v2\/types\/post"}],"author":[{"embeddable":true,"href":"https:\/\/www.europesays.com\/fr\/wp-json\/wp\/v2\/users\/2"}],"replies":[{"embeddable":true,"href":"https:\/\/www.europesays.com\/fr\/wp-json\/wp\/v2\/comments?post=571775"}],"version-history":[{"count":0,"href":"https:\/\/www.europesays.com\/fr\/wp-json\/wp\/v2\/posts\/571775\/revisions"}],"wp:featuredmedia":[{"embeddable":true,"href":"https:\/\/www.europesays.com\/fr\/wp-json\/wp\/v2\/media\/571776"}],"wp:attachment":[{"href":"https:\/\/www.europesays.com\/fr\/wp-json\/wp\/v2\/media?parent=571775"}],"wp:term":[{"taxonomy":"category","embeddable":true,"href":"https:\/\/www.europesays.com\/fr\/wp-json\/wp\/v2\/categories?post=571775"},{"taxonomy":"post_tag","embeddable":true,"href":"https:\/\/www.europesays.com\/fr\/wp-json\/wp\/v2\/tags?post=571775"}],"curies":[{"name":"wp","href":"https:\/\/api.w.org\/{rel}","templated":true}]}}