{"id":571777,"date":"2025-12-01T22:00:27","date_gmt":"2025-12-01T22:00:27","guid":{"rendered":"https:\/\/www.europesays.com\/fr\/571777\/"},"modified":"2025-12-01T22:00:27","modified_gmt":"2025-12-01T22:00:27","slug":"usa-recul-en-bourse-des-laboratoires-sur-fond-dincertitudes-sur-les-vaccins","status":"publish","type":"post","link":"https:\/\/www.europesays.com\/fr\/571777\/","title":{"rendered":"USA: recul en bourse des laboratoires sur fond d&rsquo;incertitudes sur les vaccins"},"content":{"rendered":"<p style=\"margin-top:5px\">Washington (awp\/afp) &#8211; Plusieurs soci\u00e9t\u00e9s pharmaceutiques sp\u00e9cialis\u00e9es dans les vaccins reculaient lundi \u00e0 la Bourse de New York apr\u00e8s la fuite d&rsquo;un document attribu\u00e9 \u00e0 un haut responsable am\u00e9ricain et appelant \u00e0 r\u00e9viser le processus d&rsquo;approbation des vaccins aux Etats-Unis.<\/p>\n<p>Le laboratoire Moderna, \u00e0 l&rsquo;origine de l&rsquo;un des premiers vaccins contre le Covid-19, enregistrait lundi \u00ab\u00a0la perte la plus importante du secteur\u00a0\u00bb \u00e0 Wall Street, ont not\u00e9 les analystes de Briefing.com, le titre chutant de 6,47% \u00e0 24,30 dollars vers 19H20 GMT.<\/p>\n<p>La soci\u00e9t\u00e9 BioNTech perdait, elle, 4,94% \u00e0 98,06 dollars, tandis que Novavax l\u00e2chait 3,90% \u00e0 6,77 dollars. Le laboratoire Pfizer s&rsquo;effritait pour sa part de 1,76% \u00e0 25,28 dollars.<\/p>\n<p>Sign\u00e9e par Vinay Prasad, haut responsable de l&rsquo;Agence am\u00e9ricaine du m\u00e9dicament (FDA), une note relay\u00e9e par des m\u00e9dias am\u00e9ricains appelle \u00e0 un durcissement des proc\u00e9dures en vigueur et s\u00e8me le doute sur la s\u00fbret\u00e9 des vaccins contre le Covid-19.<\/p>\n<p>M. Prasad, sp\u00e9cialiste en h\u00e9matologie-oncologie nomm\u00e9 par l&rsquo;administration Trump \u00e0 la FDA, y \u00e9crit que ces vaccins sont li\u00e9s \u00e0 au moins 10 d\u00e9c\u00e8s infantiles d&rsquo;apr\u00e8s une analyse interne non-publi\u00e9e.<\/p>\n<p>Une accusation \u00ab\u00a0sensationnelle\u00a0\u00bb, selon le p\u00e9diatre infectiologue am\u00e9ricain Paul Offit, qui appelle \u00e0 la plus grande prudence.<\/p>\n<p>\u00ab\u00a0Il ne fournit aucune preuve \u00e0 l&rsquo;appui\u00a0\u00bb, pointe-t-il aupr\u00e8s de l&rsquo;AFP, insistant sur le besoin qu&rsquo;une telle analyse soit valid\u00e9e par des experts ext\u00e9rieurs.<\/p>\n<p>S&rsquo;appuyant n\u00e9anmoins sur cette analyse, M. Prasad dit vouloir revoir les proc\u00e9dures d&rsquo;approbation des vaccins, notamment de ceux contre la grippe, et demander des \u00e9tudes suppl\u00e9mentaires dans certains cas.<\/p>\n<p>\u00ab\u00a0C&rsquo;est la pire chose pour les entreprises que de devoir faire face \u00e0 une telle incertitude\u00a0\u00bb, rel\u00e8ve aupr\u00e8s de l&rsquo;AFP M. Offit.<\/p>\n<p>La fuite de ce document survient au moment o\u00f9 de plus en plus de voix s&rsquo;\u00e9l\u00e8vent pour d\u00e9noncer la politisation croissante des agences sanitaires par l&rsquo;administration Trump.<\/p>\n<p>Sous la houlette du ministre de la Sant\u00e9 Robert Kennedy Jr, connu pour ses positions contre les vaccins, l&rsquo;administration a refa\u00e7onn\u00e9 ces agences, proc\u00e9dant \u00e0 des licenciements massifs et nommant \u00e0 des postes de responsabilit\u00e9 des personnalit\u00e9s d\u00e9cri\u00e9es.<\/p>\n<p>Contact\u00e9s par l&rsquo;AFP, le minist\u00e8re am\u00e9ricain de la Sant\u00e9 et la FDA n&rsquo;ont pas r\u00e9pondu dans l&rsquo;imm\u00e9diat.<\/p>\n<p>afp\/rp<\/p>\n","protected":false},"excerpt":{"rendered":"Washington (awp\/afp) &#8211; Plusieurs soci\u00e9t\u00e9s pharmaceutiques sp\u00e9cialis\u00e9es dans les vaccins reculaient lundi \u00e0 la Bourse de New York&hellip;\n","protected":false},"author":2,"featured_media":571778,"comment_status":"","ping_status":"","sticky":false,"template":"","format":"standard","meta":{"footnotes":""},"categories":[1589],"tags":[11,340,73,1866,12,1864,1865,1863,308],"class_list":{"0":"post-571777","1":"post","2":"type-post","3":"status-publish","4":"format-standard","5":"has-post-thumbnail","7":"category-etats-unis","8":"tag-actualites","9":"tag-bourse","10":"tag-etats-unis","11":"tag-etats-unis-damerique","12":"tag-news","13":"tag-united-states","14":"tag-united-states-of-america","15":"tag-us","16":"tag-usa"},"share_on_mastodon":{"url":"https:\/\/pubeurope.com\/@fr\/115646563935401975","error":""},"_links":{"self":[{"href":"https:\/\/www.europesays.com\/fr\/wp-json\/wp\/v2\/posts\/571777","targetHints":{"allow":["GET"]}}],"collection":[{"href":"https:\/\/www.europesays.com\/fr\/wp-json\/wp\/v2\/posts"}],"about":[{"href":"https:\/\/www.europesays.com\/fr\/wp-json\/wp\/v2\/types\/post"}],"author":[{"embeddable":true,"href":"https:\/\/www.europesays.com\/fr\/wp-json\/wp\/v2\/users\/2"}],"replies":[{"embeddable":true,"href":"https:\/\/www.europesays.com\/fr\/wp-json\/wp\/v2\/comments?post=571777"}],"version-history":[{"count":0,"href":"https:\/\/www.europesays.com\/fr\/wp-json\/wp\/v2\/posts\/571777\/revisions"}],"wp:featuredmedia":[{"embeddable":true,"href":"https:\/\/www.europesays.com\/fr\/wp-json\/wp\/v2\/media\/571778"}],"wp:attachment":[{"href":"https:\/\/www.europesays.com\/fr\/wp-json\/wp\/v2\/media?parent=571777"}],"wp:term":[{"taxonomy":"category","embeddable":true,"href":"https:\/\/www.europesays.com\/fr\/wp-json\/wp\/v2\/categories?post=571777"},{"taxonomy":"post_tag","embeddable":true,"href":"https:\/\/www.europesays.com\/fr\/wp-json\/wp\/v2\/tags?post=571777"}],"curies":[{"name":"wp","href":"https:\/\/api.w.org\/{rel}","templated":true}]}}