{"id":571784,"date":"2025-12-01T22:04:12","date_gmt":"2025-12-01T22:04:12","guid":{"rendered":"https:\/\/www.europesays.com\/fr\/571784\/"},"modified":"2025-12-01T22:04:12","modified_gmt":"2025-12-01T22:04:12","slug":"lunion-europeenne-retire-sa-plainte-contre-la-chine-sur-les-restrictions-commerciales-visant-la-lituanie-a-lomc","status":"publish","type":"post","link":"https:\/\/www.europesays.com\/fr\/571784\/","title":{"rendered":"L&rsquo;Union europ\u00e9enne retire sa plainte contre la Chine sur les restrictions commerciales visant la Lituanie \u00e0 l&rsquo;OMC"},"content":{"rendered":"<p>L&rsquo;Union europ\u00e9enne a annonc\u00e9 lundi avoir mis fin \u00e0 un diff\u00e9rend commercial engag\u00e9 contre la Chine en 2022, dans lequel elle accusait P\u00e9kin de pratiques commerciales discriminatoires \u00e0 l&rsquo;encontre de la Lituanie.<\/p>\n<p>\n\u00ab\u00a0L&rsquo;Union europ\u00e9enne (UE) notifie par la pr\u00e9sente \u00e0 l&rsquo;Organe de r\u00e8glement des diff\u00e9rends que, compte tenu du fait que les principaux objectifs de ce diff\u00e9rend ont \u00e9t\u00e9 atteints et que les \u00e9changes commerciaux pertinents ont repris, elle ne juge plus n\u00e9cessaire de poursuivre sa plainte\u00a0\u00bb, indique le document de l&rsquo;OMC.<\/p>\n","protected":false},"excerpt":{"rendered":"L&rsquo;Union europ\u00e9enne a annonc\u00e9 lundi avoir mis fin \u00e0 un diff\u00e9rend commercial engag\u00e9 contre la Chine en 2022,&hellip;\n","protected":false},"author":2,"featured_media":571785,"comment_status":"","ping_status":"","sticky":false,"template":"","format":"standard","meta":{"footnotes":""},"categories":[1586],"tags":[11,340,1777,674,1779,1011,27,12,25,1778,364],"class_list":{"0":"post-571784","1":"post","2":"type-post","3":"status-publish","4":"format-standard","5":"has-post-thumbnail","7":"category-europe","8":"tag-actualites","9":"tag-bourse","10":"tag-eu","11":"tag-europe","12":"tag-european-union","13":"tag-fr","14":"tag-france","15":"tag-news","16":"tag-republique-francaise","17":"tag-ue","18":"tag-union-europeenne"},"share_on_mastodon":{"url":"https:\/\/pubeurope.com\/@fr\/115646579671987862","error":""},"_links":{"self":[{"href":"https:\/\/www.europesays.com\/fr\/wp-json\/wp\/v2\/posts\/571784","targetHints":{"allow":["GET"]}}],"collection":[{"href":"https:\/\/www.europesays.com\/fr\/wp-json\/wp\/v2\/posts"}],"about":[{"href":"https:\/\/www.europesays.com\/fr\/wp-json\/wp\/v2\/types\/post"}],"author":[{"embeddable":true,"href":"https:\/\/www.europesays.com\/fr\/wp-json\/wp\/v2\/users\/2"}],"replies":[{"embeddable":true,"href":"https:\/\/www.europesays.com\/fr\/wp-json\/wp\/v2\/comments?post=571784"}],"version-history":[{"count":0,"href":"https:\/\/www.europesays.com\/fr\/wp-json\/wp\/v2\/posts\/571784\/revisions"}],"wp:featuredmedia":[{"embeddable":true,"href":"https:\/\/www.europesays.com\/fr\/wp-json\/wp\/v2\/media\/571785"}],"wp:attachment":[{"href":"https:\/\/www.europesays.com\/fr\/wp-json\/wp\/v2\/media?parent=571784"}],"wp:term":[{"taxonomy":"category","embeddable":true,"href":"https:\/\/www.europesays.com\/fr\/wp-json\/wp\/v2\/categories?post=571784"},{"taxonomy":"post_tag","embeddable":true,"href":"https:\/\/www.europesays.com\/fr\/wp-json\/wp\/v2\/tags?post=571784"}],"curies":[{"name":"wp","href":"https:\/\/api.w.org\/{rel}","templated":true}]}}