{"id":57179,"date":"2025-04-27T16:11:21","date_gmt":"2025-04-27T16:11:21","guid":{"rendered":"https:\/\/www.europesays.com\/fr\/57179\/"},"modified":"2025-04-27T16:11:21","modified_gmt":"2025-04-27T16:11:21","slug":"un-policier-hors-service-meurt-apres-une-altercation-devant-un-bar-2","status":"publish","type":"post","link":"https:\/\/www.europesays.com\/fr\/57179\/","title":{"rendered":"un policier hors service meurt apr\u00e8s une altercation devant un bar"},"content":{"rendered":"<p>Un policier hors service et dont la profession n\u2019\u00e9tait pas connue d\u2019apr\u00e8s les premiers \u00e9l\u00e9ments de l\u2019enqu\u00eate est mort dimanche matin suite \u00e0 une altercation devant un bar parisien, et un homme qui lui avait fait une balayette est en garde \u00e0 vue, a annonc\u00e9 le parquet de Paris.<\/p>\n<p>Le minist\u00e8re public, \u00ab\u00a0avis\u00e9 du d\u00e9c\u00e8s d\u2019un policier hors service survenu dimanche au petit matin \u00e0 la suite d\u2019une altercation devant un bar du 6e arrondissement a confi\u00e9 une enqu\u00eate au 3e district de police judiciaire\u00a0\u00bb, a-t-il indiqu\u00e9.<\/p>\n<p>Brigadier dans le Val-d\u2019Oise<\/p>\n<p>\u00ab\u00a0Le d\u00e9funt, n\u00e9 en mai\u00a01991, \u00e9tait brigadier dans le Val-d\u2019Oise. Il ressort des premiers \u00e9l\u00e9ments qu\u2019il avait pass\u00e9 la nuit avec des amis (dans un bar du 6e arrondissement de Paris), et qu\u2019\u00e0 la suite d\u2019une altercation dans l\u2019\u00e9tablissement il en \u00e9tait sorti vers 5\u00a0h\u00a000, sans que sa profession n\u2019ait \u00e9t\u00e9 connue\u00a0\u00bb, a relat\u00e9 le parquet.<\/p>\n<p>\u00ab\u00a0C\u2019est alors qu\u2019il avait subi une balayette et avait chut\u00e9 au sol. Les t\u00e9moins et la vid\u00e9osurveillance \u00e9tablissent qu\u2019il s\u2019est ensuite \u00e9loign\u00e9 du bar, et a manipul\u00e9 son t\u00e9l\u00e9phone pour commander un Uber. Il est tomb\u00e9 t\u00eate vers le sol entre 5\u00a0h\u00a015 et 5\u00a0h\u00a025\u00a0\u00bb, a-t-on ajout\u00e9 de m\u00eame source.<\/p>\n<p>\u00ab\u00a0L\u2019auteur de la balayette, n\u00e9 en avril\u00a01995 \u00e0 Montreuil, a \u00e9t\u00e9 plac\u00e9 en garde \u00e0 vue\u00a0\u00bb, a indiqu\u00e9 le parquet. \u00ab\u00a0Une autopsie a \u00e9t\u00e9 ordonn\u00e9e, afin d\u2019apporter des \u00e9l\u00e9ments m\u00e9dicaux sur la cause du d\u00e9c\u00e8s\u00a0\u00bb, selon le parquet de Paris.<\/p>\n<p><a href=\"https:\/\/www.parismatch.com\/actu\/faits-divers\/paris-un-policier-hors-service-meurt-apres-une-altercation-devant-un-bar-250625?at_medium=affiliate&amp;at_campaign=Yahoo\" rel=\"nofollow noopener\" target=\"_blank\" data-ylk=\"slk:Retrouvez cet article sur ParisMatch;elm:context_link;itc:0;sec:content-canvas\" class=\"link \">Retrouvez cet article sur ParisMatch<\/a><\/p>\n","protected":false},"excerpt":{"rendered":"Un policier hors service et dont la profession n\u2019\u00e9tait pas connue d\u2019apr\u00e8s les premiers \u00e9l\u00e9ments de l\u2019enqu\u00eate est&hellip;\n","protected":false},"author":2,"featured_media":57180,"comment_status":"","ping_status":"","sticky":false,"template":"","format":"standard","meta":{"footnotes":""},"categories":[1888],"tags":[1111,1928,11,1927,15223,9732,1777,674,1011,27,12,1926,626,1925,10857,10910,25],"class_list":{"0":"post-57179","1":"post","2":"type-post","3":"status-publish","4":"format-standard","5":"has-post-thumbnail","7":"category-paris","8":"tag-actu","9":"tag-actu-paris","10":"tag-actualites","11":"tag-actualites-paris","12":"tag-altercation","13":"tag-bar","14":"tag-eu","15":"tag-europe","16":"tag-fr","17":"tag-france","18":"tag-news","19":"tag-news-paris","20":"tag-paris","21":"tag-paris-news","22":"tag-parquet-de-paris","23":"tag-policier","24":"tag-republique-francaise"},"share_on_mastodon":{"url":"https:\/\/pubeurope.com\/@fr\/114410807812298572","error":""},"_links":{"self":[{"href":"https:\/\/www.europesays.com\/fr\/wp-json\/wp\/v2\/posts\/57179","targetHints":{"allow":["GET"]}}],"collection":[{"href":"https:\/\/www.europesays.com\/fr\/wp-json\/wp\/v2\/posts"}],"about":[{"href":"https:\/\/www.europesays.com\/fr\/wp-json\/wp\/v2\/types\/post"}],"author":[{"embeddable":true,"href":"https:\/\/www.europesays.com\/fr\/wp-json\/wp\/v2\/users\/2"}],"replies":[{"embeddable":true,"href":"https:\/\/www.europesays.com\/fr\/wp-json\/wp\/v2\/comments?post=57179"}],"version-history":[{"count":0,"href":"https:\/\/www.europesays.com\/fr\/wp-json\/wp\/v2\/posts\/57179\/revisions"}],"wp:featuredmedia":[{"embeddable":true,"href":"https:\/\/www.europesays.com\/fr\/wp-json\/wp\/v2\/media\/57180"}],"wp:attachment":[{"href":"https:\/\/www.europesays.com\/fr\/wp-json\/wp\/v2\/media?parent=57179"}],"wp:term":[{"taxonomy":"category","embeddable":true,"href":"https:\/\/www.europesays.com\/fr\/wp-json\/wp\/v2\/categories?post=57179"},{"taxonomy":"post_tag","embeddable":true,"href":"https:\/\/www.europesays.com\/fr\/wp-json\/wp\/v2\/tags?post=57179"}],"curies":[{"name":"wp","href":"https:\/\/api.w.org\/{rel}","templated":true}]}}