{"id":571796,"date":"2025-12-01T22:15:17","date_gmt":"2025-12-01T22:15:17","guid":{"rendered":"https:\/\/www.europesays.com\/fr\/571796\/"},"modified":"2025-12-01T22:15:17","modified_gmt":"2025-12-01T22:15:17","slug":"romain-debord-fait-fuir-les-doutes-actualite","status":"publish","type":"post","link":"https:\/\/www.europesays.com\/fr\/571796\/","title":{"rendered":"Romain Debord fait fuir les doutes &#8211; Actualit\u00e9"},"content":{"rendered":"<p style=\"text-align: justify;\"><strong>Brillant en Coupe de France depuis le d\u00e9but de saison &#8211; d\u00e9j\u00e0 deux succ\u00e8s, respectivement\u00a0<strong><a href=\"https:\/\/www.directvelo.com\/epreuve\/48603\/cc-coupe-de-france-albi-u23-hommes-1-2025\" target=\"_blank\" rel=\"noopener\">\u00e0 Albi (Tarn)<\/a><\/strong> puis\u00a0<strong><a href=\"https:\/\/www.directvelo.com\/epreuve\/48691\/coupe-de-france-de-cyclo-cross-quelneuc-u23-hommes-2-2025\" target=\"_blank\" rel=\"noopener\">\u00e0 Quelneuc (Morbihan)<\/a><\/strong> -, Romain Debord avait \u00e9t\u00e9 plus en retrait lors de la premi\u00e8re manche de Coupe du Monde U23, \u00e0 Tabor, <strong><a href=\"https:\/\/www.directvelo.com\/epreuve\/48705\/cc-tabor-coupe-du-monde-espoirs-2025\" target=\"_blank\" rel=\"noopener\">avec un fond de Top 15 en R\u00e9publique tch\u00e8que<\/a><\/strong>. Alors, bien qu\u2019il ne soit de son propre aveu \u201cpas en pic de forme\u201d actuellement, l\u2019athl\u00e8te de 21 ans comptait tout de m\u00eame faire bien mieux, dimanche, lors de la deuxi\u00e8me manche de la comp\u00e9tition internationale, qui plus est sur le sol fran\u00e7ais, \u00e0 Flamanville (Manche). <strong><a href=\"https:\/\/www.directvelo.com\/epreuve\/48719\/cc-flamanville-coupe-du-monde-espoirs-2025\" target=\"_blank\" rel=\"noopener\">Ce qu\u2019il est parvenu \u00e0 r\u00e9aliser avec une place dans le Top 10 lors d&rsquo;une course remport\u00e9e par son compatriote Aubin Sparfel<\/a><\/strong>.\u00a0 <br \/>\u201cJe suis content, apr\u00e8s une course assez difficile la semaine derni\u00e8re. J\u2019avais des doutes, j\u2019esp\u00e9rais \u00eatre \u00e0 nouveau en forme ce week-end et c\u2019\u00e9tait plut\u00f4t le cas\u201d. Son r\u00e9sultat mitig\u00e9 lors de la manche inaugurale a tout de m\u00eame eu des r\u00e9percussions jusque sur le circuit normand. \u201cJ\u2019avais de bonnes sensations mais malheureusement, j\u2019ai loup\u00e9 mon d\u00e9part, et j\u2019ai ensuite pass\u00e9 toute la course \u00e0 remonter des places. En r\u00e9alit\u00e9, je n\u2019ai pas r\u00e9ellement loup\u00e9 mon d\u00e9part mais en partant de la deuxi\u00e8me ligne, c\u2019est plus compliqu\u00e9\u201d, pr\u00e9cisait-il \u00e0 chaud aupr\u00e8s de DirectVelo, pr\u00e9sent sur l\u2019\u00e9v\u00e9nement. \u201cJe me suis retrouv\u00e9 dans les bouchons en tout d\u00e9but de course, vers la 10-12e place\u201d. Il d\u00e9taille ainsi que la file de coureurs s\u2019est \u201cvite \u00e9tir\u00e9e\u201d et qu\u2019il est ensuite \u201cdevenu difficile de revenir\u201d.<br \/>REFAIRE DU JUS AVANT LA SECONDE PARTIE DE SAISON<br \/>Certes assez loin de pouvoir jouer la victoire,\u00a0<strong><a href=\"https:\/\/www.directvelo.com\/coureur\/37826\/romain-debord\" target=\"_blank\" rel=\"noopener\">Romain Debord<\/a><\/strong> termine\u00a0d&rsquo;abord et surtout \u00e0 une petite dizaine de secondes d\u2019un Top 5 qui l\u2019aurait pleinement satisfait. \u201cJe n\u2019ai pas vraiment pu jouer les places tout devant, j\u2019ai commis deux-trois erreurs qui m\u2019ont emp\u00each\u00e9 de tenir les deux mecs qui finissent devant moi. Je n\u2019avais pas le niveau de jouer la victoire mais en prenant un bon groupe d\u00e8s le d\u00e9but, j\u2019ai le sentiment que j\u2019aurais pu esp\u00e9rer faire 3 ou 4\u201d, imagine le soci\u00e9taire de l\u2019\u00e9quipe de France.<br \/>Apr\u00e8s un tr\u00e8s bon d\u00e9but de saison, l\u2019habituel soci\u00e9taire de l\u2019AS Bike Racing-France Literie se doutait qu\u2019un \u201ccoup de mou allait finir par arriver \u00e0 la p\u00e9riode actuelle\u201d. De quoi trouver davantage de motifs de satisfactions que de d\u00e9ceptions dans le r\u00e9sultat du week-end. \u201cJe vais y aller plus tranquillement ces prochaines semaines, partir en stage avec les gars et refaire du jus\u201d. Avant de rapidement repartir au combat. <\/strong><\/p>\n","protected":false},"excerpt":{"rendered":"Brillant en Coupe de France depuis le d\u00e9but de saison &#8211; d\u00e9j\u00e0 deux succ\u00e8s, respectivement\u00a0\u00e0 Albi (Tarn) puis\u00a0\u00e0&hellip;\n","protected":false},"author":2,"featured_media":571797,"comment_status":"","ping_status":"","sticky":false,"template":"","format":"standard","meta":{"footnotes":""},"categories":[1411],"tags":[834,828,836,829,837,827,83,826,824,823,1154,207,814,817,815,816,822,821,832,211,839,1011,27,820,818,819,835,831,830,833,838,60,212,208,825],"class_list":{"0":"post-571796","1":"post","2":"type-post","3":"status-publish","4":"format-standard","5":"has-post-thumbnail","7":"category-cyclisme","8":"tag-attaque","9":"tag-belgique","10":"tag-braquet","11":"tag-bretagne","12":"tag-chute","13":"tag-competition","14":"tag-coupe-de-france","15":"tag-coureur","16":"tag-course-cyclisme","17":"tag-course-cycliste","18":"tag-cycling","19":"tag-cyclisme","20":"tag-direct","21":"tag-direct-velo","22":"tag-directvelo","23":"tag-directvelo-com","24":"tag-epreuve","25":"tag-epreuve-cycliste","26":"tag-federation-francaise-de-cyclisme","27":"tag-ffc","28":"tag-flandres","29":"tag-fr","30":"tag-france","31":"tag-live","32":"tag-live-course","33":"tag-live-epreuve","34":"tag-peloton","35":"tag-radio-peloton","36":"tag-radio-tour","37":"tag-ravitaillement","38":"tag-relance","39":"tag-sports","40":"tag-uci","41":"tag-velo","42":"tag-velos"},"share_on_mastodon":{"url":"https:\/\/pubeurope.com\/@fr\/115646622940083879","error":""},"_links":{"self":[{"href":"https:\/\/www.europesays.com\/fr\/wp-json\/wp\/v2\/posts\/571796","targetHints":{"allow":["GET"]}}],"collection":[{"href":"https:\/\/www.europesays.com\/fr\/wp-json\/wp\/v2\/posts"}],"about":[{"href":"https:\/\/www.europesays.com\/fr\/wp-json\/wp\/v2\/types\/post"}],"author":[{"embeddable":true,"href":"https:\/\/www.europesays.com\/fr\/wp-json\/wp\/v2\/users\/2"}],"replies":[{"embeddable":true,"href":"https:\/\/www.europesays.com\/fr\/wp-json\/wp\/v2\/comments?post=571796"}],"version-history":[{"count":0,"href":"https:\/\/www.europesays.com\/fr\/wp-json\/wp\/v2\/posts\/571796\/revisions"}],"wp:featuredmedia":[{"embeddable":true,"href":"https:\/\/www.europesays.com\/fr\/wp-json\/wp\/v2\/media\/571797"}],"wp:attachment":[{"href":"https:\/\/www.europesays.com\/fr\/wp-json\/wp\/v2\/media?parent=571796"}],"wp:term":[{"taxonomy":"category","embeddable":true,"href":"https:\/\/www.europesays.com\/fr\/wp-json\/wp\/v2\/categories?post=571796"},{"taxonomy":"post_tag","embeddable":true,"href":"https:\/\/www.europesays.com\/fr\/wp-json\/wp\/v2\/tags?post=571796"}],"curies":[{"name":"wp","href":"https:\/\/api.w.org\/{rel}","templated":true}]}}