{"id":571798,"date":"2025-12-01T22:16:11","date_gmt":"2025-12-01T22:16:11","guid":{"rendered":"https:\/\/www.europesays.com\/fr\/571798\/"},"modified":"2025-12-01T22:16:11","modified_gmt":"2025-12-01T22:16:11","slug":"mercato-desire-doue-la-decision-radicale-du-psg","status":"publish","type":"post","link":"https:\/\/www.europesays.com\/fr\/571798\/","title":{"rendered":"Mercato &#8211; D\u00e9sir\u00e9 Dou\u00e9 : La d\u00e9cision radicale du PSG !"},"content":{"rendered":"<p>                    Arthur Montagne<br \/>\n                        &#8211;<\/p>\n<p>Journaliste<\/p>\n<p>Affam\u00e9 de sport, il a grandi au son des moteurs de Formule 1 et des exploits de Ronaldinho. Aujourd\u2019hui, diplom\u00e9 d&rsquo;un Master de journalisme de sport, il ne rate plus un Grand Prix de F1 ni un match du PSG, ses deux passions et sp\u00e9cialit\u00e9s<\/p>\n<p class=\"heading\">Sous contrat jusqu&rsquo;en 2029, D\u00e9sir\u00e9 Dou\u00e9 sort d&rsquo;une premi\u00e8re saison \u00e9blouissante au PSG. A tel point que certaines informations ont circul\u00e9 pour d\u00e9j\u00e0 annoncer des discussions pour une prolongation de contrat. Cependant, le PSG aurait d\u00e9cid\u00e9 d&rsquo;attendre avant d&rsquo;acter de premi\u00e8res n\u00e9gociations.<\/p>\n<p>Compte tenu de sa premi\u00e8re saison exceptionnelle au <strong>PSG<\/strong>, <a href=\"https:\/\/le10sport.com\/football\/ligue1\/psg\/dembele-doue-une-terrible-catastrophe-a-prevoir-pour-le-psg-766741\" target=\"_blank\" rel=\"noopener\">D\u00e9sir\u00e9 Dou\u00e9<\/a> a \u00e9t\u00e9 d\u00e9sign\u00e9 Golden Boy europ\u00e9en. Une situation qui aurait convaincu les Parisiens de d\u00e9marrer des discussions pour une prolongation de contrat. Cependant, selon l&rsquo;insider <strong>Djamel<\/strong>, g\u00e9n\u00e9ralement tr\u00e8s bien renseign\u00e9 sur le <strong>PSG<\/strong>, l&rsquo;international fran\u00e7ais, dont le contrat court jusqu&rsquo;en 2029, n&rsquo;a pas encore entam\u00e9 de n\u00e9gociations avec le club de la capitale.<\/p>\n<p>                                            Le PSG n&rsquo;a toujours pas d\u00e9but\u00e9 les discussions avec Dou\u00e9<\/p>\n<p>\u00ab \u00c0 l\u2019instant T, il n\u2019y a pas vraiment de discussions autour de D\u00e9sir\u00e9 Dou\u00e9. Le PSG avance surtout sur des dossiers jug\u00e9s prioritaires, comme Barcola, Demb\u00e9l\u00e9, Ruiz, Mayulu ou encore Mbaye, tous concern\u00e9s par des discussions contractuelles \u00bb, \u00e9crit-il sur X avant de poursuivre. <\/p>\n<p>                                            \u00ab\u00c0 l\u2019instant T, il n\u2019y a pas vraiment de discussions autour de D\u00e9sir\u00e9 Dou\u00e9\u00bb<\/p>\n<p>\u00ab Son contrat court jusqu\u2019en 2029, contrairement aux dossiers que je cite dans mon tweet, donc ce n\u2019est pas un dossier prioritaire pour le moment. \u00c7a arrivera s\u00fbrement bient\u00f4t car il est tr\u00e8s appr\u00e9ci\u00e9 au club, mais \u00e0 l\u2019instant T il n\u2019y a pas vraiment de discussion \u00bb, ajoute <strong>Djamel<\/strong>.<\/p>\n","protected":false},"excerpt":{"rendered":"Arthur Montagne &#8211; Journaliste Affam\u00e9 de sport, il a grandi au son des moteurs de Formule 1 et&hellip;\n","protected":false},"author":2,"featured_media":571799,"comment_status":"","ping_status":"","sticky":false,"template":"","format":"standard","meta":{"footnotes":""},"categories":[1410],"tags":[63,1011,27,60],"class_list":{"0":"post-571798","1":"post","2":"type-post","3":"status-publish","4":"format-standard","5":"has-post-thumbnail","7":"category-football","8":"tag-football","9":"tag-fr","10":"tag-france","11":"tag-sports"},"share_on_mastodon":{"url":"https:\/\/pubeurope.com\/@fr\/115646626833535281","error":""},"_links":{"self":[{"href":"https:\/\/www.europesays.com\/fr\/wp-json\/wp\/v2\/posts\/571798","targetHints":{"allow":["GET"]}}],"collection":[{"href":"https:\/\/www.europesays.com\/fr\/wp-json\/wp\/v2\/posts"}],"about":[{"href":"https:\/\/www.europesays.com\/fr\/wp-json\/wp\/v2\/types\/post"}],"author":[{"embeddable":true,"href":"https:\/\/www.europesays.com\/fr\/wp-json\/wp\/v2\/users\/2"}],"replies":[{"embeddable":true,"href":"https:\/\/www.europesays.com\/fr\/wp-json\/wp\/v2\/comments?post=571798"}],"version-history":[{"count":0,"href":"https:\/\/www.europesays.com\/fr\/wp-json\/wp\/v2\/posts\/571798\/revisions"}],"wp:featuredmedia":[{"embeddable":true,"href":"https:\/\/www.europesays.com\/fr\/wp-json\/wp\/v2\/media\/571799"}],"wp:attachment":[{"href":"https:\/\/www.europesays.com\/fr\/wp-json\/wp\/v2\/media?parent=571798"}],"wp:term":[{"taxonomy":"category","embeddable":true,"href":"https:\/\/www.europesays.com\/fr\/wp-json\/wp\/v2\/categories?post=571798"},{"taxonomy":"post_tag","embeddable":true,"href":"https:\/\/www.europesays.com\/fr\/wp-json\/wp\/v2\/tags?post=571798"}],"curies":[{"name":"wp","href":"https:\/\/api.w.org\/{rel}","templated":true}]}}