{"id":5718,"date":"2025-04-06T16:29:19","date_gmt":"2025-04-06T16:29:19","guid":{"rendered":"https:\/\/www.europesays.com\/fr\/5718\/"},"modified":"2025-04-06T16:29:19","modified_gmt":"2025-04-06T16:29:19","slug":"gp-ruebliland-le-parcours-2025-actualite","status":"publish","type":"post","link":"https:\/\/www.europesays.com\/fr\/5718\/","title":{"rendered":"GP R\u00fcebliland : Le parcours 2025 &#8211; Actualit\u00e9"},"content":{"rendered":"<p style=\"text-align: justify;\">Le GP R\u00fcebliland aura lieu du 5 au 9 septembre 2025. Les organisateurs ont d\u00e9voil\u00e9 les cartes des trois \u00e9tapes de la course 2.1 r\u00e9serv\u00e9e aux Juniors. Le vainqueur succ\u00e8dera \u00e0 Theodor Clemmensen (<a href=\"https:\/\/www.directvelo.com\/epreuve\/44589\/gp-ruebliland-2024\" target=\"_blank\" rel=\"nofollow noopener\"><strong>voir les classements<\/strong><\/a>).<\/p>\n<p><strong>Le parcours 2025 du GP R\u00fcebliland :<\/strong><\/p>\n<p>\u00a0:<img loading=\"lazy\" decoding=\"async\" src=\"https:\/\/www.europesays.com\/fr\/wp-content\/uploads\/2025\/04\/ruebliland 25 1et.jpg\" alt=\"\" width=\"600\" height=\"599\"\/><\/p>\n<p>05\/09 &#8211; Et. 1 :\u00a0 Sulz &#8211; Sulz (102 km)<\/p>\n<p class=\"text-center\"><img loading=\"lazy\" decoding=\"async\" src=\"https:\/\/www.europesays.com\/fr\/wp-content\/uploads\/2025\/04\/ruebliland 25 2et.jpg\" alt=\"\" width=\"574\" height=\"684\"\/><\/p>\n<p>06\/09 &#8211; Et. 2 : Kaisten &#8211; Kaisten (94,4 km)<\/p>\n<p style=\"text-align: justify;\"><img loading=\"lazy\" decoding=\"async\" src=\"https:\/\/www.europesays.com\/fr\/wp-content\/uploads\/2025\/04\/ruebliland 25 3et.jpg\" alt=\"\" width=\"559\" height=\"686\"\/><\/p>\n<p>07\/09 &#8211; Et. 3 : Altishofen &#8211; Nebikon (110,5 km)<\/p>\n","protected":false},"excerpt":{"rendered":"Le GP R\u00fcebliland aura lieu du 5 au 9 septembre 2025. Les organisateurs ont d\u00e9voil\u00e9 les cartes des&hellip;\n","protected":false},"author":2,"featured_media":5719,"comment_status":"","ping_status":"","sticky":false,"template":"","format":"standard","meta":{"footnotes":""},"categories":[1411],"tags":[834,828,836,829,837,827,83,826,824,823,1154,207,814,817,815,816,822,821,832,211,839,1011,27,820,818,819,835,831,830,833,838,60,212,208,825],"class_list":{"0":"post-5718","1":"post","2":"type-post","3":"status-publish","4":"format-standard","5":"has-post-thumbnail","7":"category-cyclisme","8":"tag-attaque","9":"tag-belgique","10":"tag-braquet","11":"tag-bretagne","12":"tag-chute","13":"tag-competition","14":"tag-coupe-de-france","15":"tag-coureur","16":"tag-course-cyclisme","17":"tag-course-cycliste","18":"tag-cycling","19":"tag-cyclisme","20":"tag-direct","21":"tag-direct-velo","22":"tag-directvelo","23":"tag-directvelo-com","24":"tag-epreuve","25":"tag-epreuve-cycliste","26":"tag-federation-francaise-de-cyclisme","27":"tag-ffc","28":"tag-flandres","29":"tag-fr","30":"tag-france","31":"tag-live","32":"tag-live-course","33":"tag-live-epreuve","34":"tag-peloton","35":"tag-radio-peloton","36":"tag-radio-tour","37":"tag-ravitaillement","38":"tag-relance","39":"tag-sports","40":"tag-uci","41":"tag-velo","42":"tag-velos"},"share_on_mastodon":{"url":"https:\/\/pubeurope.com\/@fr\/114291970276573986","error":""},"_links":{"self":[{"href":"https:\/\/www.europesays.com\/fr\/wp-json\/wp\/v2\/posts\/5718","targetHints":{"allow":["GET"]}}],"collection":[{"href":"https:\/\/www.europesays.com\/fr\/wp-json\/wp\/v2\/posts"}],"about":[{"href":"https:\/\/www.europesays.com\/fr\/wp-json\/wp\/v2\/types\/post"}],"author":[{"embeddable":true,"href":"https:\/\/www.europesays.com\/fr\/wp-json\/wp\/v2\/users\/2"}],"replies":[{"embeddable":true,"href":"https:\/\/www.europesays.com\/fr\/wp-json\/wp\/v2\/comments?post=5718"}],"version-history":[{"count":0,"href":"https:\/\/www.europesays.com\/fr\/wp-json\/wp\/v2\/posts\/5718\/revisions"}],"wp:featuredmedia":[{"embeddable":true,"href":"https:\/\/www.europesays.com\/fr\/wp-json\/wp\/v2\/media\/5719"}],"wp:attachment":[{"href":"https:\/\/www.europesays.com\/fr\/wp-json\/wp\/v2\/media?parent=5718"}],"wp:term":[{"taxonomy":"category","embeddable":true,"href":"https:\/\/www.europesays.com\/fr\/wp-json\/wp\/v2\/categories?post=5718"},{"taxonomy":"post_tag","embeddable":true,"href":"https:\/\/www.europesays.com\/fr\/wp-json\/wp\/v2\/tags?post=5718"}],"curies":[{"name":"wp","href":"https:\/\/api.w.org\/{rel}","templated":true}]}}