{"id":571802,"date":"2025-12-01T22:18:14","date_gmt":"2025-12-01T22:18:14","guid":{"rendered":"https:\/\/www.europesays.com\/fr\/571802\/"},"modified":"2025-12-01T22:18:14","modified_gmt":"2025-12-01T22:18:14","slug":"la-galerie-dapollon-netait-pas-un-point-de-vigilance-affirme-la-presidente-du-musee","status":"publish","type":"post","link":"https:\/\/www.europesays.com\/fr\/571802\/","title":{"rendered":"la galerie d&rsquo;Apollon n&rsquo;\u00e9tait pas un \u00ab\u00a0point de vigilance\u00a0\u00bb, affirme la pr\u00e9sidente du mus\u00e9e"},"content":{"rendered":"\n<p class=\"c-chapo \">\n  Au moment de la prise de fonction, fin 2021, cette partie du mus\u00e9e avait \u00e9t\u00e9 m\u00eame cit\u00e9e en exemple, affirme Laurence des Cars au \u00ab\u00a0Parisien\u00a0\u00bb.\n<\/p>\n<p>      lire plus tard<\/p>\n<p id=\"dialog__title\" class=\"dialog__title\">Pour sauvegarder cet article, connectez-vous ou cr\u00e9ez un compte franceinfo<\/p>\n<p class=\"dialog__description\">Sans paiement. Sans abonnement.<\/p>\n<p>        Fermer la fen\u00eatre d\u2019activation des notifications France Info<\/p>\n<p>      cr\u00e9er votre compte<\/p>\n<p>      se connecter<\/p>\n<p>        Fermer la fen\u00eatre de pr\u00e9sentation<\/p>\n<p>    <img loading=\"lazy\" decoding=\"async\" class=\"signature__image lazyload\" width=\"100\" height=\"100\" data- alt=\"\" src=\"https:\/\/www.europesays.com\/fr\/wp-content\/uploads\/2025\/05\/64a68815cd1a7_placeholder-36b69ec8.png\"\/><\/p>\n<p>    Publi\u00e9 le 01\/12\/2025 19:29<\/p>\n<p>        Temps de lecture : 1min<\/p>\n<p>    <img decoding=\"async\"  alt=\"La pr\u00e9sidente du mus\u00e9e du Louvre, Laurence des Cars, \u00e0 l'Assembl\u00e9e nationale \u00e0 Paris, le 19 novembre 2025. (BERTRAND GUAY \/ AFP)\" width=\"432\" height=\"243\" src=\"https:\/\/www.europesays.com\/fr\/wp-content\/uploads\/2025\/12\/000-84g88la-692ddd8055295762135280.jpg\" fetchpriority=\"high\"\/><\/p>\n<p>      La pr\u00e9sidente du mus\u00e9e du Louvre, Laurence des Cars, \u00e0 l&rsquo;Assembl\u00e9e nationale \u00e0 Paris, le 19 novembre 2025. (BERTRAND GUAY \/ AFP)<\/p>\n<p>\u00ab\u00a0Pour moi, c&rsquo;\u00e9tait un dossier clos.\u00a0\u00bb La s\u00e9curit\u00e9 de la galerie d&rsquo;Apollon du Louvre,<a href=\"https:\/\/www.franceinfo.fr\/culture\/arts-expos\/louvre\/ca-a-dure-sept-minutes-ce-que-l-on-sait-du-cambriolage-au-musee-du-louvre-ou-des-bijoux-d-une-valeur-patrimoniale-inestimable-ont-ete-voles_7562443.html\" target=\"_self\" rel=\"noopener noreferrer nofollow\" data-tooltip-url=\"https:\/\/www.franceinfo.fr\/culture\/arts-expos\/louvre\/ca-a-dure-sept-minutes-ce-que-l-on-sait-du-cambriolage-au-musee-du-louvre-ou-des-bijoux-d-une-valeur-patrimoniale-inestimable-ont-ete-voles_7562443.html\"> th\u00e9\u00e2tre d&rsquo;un vol de bijoux \u00e0 l&rsquo;\u00e9cho plan\u00e9taire le 19 octobre<\/a>, n&rsquo;avait pas \u00e9t\u00e9 signal\u00e9e \u00e0 la direction \u00ab\u00a0comme un point de vigilance\u00a0\u00bb, a affirm\u00e9 lundi 1er d\u00e9cembre au <a href=\"https:\/\/www.leparisien.fr\/culture-loisirs\/pour-moi-la-galerie-dapollon-etait-un-dossier-clos-apres-le-casse-la-patronne-du-louvre-prete-a-tenir-le-cap-01-12-2025-HKFW24WFQZGURMF7RJXN3S53YE.php\" target=\"_blank\" rel=\"noopener\" data-tooltip-url=\"https:\/\/www.leparisien.fr\/culture-loisirs\/pour-moi-la-galerie-dapollon-etait-un-dossier-clos-apres-le-casse-la-patronne-du-louvre-prete-a-tenir-le-cap-01-12-2025-HKFW24WFQZGURMF7RJXN3S53YE.php\">Parisien<\/a> la pr\u00e9sidente-directrice du mus\u00e9e.<\/p>\n<p>Bien au contraire, au moment de sa prise de poste fin 2021, cette partie du mus\u00e9e lui avait \u00e9t\u00e9 m\u00eame cit\u00e9e en exemple. \u00ab\u00a0On me dit que s&rsquo;il y a une chose sur laquelle on peut \u00eatre totalement rassur\u00e9s, ce sont les joyaux de la Couronne\u00a0\u00bb, avec \u00ab\u00a0trois nouvelles vitrines solides\u00a0\u00bb remplac\u00e9es lors de r\u00e9novations en 2018-2019, assure Laure.\u00a0<\/p>\n<p>R\u00e9v\u00e9l\u00e9 par Le Monde, <a href=\"https:\/\/www.franceinfo.fr\/faits-divers\/cambriolage-au-musee-du-louvre\/cambriolage-historique-du-louvre-que-disent-les-rapports-qui-alertaient-sur-les-failles-de-securite-du-musee_7643363.html\" target=\"_self\" rel=\"noopener noreferrer nofollow\" data-tooltip-url=\"https:\/\/www.franceinfo.fr\/faits-divers\/cambriolage-au-musee-du-louvre\/cambriolage-historique-du-louvre-que-disent-les-rapports-qui-alertaient-sur-les-failles-de-securite-du-musee_7643363.html\">un audit r\u00e9alis\u00e9 par le joaillier Van Cleef &amp; Arpels pour le mus\u00e9e avait<\/a>, d\u00e8s 2018, d\u00e9crit avec pr\u00e9cision la faille potentielle que repr\u00e9sentait le balcon emprunt\u00e9 lors du vol de bijoux, avec un mode op\u00e9ratoire correspondant \u00e0 celui utilis\u00e9 par les malfaiteurs. \u00ab\u00a0Cet audit, je l&rsquo;ai d\u00e9couvert le 23 octobre, quatre jours apr\u00e8s le vol, apr\u00e8s ma demande de la remont\u00e9e de toutes les interventions sur 25 ans dans la galerie d&rsquo;Apollon\u00a0\u00bb, a assur\u00e9 la pr\u00e9sidente du Louvre. Les bijoux demeurent toujours introuvables, mais la directrice se dit dite \u00ab\u00a0optimiste\u00a0\u00bb sur l&rsquo;issue de l&rsquo;enqu\u00eate.<\/p>\n","protected":false},"excerpt":{"rendered":"Au moment de la prise de fonction, fin 2021, cette partie du mus\u00e9e avait \u00e9t\u00e9 m\u00eame cit\u00e9e en&hellip;\n","protected":false},"author":2,"featured_media":571803,"comment_status":"","ping_status":"","sticky":false,"template":"","format":"standard","meta":{"footnotes":""},"categories":[1358],"tags":[1348,1384,1385,1386,58,59,1011,27],"class_list":{"0":"post-571802","1":"post","2":"type-post","3":"status-publish","4":"format-standard","5":"has-post-thumbnail","7":"category-arts-et-design","8":"tag-arts","9":"tag-arts-and-design","10":"tag-arts-et-design","11":"tag-design","12":"tag-divertissement","13":"tag-entertainment","14":"tag-fr","15":"tag-france"},"share_on_mastodon":{"url":"https:\/\/pubeurope.com\/@fr\/115646635667221537","error":""},"_links":{"self":[{"href":"https:\/\/www.europesays.com\/fr\/wp-json\/wp\/v2\/posts\/571802","targetHints":{"allow":["GET"]}}],"collection":[{"href":"https:\/\/www.europesays.com\/fr\/wp-json\/wp\/v2\/posts"}],"about":[{"href":"https:\/\/www.europesays.com\/fr\/wp-json\/wp\/v2\/types\/post"}],"author":[{"embeddable":true,"href":"https:\/\/www.europesays.com\/fr\/wp-json\/wp\/v2\/users\/2"}],"replies":[{"embeddable":true,"href":"https:\/\/www.europesays.com\/fr\/wp-json\/wp\/v2\/comments?post=571802"}],"version-history":[{"count":0,"href":"https:\/\/www.europesays.com\/fr\/wp-json\/wp\/v2\/posts\/571802\/revisions"}],"wp:featuredmedia":[{"embeddable":true,"href":"https:\/\/www.europesays.com\/fr\/wp-json\/wp\/v2\/media\/571803"}],"wp:attachment":[{"href":"https:\/\/www.europesays.com\/fr\/wp-json\/wp\/v2\/media?parent=571802"}],"wp:term":[{"taxonomy":"category","embeddable":true,"href":"https:\/\/www.europesays.com\/fr\/wp-json\/wp\/v2\/categories?post=571802"},{"taxonomy":"post_tag","embeddable":true,"href":"https:\/\/www.europesays.com\/fr\/wp-json\/wp\/v2\/tags?post=571802"}],"curies":[{"name":"wp","href":"https:\/\/api.w.org\/{rel}","templated":true}]}}