{"id":571804,"date":"2025-12-01T22:20:23","date_gmt":"2025-12-01T22:20:23","guid":{"rendered":"https:\/\/www.europesays.com\/fr\/571804\/"},"modified":"2025-12-01T22:20:23","modified_gmt":"2025-12-01T22:20:23","slug":"vous-voyez-vous-etes-nulle-anne-elisabeth-lemoine-moquee-par-jean-pierre-foucault-dans-c-a-vous","status":"publish","type":"post","link":"https:\/\/www.europesays.com\/fr\/571804\/","title":{"rendered":"Vous voyez, vous \u00eates nulle\u00a0\u00bb : Anne-\u00c9lisabeth Lemoine moqu\u00e9e par Jean-Pierre Foucault dans \u00ab\u00a0C \u00e0 Vous"},"content":{"rendered":"<p>Le 6 d\u00e9cembre prochain, les 30 candidates \u00e0 <a href=\"https:\/\/vsd.fr\/tag\/miss-france\/\" target=\"_blank\" rel=\"noopener\">Miss France<\/a> et les millions de t\u00e9l\u00e9spectateurs vont une nouvelle fois retrouver <a href=\"https:\/\/www.public.fr\/tag\/jean-pierre-foucault\" target=\"_blank\" rel=\"noopener\">Jean-Pierre Foucault<\/a> sur TF1. En effet, <a href=\"https:\/\/www.public.fr\/miss-france-2026-pendant-le-concours-de-beaute-jean-pierre-foucault-naura-plus-le-droit-de-sexualiser-les-candidates\" target=\"_blank\" rel=\"noopener\">le pr\u00e9sentateur de 78 ans va pr\u00e9senter sa 31e \u00e9dition<\/a> depuis la premi\u00e8re en d\u00e9cembre 1995.\u00a0<\/p>\n<p>Un poste qu\u2019il quittera un jour. Lorsqu\u2019il d\u00e9cidera de prendre sa retraite ou lorsque son r\u00eave se r\u00e9alisera. Originaire du sud de la France, l\u2019embl\u00e9matique animateur de TF1 r\u00eave de voir Miss Provence se faire \u00e9lire un jour. Un \u00e9v\u00e9nement qui s\u2019est d\u00e9j\u00e0 produit en 1978, lorsque Sylvie Par\u00e9ra, alors Miss Marseille, se faisait \u00e9lire Miss France 1979.\u00a0<\/p>\n<p>N\u00e9anmoins, Jean-Pierre Foucault n\u2019a pas encore eu la chance de vivre ce moment en tant qu\u2019animateur de soir\u00e9e Miss France. Il esp\u00e8re que son r\u00eave se r\u00e9alisera donc dans quelques jours, ce samedi 6 d\u00e9cembre 2025 \u00e0 Amiens, \u00e0 l\u2019occasion de la prochaine \u00e9dition.<\/p>\n<p>Anne-\u00c9lisabeth Lemoine perdue dans ses calcules, Jean-Pierre Foucault saisit la perche<\/p>\n<p>Une prochaine \u00e9dition que l\u2019animateur est venu \u00e9voquer sur le plateau de <strong>C \u00e0 Vous<\/strong> ce lundi 1er d\u00e9cembre 2025. Lors de son arriv\u00e9e, le pr\u00e9sentateur de 78 ans a d\u2019ailleurs cr\u00e9\u00e9 la sensation dans la quotidienne de France 5. Juste avant sa venue,<a href=\"https:\/\/www.public.fr\/ca-vous-fait-fantasmer-camille-cottin-deboussolee-dans-quotidien-apres-cette-question-osee-de-yann-barthes\" target=\"_blank\" rel=\"noopener\"> Camille Cottin se trouvait en compagnie de Nathan Ambrosioni<\/a> pour \u00e9voquer leur film <strong>Les Enfants vont bien<\/strong>. La com\u00e9dienne c\u00e9l\u00e9brait son anniversaire et a eu droit \u00e0 un bouquet de fleurs de la part de Jean-Pierre Foucault.\u00a0<\/p>\n<p>Apr\u00e8s ce joli cadeau, puis un autre dans lequel Liliane Rov\u00e8re laissait un beau message \u00e0 son amie et partenaire dans le film 10 pour cent \u00e0 l\u2019occasion de son anniversaire, Camille Cottin et Nathan Abrosioni ont laiss\u00e9 leur place \u00e0 l\u2019animateur de 78 ans.\u00a0<br \/>\u00ab\u00a0On vous garde, Jean-Pierre. <strong>On parle de votre 30\u00e8me \u00e9lection. C&rsquo;est la 30\u00e8me \u00e9lection ?<\/strong>\u00ab\u00a0, a demand\u00e9 <a href=\"https:\/\/www.public.fr\/tag\/anne-elisabeth-lemoine\" target=\"_blank\" rel=\"noopener\">Anne-\u00c9lisabeth Lemoine<\/a> \u00e0 son invit\u00e9. \u00c0 quoi le principal int\u00e9resse a r\u00e9pondu, visiblement tout aussi perdu que l\u2019animatrice de C \u00e0 Vous : \u00ab\u00a0C\u2019est la 30\u00e8me ou la 31\u00e8me, je sais plus\u00a0\u00bb.\u00a0<\/p>\n<p>\u00ab\u00a0La premi\u00e8re, c&rsquo;\u00e9tait en 95, on est en 2025. Je suis nulle en maths, <strong>mais \u00e7a fait 30 ans<\/strong>\u00ab\u00a0, a finalement tent\u00e9 de calculer la pr\u00e9sentatrice avant de se faire recadrer, avec beaucoup d\u2019humour, par Jean-Pierre Foucault : <strong>\u00ab\u00a0C&rsquo;est ma 30\u00e8me \u00e9mission. Vous voyez que vous \u00eates nulle en maths car c&rsquo;est ma 31\u00e8me Miss\u00a0\u00bb<\/strong>, rendant hilares Anne-\u00c9lisabeth Lemoine et le plateau de C \u00e0 Vous.\u00a0<\/p>\n<p>L&rsquo;animateur se retirera de Miss France une fois Miss Provence \u00e9lue<\/p>\n<p>Au fil de l\u2019interview, le pr\u00e9sentateur du concours Miss France a rappel\u00e9 \u00e0 quel point il r\u00eavait de voir Miss Provence \u00eatre sacr\u00e9e. \u00ab\u00a0Moi, j&rsquo;esp\u00e8re que Miss Provence soit \u00e9lue un jour. D&rsquo;autant que j&rsquo;ai dit que si Miss Provence \u00e9tait \u00e9lue, j&rsquo;arr\u00eatais la pr\u00e9sentation de Miss France. C&rsquo;est vous dire le nombre de gens qui t\u00e9l\u00e9phonent comme des fous, y compris mes proches\u00a0\u00bb.<\/p>\n<p>Malgr\u00e9 cet \u00e9chec chaque ann\u00e9e, Jean-Pierre Foucault n\u2019a jamais d\u00e9vi\u00e9 et continue, encore aujourd\u2019hui, de pronostiquer un sacre de Miss Provence. Reste \u00e0 savoir si Julie Zitouni va permettre \u00e0 l\u2019animateur de r\u00e9aliser l\u2019un de ses r\u00eaves et, de fait, lui permettre de se retirer de l\u2019animation du concours.<\/p>\n<p>\n          Hits &amp; People en continu\n        <\/p>\n<p>\n          Public Radio\n        <\/p>\n<p>      Mentionn\u00e9s dans cet article<\/p>\n<p>      Sur le m\u00eame sujet<\/p>\n","protected":false},"excerpt":{"rendered":"Le 6 d\u00e9cembre prochain, les 30 candidates \u00e0 Miss France et les millions de t\u00e9l\u00e9spectateurs vont une nouvelle&hellip;\n","protected":false},"author":2,"featured_media":571805,"comment_status":"","ping_status":"","sticky":false,"template":"","format":"standard","meta":{"footnotes":""},"categories":[1356],"tags":[5631,5632,58,59,1011,27,9917,3034,252,199,1364],"class_list":{"0":"post-571804","1":"post","2":"type-post","3":"status-publish","4":"format-standard","5":"has-post-thumbnail","7":"category-television","8":"tag-anne-elisabeth-lemoine","9":"tag-c-a-vous","10":"tag-divertissement","11":"tag-entertainment","12":"tag-fr","13":"tag-france","14":"tag-jean-pierre-foucault","15":"tag-miss-france","16":"tag-television","17":"tag-tf1","18":"tag-tv"},"share_on_mastodon":{"url":"https:\/\/pubeurope.com\/@fr\/115646642623078001","error":""},"_links":{"self":[{"href":"https:\/\/www.europesays.com\/fr\/wp-json\/wp\/v2\/posts\/571804","targetHints":{"allow":["GET"]}}],"collection":[{"href":"https:\/\/www.europesays.com\/fr\/wp-json\/wp\/v2\/posts"}],"about":[{"href":"https:\/\/www.europesays.com\/fr\/wp-json\/wp\/v2\/types\/post"}],"author":[{"embeddable":true,"href":"https:\/\/www.europesays.com\/fr\/wp-json\/wp\/v2\/users\/2"}],"replies":[{"embeddable":true,"href":"https:\/\/www.europesays.com\/fr\/wp-json\/wp\/v2\/comments?post=571804"}],"version-history":[{"count":0,"href":"https:\/\/www.europesays.com\/fr\/wp-json\/wp\/v2\/posts\/571804\/revisions"}],"wp:featuredmedia":[{"embeddable":true,"href":"https:\/\/www.europesays.com\/fr\/wp-json\/wp\/v2\/media\/571805"}],"wp:attachment":[{"href":"https:\/\/www.europesays.com\/fr\/wp-json\/wp\/v2\/media?parent=571804"}],"wp:term":[{"taxonomy":"category","embeddable":true,"href":"https:\/\/www.europesays.com\/fr\/wp-json\/wp\/v2\/categories?post=571804"},{"taxonomy":"post_tag","embeddable":true,"href":"https:\/\/www.europesays.com\/fr\/wp-json\/wp\/v2\/tags?post=571804"}],"curies":[{"name":"wp","href":"https:\/\/api.w.org\/{rel}","templated":true}]}}