{"id":571806,"date":"2025-12-01T22:21:17","date_gmt":"2025-12-01T22:21:17","guid":{"rendered":"https:\/\/www.europesays.com\/fr\/571806\/"},"modified":"2025-12-01T22:21:17","modified_gmt":"2025-12-01T22:21:17","slug":"m-pokora-papa-maman-si-jen-suis-la-cest-aussi-grace-a-vous","status":"publish","type":"post","link":"https:\/\/www.europesays.com\/fr\/571806\/","title":{"rendered":"M.Pokora: \u00abPapa, maman, si j&rsquo;en suis l\u00e0 c&rsquo;est aussi gr\u00e2ce \u00e0 vous\u00bb"},"content":{"rendered":"<p><img loading=\"lazy\" decoding=\"async\" src=\"https:\/\/www.europesays.com\/fr\/wp-content\/uploads\/2025\/12\/9d3aa9de-2a7d-413e-8b4e-71ccb023d08b.png\" alt=\"M. Pokora a eu du mal \u00e0 retenir ses larmes.\" title=\"M. Pokora a eu du mal \u00e0 retenir ses larmes.\"  width=\"1200\" height=\"762\"\/>M. Pokora a eu du mal \u00e0 retenir ses larmes.YouTube\/Capture d&rsquo;\u00e9cran<\/p>\n<p type=\"textBlockArray\" class=\"sc-e17c7982-2 hoDElN\">S\u00e9quence \u00e9motion dans \u00abC \u00e0 vous\u00bb ce 29 novembre 2025. Invit\u00e9 pour la promotion de la r\u00e9\u00e9dition de son album \u00abAdr\u00e9naline\u00bb, M. Pokora a livr\u00e9 un message poignant \u00e0 ses parents. \u00ab\u00c7a peut surprendre, mais je n&rsquo;ai jamais remerci\u00e9 publiquement mes parents\u00bb, a commenc\u00e9 le chanteur de 40 ans.<\/p>\n<p type=\"textBlockArray\" class=\"sc-e17c7982-2 hoDElN\">Face cam\u00e9ra, c&rsquo;est ensuite directement \u00e0 eux qu&rsquo;il s&rsquo;est adress\u00e9. Et l&rsquo;\u00e9motion \u00e9tait palpable. \u00abPapa, maman, je ne vous l&rsquo;ai jamais dit. On parle beaucoup des gens du m\u00e9tier que je croise sur ma route, mais si j&rsquo;en suis l\u00e0, c&rsquo;est gr\u00e2ce \u00e0 votre \u00e9ducation\u00bb, a l\u00e2ch\u00e9 les larmes aux yeux <a href=\"https:\/\/www.20min.ch\/fr\/story\/mpokora-cette-date-fatidique-je-ne-la-vois-pas-arriver-tout-de-suite-103366921\" target=\"_blank\" rel=\"noopener\">celui qui commence \u00e0 ressentir le poids des ann\u00e9es<\/a>.<\/p>\n<p type=\"textBlockArray\" class=\"sc-e17c7982-2 hoDElN\">Et d&rsquo;ajouter, la voix tremblante: \u00abVous avez toujours travaill\u00e9 dur pour nous. Vous nous avez toujours pr\u00e9serv\u00e9s, mon fr\u00e8re Julien et moi. Je ne vous l&rsquo;ai jamais dit, mais si je suis arriv\u00e9 l\u00e0 o\u00f9 je suis aujourd&rsquo;hui, c&rsquo;est aussi gr\u00e2ce \u00e0 vous!\u00bb<\/p>\n<p type=\"textBlockArray\" class=\"sc-e17c7982-2 hoDElN\">Par la suite, le chanteur fran\u00e7ais a promis qu&rsquo;il le leur dirait \u00abs\u00fbrement les yeux dans les yeux\u00bb, maintenant qu&rsquo;il l&rsquo;avait \u00abfait devant la France enti\u00e8re\u00bb. \u00abC&rsquo;est quand on devient parent qu&rsquo;on se rend compte \u00e0 quel point vous avez fait beaucoup de sacrifices. Vous avez fait beaucoup de choses pour nous. Vous avez toujours \u00e9t\u00e9 l\u00e0\u00bb, a poursuivi Matthieu Tota, de son vrai nom. Et de conclure: \u00abJe m&rsquo;en rends compte, maintenant que je suis papa. Je suis extr\u00eamement reconnaissant d&rsquo;avoir eu des parents comme vous. Merci.\u00bb<\/p>\n<p><a href=\"https:\/\/www.20min.ch\/fr\/auteurs\/75606736\/angelica-zermatten\" class=\"sc-b1f21c84-2 egfiIF\" target=\"_blank\" rel=\"noopener\"><img decoding=\"async\" alt=\"Angelica Zermatten\" src=\"https:\/\/www.europesays.com\/fr\/wp-content\/uploads\/2025\/12\/1764627677_477_4d60c29f-7ce6-44da-849f-59c36523072b.jpeg\" class=\"sc-b1f21c84-1 iTOvpR\"\/><\/a><\/p>\n<p class=\"sc-f19a47c0-1 jKqFcj\">Angelica Zermatten (aze) est journaliste pour la rubrique Stars&amp;Co de 20 minutes depuis 2021. Elle couvre la vie des c\u00e9l\u00e9brit\u00e9s, la musique et le cin\u00e9ma.<\/p>\n","protected":false},"excerpt":{"rendered":"M. Pokora a eu du mal \u00e0 retenir ses larmes.YouTube\/Capture d&rsquo;\u00e9cran S\u00e9quence \u00e9motion dans \u00abC \u00e0 vous\u00bb ce&hellip;\n","protected":false},"author":2,"featured_media":571807,"comment_status":"","ping_status":"","sticky":false,"template":"","format":"standard","meta":{"footnotes":""},"categories":[1355],"tags":[58,59,1011,27,1361,873],"class_list":{"0":"post-571806","1":"post","2":"type-post","3":"status-publish","4":"format-standard","5":"has-post-thumbnail","7":"category-musique","8":"tag-divertissement","9":"tag-entertainment","10":"tag-fr","11":"tag-france","12":"tag-music","13":"tag-musique"},"share_on_mastodon":{"url":"https:\/\/pubeurope.com\/@fr\/115646647607102319","error":""},"_links":{"self":[{"href":"https:\/\/www.europesays.com\/fr\/wp-json\/wp\/v2\/posts\/571806","targetHints":{"allow":["GET"]}}],"collection":[{"href":"https:\/\/www.europesays.com\/fr\/wp-json\/wp\/v2\/posts"}],"about":[{"href":"https:\/\/www.europesays.com\/fr\/wp-json\/wp\/v2\/types\/post"}],"author":[{"embeddable":true,"href":"https:\/\/www.europesays.com\/fr\/wp-json\/wp\/v2\/users\/2"}],"replies":[{"embeddable":true,"href":"https:\/\/www.europesays.com\/fr\/wp-json\/wp\/v2\/comments?post=571806"}],"version-history":[{"count":0,"href":"https:\/\/www.europesays.com\/fr\/wp-json\/wp\/v2\/posts\/571806\/revisions"}],"wp:featuredmedia":[{"embeddable":true,"href":"https:\/\/www.europesays.com\/fr\/wp-json\/wp\/v2\/media\/571807"}],"wp:attachment":[{"href":"https:\/\/www.europesays.com\/fr\/wp-json\/wp\/v2\/media?parent=571806"}],"wp:term":[{"taxonomy":"category","embeddable":true,"href":"https:\/\/www.europesays.com\/fr\/wp-json\/wp\/v2\/categories?post=571806"},{"taxonomy":"post_tag","embeddable":true,"href":"https:\/\/www.europesays.com\/fr\/wp-json\/wp\/v2\/tags?post=571806"}],"curies":[{"name":"wp","href":"https:\/\/api.w.org\/{rel}","templated":true}]}}