{"id":571810,"date":"2025-12-01T22:23:12","date_gmt":"2025-12-01T22:23:12","guid":{"rendered":"https:\/\/www.europesays.com\/fr\/571810\/"},"modified":"2025-12-01T22:23:12","modified_gmt":"2025-12-01T22:23:12","slug":"dormez-vous-assez-pour-eviter-alzheimer-les-neurologues-alertent-un-temps-de-sommeil-inferieur-a-cette-duree-augmenterait-les-risques-de-30","status":"publish","type":"post","link":"https:\/\/www.europesays.com\/fr\/571810\/","title":{"rendered":"Dormez-vous assez pour \u00e9viter Alzheimer ? Les neurologues alertent : un temps de sommeil inf\u00e9rieur \u00e0 cette dur\u00e9e augmenterait les risques de 30%"},"content":{"rendered":"<p>\u00c0 l&rsquo;heure o\u00f9 d\u00e9cembre enveloppe la France de ses <a href=\"https:\/\/journaldesseniors.20minutes.fr\/sante\/vos-clementines-ramollissent-trop-vite-vous-faites-probablement-cette-erreur-sans-le-savoir\/\" target=\"_blank\" rel=\"noopener\">longues nuits<\/a>, beaucoup d&rsquo;entre nous rognent encore sur leurs heures de repos, persuad\u00e9s que \u00ab le sommeil, c&rsquo;est pour les faibles \u00bb. Et pourtant\u2026 Une r\u00e9v\u00e9lation fran\u00e7aise, venue bousculer nos habitudes, questionne notre rapport \u00e0 la nuit. Dormir moins, est-ce vraiment anodin, ou se cache-t-il derri\u00e8re cette \u00e9conomie d&rsquo;heures un prix lourd \u00e0 payer ? Et si pr\u00e9server sa m\u00e9moire demandait simplement de mieux prot\u00e9ger ses nuits ?<\/p>\n<p>Un sommeil \u00e9court\u00e9, un cerveau en danger : la r\u00e9v\u00e9lation alarmante des neurologues<\/p>\n<p>Il y a de quoi faire frissonner, m\u00eame en pleine p\u00e9riode de f\u00eates hivernales : r\u00e9duire ses nuits \u00e0 moins de six heures augmenterait jusqu&rsquo;\u00e0 <strong>30% le risque de d\u00e9velopper la maladie d&rsquo;Alzheimer<\/strong>. Cette statistique, issue d&rsquo;une analyse de grande ampleur r\u00e9cemment men\u00e9e en France, rappelle l&rsquo;importance cruciale que rev\u00eat le sommeil pour la <a href=\"https:\/\/journaldesseniors.20minutes.fr\/sante\/la-science-revele-enfin-les-effets-de-loeuf-sur-le-cerveau-dans-cette-etude-revelatrice\/\" target=\"_blank\" rel=\"noopener\">sant\u00e9 c\u00e9r\u00e9brale<\/a>. Jadis rel\u00e9gu\u00e9e au second plan parmi les priorit\u00e9s de la pr\u00e9vention, la dur\u00e9e du sommeil s&rsquo;impose aujourd&rsquo;hui comme un marqueur d\u00e9cisif.<\/p>\n<p>La prise de conscience collective s&rsquo;est amplifi\u00e9e gr\u00e2ce aux d\u00e9couvertes r\u00e9centes. Le lien, longtemps consid\u00e9r\u00e9 comme accessoire, entre privation de sommeil et alt\u00e9ration cognitive est d\u00e9sormais pris tr\u00e8s au s\u00e9rieux dans l&rsquo;Hexagone. C&rsquo;est un <strong>signal d&rsquo;alarme lanc\u00e9 \u00e0 la veille de l&rsquo;hiver<\/strong>, alors que la tentation d&rsquo;\u00e9courter ses nuits peut se faire sentir.<\/p>\n<p>Certains groupes d&rsquo;\u00e2ge et situations pr\u00e9sentent une vuln\u00e9rabilit\u00e9 accrue. <strong>Les seniors<\/strong>, dont la qualit\u00e9 du sommeil a souvent tendance \u00e0 se d\u00e9grader, ainsi que ceux affrontant des troubles nocturnes r\u00e9guliers, seraient particuli\u00e8rement expos\u00e9s \u00e0 ce <a href=\"https:\/\/journaldesseniors.20minutes.fr\/sante\/cette-huile-que-vous-consommez-chaque-jour-pourrait-favoriser-le-cancer-colorectal-selon-des-chercheurs\/\" target=\"_blank\" rel=\"noopener\">risque silencieux<\/a>. Mais les actifs, les aidants, et ceux qui sacrifient leur sommeil pour des raisons professionnelles ou familiales, sont loin d&rsquo;\u00eatre \u00e9pargn\u00e9s.<\/p>\n<p>Ce qui se trame pendant la nuit : comment le sommeil prot\u00e8ge notre cerveau<\/p>\n<p>Le sommeil, loin d&rsquo;\u00eatre une simple pause, s&rsquo;apparente \u00e0 un <strong>\u00ab grand nettoyage \u00bb<\/strong>. Durant la nuit, notre cerveau enclenche des processus de r\u00e9paration et d&rsquo;\u00e9limination des d\u00e9chets, favorisant la clart\u00e9 mentale au r\u00e9veil et, surtout, la pr\u00e9servation des fonctions cognitives. Cette maintenance invisible est n\u00e9cessaire pour conserver une m\u00e9moire vive et un esprit alerte au quotidien.<\/p>\n<p>Lorsque les nuits deviennent syst\u00e9matiquement trop courtes, le m\u00e9canisme de r\u00e9g\u00e9n\u00e9ration neuronale s&rsquo;enraye. <strong>C&rsquo;est alors que les signaux d&rsquo;alerte se multiplient<\/strong> : pertes de rep\u00e8res, oublis r\u00e9cents, ou encore difficult\u00e9s de concentration. \u00c0 moyen terme, ces sympt\u00f4mes affectent tant la m\u00e9moire imm\u00e9diate que la capacit\u00e9 \u00e0 retenir de nouvelles informations.<\/p>\n<p>Il est important de souligner que ces premiers troubles ne sont pas in\u00e9luctables, ce qui met en lumi\u00e8re le r\u00f4le central du sommeil r\u00e9parateur dans la pr\u00e9vention. <strong>Pr\u00eater attention \u00e0 de simples oublis<\/strong> \u2013 chercher ses cl\u00e9s, \u00e9garer un mot, ou confondre les pr\u00e9noms \u2013 peut constituer le premier geste de vigilance \u00e0 adopter.<\/p>\n<p> Faut-il vraiment dormir plus longtemps ? Ce que prouvent les \u00e9tudes r\u00e9centes<\/p>\n<p>La question demeure centrale : combien d&rsquo;heures faut-il vraiment pour bien dormir ? Les chiffres convergent, m\u00eame s&rsquo;ils varient selon les individus. Pour la majorit\u00e9 des adultes, <strong>entre 7 et 8 heures par nuit<\/strong> constituent un seuil protecteur. Pourtant, nous ne sommes pas tous \u00e9gaux devant le sommeil : l&rsquo;\u00e2ge, l&rsquo;hygi\u00e8ne de vie, ou encore l&rsquo;environnement familial et social modulent les besoins.<\/p>\n<p>La France ne fait pas exception \u00e0 la r\u00e8gle : selon les comparaisons internationales, nos nuits tendent \u00e0 s&rsquo;amenuiser, suivant une tendance similaire dans les pays occidentaux. <strong>Un constat pr\u00e9occupant<\/strong> : l\u00e0 o\u00f9 la dur\u00e9e du sommeil d\u00e9cro\u00eet, les troubles cognitifs semblent progresser plus rapidement.<\/p>\n<p>Est-il possible de compenser les nuits tronqu\u00e9es par des grasses matin\u00e9es ou des siestes ? La science est formelle : le manque de sommeil chronique ne se rattrape pas totalement. M\u00eame de br\u00e8ves privations r\u00e9p\u00e9t\u00e9es laissent une empreinte durable sur le cerveau\u2026 Une raison suppl\u00e9mentaire de veiller \u00e0 la r\u00e9gularit\u00e9 de nos nuits, surtout en hiver, quand l&rsquo;organisme r\u00e9clame souvent plus de repos.<\/p>\n<p> Les pi\u00e8ges modernes qui grignotent nos nuits (et notre sant\u00e9)<\/p>\n<p>La lumi\u00e8re bleue des \u00e9crans, omnipr\u00e9sente dans nos foyers d\u00e8s la tomb\u00e9e du jour, est aujourd&rsquo;hui point\u00e9e du doigt. <strong>Smartphones, tablettes et t\u00e9l\u00e9viseurs retardent l&rsquo;endormissement<\/strong>, d\u00e9r\u00e8glent l&rsquo;horloge interne, et contribuent indirectement \u00e0 la diminution du sommeil profond, celui-l\u00e0 m\u00eame qui prot\u00e8ge nos fonctions mentales.<\/p>\n<p>Au-del\u00e0 des technologies, notre \u00e9poque nous impose un rythme effr\u00e9n\u00e9. Le stress, les t\u00e2ches sans fin, et les pr\u00e9occupations nocturnes r\u00e9v\u00e8lent une soci\u00e9t\u00e9 o\u00f9 l&rsquo;on repousse sans cesse le moment du repos. <strong>Cons\u00e9quence directe<\/strong> : la sant\u00e9 s&rsquo;alt\u00e8re progressivement, de fa\u00e7on presque imperceptible.<\/p>\n<p>Enfin, certaines fausses croyances persistent. <strong>Il y a encore ceux qui pensent \u00ab rattraper \u00bb facilement le sommeil perdu<\/strong>, ou que les personnes \u00e2g\u00e9es auraient naturellement besoin de moins dormir. Ces id\u00e9es re\u00e7ues contribuent \u00e0 minimiser l&rsquo;importance de nuits suffisamment longues et r\u00e9paratrices pour la sant\u00e9 cognitive.<\/p>\n<p>Passer \u00e0 l&rsquo;action : 5 astuces pour retrouver des nuits protectrices<\/p>\n<p>Face \u00e0 ce constat, l&rsquo;heure est \u00e0 l&rsquo;action plut\u00f4t qu&rsquo;\u00e0 la r\u00e9signation. Certains rituels du soir font leurs preuves lorsqu&rsquo;il s&rsquo;agit de renouer avec un sommeil de qualit\u00e9 :<\/p>\n<ul>\n<li><strong>\u00c9teindre les \u00e9crans au moins une heure avant de se coucher<\/strong> : favoriser la lecture ou l&rsquo;\u00e9coute de musique douce peut aider \u00e0 mieux s&rsquo;endormir.<\/li>\n<li><strong>D\u00eener l\u00e9ger et \u00e9viter les excitants apr\u00e8s 17h<\/strong> : privil\u00e9giez les aliments r\u00e9confortants sans \u00eatre trop riches.<\/li>\n<li><strong>Cr\u00e9er un environnement propice<\/strong> : obscurit\u00e9, temp\u00e9rature fra\u00eeche, et literie confortable sont vos meilleurs alli\u00e9s cet hiver.<\/li>\n<li><strong>Respecter des horaires r\u00e9guliers<\/strong> : instaurer une routine aide \u00e0 synchroniser l&rsquo;organisme.<\/li>\n<li><strong>Pratiquer la relaxation ou la respiration profonde<\/strong> avant le coucher : diminuer le stress pour laisser place \u00e0 l&rsquo;endormissement naturel.<\/li>\n<\/ul>\n<p>Si malgr\u00e9 ces efforts, les troubles du sommeil persistent \u2013 r\u00e9veils nocturnes r\u00e9p\u00e9t\u00e9s, insomnies ou fatigue chronique \u2013 <strong>consulter un professionnel de sant\u00e9 devient essentiel<\/strong>. Certains signes, lorsqu&rsquo;ils s&rsquo;installent, peuvent n\u00e9cessiter une attention particuli\u00e8re afin d&rsquo;\u00e9viter que la fatigue n&rsquo;entame les r\u00e9serves mentales sur le long terme.<\/p>\n<p>Synth\u00e8se : changer ses nuits pour prot\u00e9ger son futur<\/p>\n<p>Le sommeil, souvent n\u00e9glig\u00e9 dans notre quotidien surcharg\u00e9, repr\u00e9sente bien plus qu&rsquo;un simple temps de pause : il prot\u00e8ge efficacement la m\u00e9moire et repousse la menace de troubles comme Alzheimer. <strong>Modifier ses habitudes nocturnes, c&rsquo;est investir dans la qualit\u00e9 de son vieillissement<\/strong>, \u00e0 travers un geste aussi simple que naturel. En cette p\u00e9riode o\u00f9 l&rsquo;hiver invite au cocooning, pourquoi ne pas saisir l&rsquo;occasion pour r\u00e9apprivoiser ses nuits ? Chacun d\u00e9tient les cl\u00e9s d&rsquo;une meilleure sant\u00e9 cognitive\u2026 d\u00e8s ce soir.<\/p>\n","protected":false},"excerpt":{"rendered":"\u00c0 l&rsquo;heure o\u00f9 d\u00e9cembre enveloppe la France de ses longues nuits, beaucoup d&rsquo;entre nous rognent encore sur leurs&hellip;\n","protected":false},"author":2,"featured_media":571811,"comment_status":"","ping_status":"","sticky":false,"template":"","format":"standard","meta":{"footnotes":""},"categories":[10],"tags":[1011,27,72,56,71],"class_list":{"0":"post-571810","1":"post","2":"type-post","3":"status-publish","4":"format-standard","5":"has-post-thumbnail","7":"category-sante","8":"tag-fr","9":"tag-france","10":"tag-health","11":"tag-push","12":"tag-sante"},"share_on_mastodon":{"url":"https:\/\/pubeurope.com\/@fr\/115646654269389317","error":""},"_links":{"self":[{"href":"https:\/\/www.europesays.com\/fr\/wp-json\/wp\/v2\/posts\/571810","targetHints":{"allow":["GET"]}}],"collection":[{"href":"https:\/\/www.europesays.com\/fr\/wp-json\/wp\/v2\/posts"}],"about":[{"href":"https:\/\/www.europesays.com\/fr\/wp-json\/wp\/v2\/types\/post"}],"author":[{"embeddable":true,"href":"https:\/\/www.europesays.com\/fr\/wp-json\/wp\/v2\/users\/2"}],"replies":[{"embeddable":true,"href":"https:\/\/www.europesays.com\/fr\/wp-json\/wp\/v2\/comments?post=571810"}],"version-history":[{"count":0,"href":"https:\/\/www.europesays.com\/fr\/wp-json\/wp\/v2\/posts\/571810\/revisions"}],"wp:featuredmedia":[{"embeddable":true,"href":"https:\/\/www.europesays.com\/fr\/wp-json\/wp\/v2\/media\/571811"}],"wp:attachment":[{"href":"https:\/\/www.europesays.com\/fr\/wp-json\/wp\/v2\/media?parent=571810"}],"wp:term":[{"taxonomy":"category","embeddable":true,"href":"https:\/\/www.europesays.com\/fr\/wp-json\/wp\/v2\/categories?post=571810"},{"taxonomy":"post_tag","embeddable":true,"href":"https:\/\/www.europesays.com\/fr\/wp-json\/wp\/v2\/tags?post=571810"}],"curies":[{"name":"wp","href":"https:\/\/api.w.org\/{rel}","templated":true}]}}