{"id":571816,"date":"2025-12-01T22:27:10","date_gmt":"2025-12-01T22:27:10","guid":{"rendered":"https:\/\/www.europesays.com\/fr\/571816\/"},"modified":"2025-12-01T22:27:10","modified_gmt":"2025-12-01T22:27:10","slug":"le-macbook-air-m4-chute-a-819-e-sur-amazon-encore-trois-heures-de-remise-frandroid","status":"publish","type":"post","link":"https:\/\/www.europesays.com\/fr\/571816\/","title":{"rendered":"le MacBook Air M4 chute \u00e0 819 \u20ac sur Amazon, encore trois heures de remise \u2014 Frandroid"},"content":{"rendered":"<p>Oubliez les anciens M2 ou M3. Amazon vient de brader le tout dernier <strong>MacBook Air M4<\/strong> \u00e0 <strong>819 \u20ac<\/strong>. C\u2019est une baisse historique de 270 \u20ac sur l\u2019ordinateur portable le plus \u00e9quilibr\u00e9 du march\u00e9. \u00c0 ce prix, le stock ne tiendra pas la journ\u00e9e.<\/p>\n<p>On a l\u2019habitude de voir les produits Apple d\u00e9coter lentement. Mais l\u00e0, c\u2019est une chute libre. Le <strong>MacBook Air M4 (13 pouces)<\/strong>, lanc\u00e9 il y a quelques mois \u00e0 1 089 \u20ac, se retrouve <a target=\"_blank\" href=\"https:\/\/shop.frandroid.com\/9ah068gf\" rel=\"noopener\">affich\u00e9 \u00e0 <strong>819,00 \u20ac<\/strong> sur Amazon<\/a>. C\u2019est une remise imm\u00e9diate de <strong>-25 %<\/strong>. Pour \u00eatre direct : c\u2019est le prix qu\u2019on payait pour un MacBook Air M1 vieillissant il y a deux ans. Avoir la derni\u00e8re puce M4 \u00e0 ce tarif, c\u2019est une anomalie.<\/p>\n<p>La grande force de ce mod\u00e8le, c\u2019est la configuration de base. Apple a (enfin !) arr\u00eat\u00e9 la blague des 8 Go. Ici, vous avez <strong>16 Go de RAM<\/strong> en standard. Coupl\u00e9 \u00e0 la puce <strong>M4<\/strong>, cela signifie que cet ordinateur est une fus\u00e9e pour la bureautique, le web, et m\u00eame le montage vid\u00e9o l\u00e9ger, et qu\u2019il le restera pendant 6 ou 7 ans. Le tout dans un silence absolu (pas de ventilateur) et avec une autonomie qui d\u00e9passe la journ\u00e9e de travail.<\/p>\n<p>Le Black Friday s\u2019ach\u00e8ve avec le Cyber Monday qui se tient ce lundi 1er d\u00e9cembre. Pour l\u2019occasion, les e-commer\u00e7ants partagent leurs meilleures offres pour cette derni\u00e8re journ\u00e9e de promotion. Une aubaine si vous voulez anticiper vos achats de fin d\u2019ann\u00e9e.<\/p>\n<p>Si vous n\u2019avez pas trouv\u00e9 votre bonheur dans les s\u00e9lections pr\u00e9c\u00e9demment cit\u00e9es, voici ce qu\u2019il vous reste \u00e0 faire : <\/p>\n","protected":false},"excerpt":{"rendered":"Oubliez les anciens M2 ou M3. Amazon vient de brader le tout dernier MacBook Air M4 \u00e0 819&hellip;\n","protected":false},"author":2,"featured_media":571817,"comment_status":"","ping_status":"","sticky":false,"template":"","format":"standard","meta":{"footnotes":""},"categories":[7],"tags":[11533,62374,201,270,1011,27,43,40,41,39,42,44],"class_list":{"0":"post-571816","1":"post","2":"type-post","3":"status-publish","4":"format-standard","5":"has-post-thumbnail","7":"category-sciences-et-technologies","8":"tag-apple-macbook-air-13-m4-2025","9":"tag-black-friday-2025","10":"tag-bons-plans-amazon","11":"tag-breaking","12":"tag-fr","13":"tag-france","14":"tag-science","15":"tag-science-and-technology","16":"tag-sciences","17":"tag-sciences-et-technologies","18":"tag-technologies","19":"tag-technology"},"share_on_mastodon":{"url":"https:\/\/pubeurope.com\/@fr\/115646670075231774","error":""},"_links":{"self":[{"href":"https:\/\/www.europesays.com\/fr\/wp-json\/wp\/v2\/posts\/571816","targetHints":{"allow":["GET"]}}],"collection":[{"href":"https:\/\/www.europesays.com\/fr\/wp-json\/wp\/v2\/posts"}],"about":[{"href":"https:\/\/www.europesays.com\/fr\/wp-json\/wp\/v2\/types\/post"}],"author":[{"embeddable":true,"href":"https:\/\/www.europesays.com\/fr\/wp-json\/wp\/v2\/users\/2"}],"replies":[{"embeddable":true,"href":"https:\/\/www.europesays.com\/fr\/wp-json\/wp\/v2\/comments?post=571816"}],"version-history":[{"count":0,"href":"https:\/\/www.europesays.com\/fr\/wp-json\/wp\/v2\/posts\/571816\/revisions"}],"wp:featuredmedia":[{"embeddable":true,"href":"https:\/\/www.europesays.com\/fr\/wp-json\/wp\/v2\/media\/571817"}],"wp:attachment":[{"href":"https:\/\/www.europesays.com\/fr\/wp-json\/wp\/v2\/media?parent=571816"}],"wp:term":[{"taxonomy":"category","embeddable":true,"href":"https:\/\/www.europesays.com\/fr\/wp-json\/wp\/v2\/categories?post=571816"},{"taxonomy":"post_tag","embeddable":true,"href":"https:\/\/www.europesays.com\/fr\/wp-json\/wp\/v2\/tags?post=571816"}],"curies":[{"name":"wp","href":"https:\/\/api.w.org\/{rel}","templated":true}]}}