{"id":571818,"date":"2025-12-01T22:28:23","date_gmt":"2025-12-01T22:28:23","guid":{"rendered":"https:\/\/www.europesays.com\/fr\/571818\/"},"modified":"2025-12-01T22:28:23","modified_gmt":"2025-12-01T22:28:23","slug":"negociations-commerciales-industriels-et-supermarches-jouent-lapaisement-sur-fond-dinflation-moderee-actualites","status":"publish","type":"post","link":"https:\/\/www.europesays.com\/fr\/571818\/","title":{"rendered":"N\u00e9gociations commerciales: industriels et supermarch\u00e9s jouent l&rsquo;apaisement, sur fond d'\u00a0\u00bbinflation mod\u00e9r\u00e9e\u00a0\u00bb : Actualit\u00e9s"},"content":{"rendered":"<p class=\"lead \">Jouant la carte de l&rsquo;apaisement apr\u00e8s des ann\u00e9es de tensions et de guerre des prix, grande distribution et industrie agroalimentaire d\u00e9marrent lundi leurs traditionnelles n\u00e9gociations commerciales, aid\u00e9es par la signature d&rsquo;une charte et par une \u00ab\u00a0inflation mod\u00e9r\u00e9e\u00a0\u00bb. <\/p>\n<p class=\"lead \">D&rsquo;ici au 1er mars, trois mois de n\u00e9gociations fixeront les prix et les conditions (modalit\u00e9s de livraison, calendrier promotionnel&#8230;) auxquelles les grandes surfaces s&rsquo;approvisionnent aupr\u00e8s des fabricants.  <\/p>\n<p class=\"lead \">Alors que ces tractations annuelles \u00ab\u00a0se passent mal depuis longtemps\u00a0\u00bb, les parties prenantes ont \u00ab\u00a0l\u00e0 l&rsquo;occasion unique (&#8230;) de faire diff\u00e9remment\u00a0\u00bb, a r\u00e9sum\u00e9 lundi sur RMC Nicolas Facon, patron de l&rsquo;Ilec, qui repr\u00e9sente les tr\u00e8s grandes marques comme Coca-Cola, Ferrero ou Mars.<\/p>\n<p class=\"lead \">D&rsquo;un c\u00f4t\u00e9 figurent des distributeurs en qu\u00eate de prix comp\u00e9titifs pour attirer les clients, de l&rsquo;autre, des industriels invoquant co\u00fbts de production et besoins d&rsquo;investissements. <\/p>\n<p class=\"lead \">Ces n\u00e9gociations sont r\u00e9guli\u00e8rement accus\u00e9es d&rsquo;opacit\u00e9, et de tirer vers le bas les revenus des agriculteurs malgr\u00e9 leur encadrement par la loi Egalim.<\/p>\n<p class=\"lead \">Elles d\u00e9terminent in fine les tarifs en rayon des produits de grandes marques (Nutella de Ferrero, Actimel de Danone, bonbons Haribo&#8230;), mais pas ceux des marques des supermarch\u00e9s (Carrefour, Marque Rep\u00e8re, U&#8230;), qui p\u00e8sent plus du tiers des ventes.<\/p>\n<p class=\"lead \">Cette ann\u00e9e, les discussions ont commenc\u00e9 avant l&rsquo;heure, d\u00e9but novembre, pour \u00e9laborer une charte in\u00e9dite engageant tous les acteurs, la F\u00e9d\u00e9ration du commerce et de la distribution (FCD) et cinq organisations d&rsquo;industriels (Ania, Ilec, Feef, Pact&rsquo;Alim, et la Coop\u00e9ration agricole).<\/p>\n<p class=\"lead \">&#8211; \u00ab\u00a0Mieux qu&rsquo;au Parlement\u00a0\u00bb &#8211;<\/p>\n<p class=\"lead \">La fum\u00e9e blanche est sortie dimanche, avec la signature d&rsquo;un document construit autour de trois th\u00e8mes: le respect mutuel lors des \u00e9changes, une attention particuli\u00e8re port\u00e9e aux PME et la valorisation des produits frais et de l&rsquo;origine des produits.<\/p>\n<p class=\"lead \">\u00ab\u00a0C&rsquo;est vraiment un symbole et un changement d&rsquo;\u00e9tat d&rsquo;esprit\u00a0\u00bb, a comment\u00e9 M. Facon.<\/p>\n<p class=\"lead \">\u00ab\u00a0Ca va \u00eatre mieux qu&rsquo;au Parlement\u00a0\u00bb, a ironis\u00e9 Michel-Edouard Leclerc, pr\u00e9sident du comit\u00e9 strat\u00e9gique d&rsquo;E.Leclerc.<\/p>\n<p class=\"lead \">De son c\u00f4t\u00e9, l&rsquo;Ania, qui rassemble syndicats et associations repr\u00e9sentatifs des 20.000 entreprises alimentaires de France, se f\u00e9licite que cette charte s&rsquo;inscrive \u00ab\u00a0dans la continuit\u00e9\u00a0\u00bb de ses propositions formul\u00e9es \u00ab\u00a0d\u00e8s avril 2025\u00a0\u00bb.<\/p>\n<p class=\"lead \">Elle \u00ab\u00a0constitue une avanc\u00e9e vers des n\u00e9gociations commerciales plus apais\u00e9es et de bonne foi\u00a0\u00bb, estime Karima Kaci, directrice g\u00e9n\u00e9rale de Pact&rsquo;Alim, qui repr\u00e9sente 3.000 PME et entreprises de taille interm\u00e9diaire (ETI) de l&rsquo;industrie alimentaire.<\/p>\n<p class=\"lead \">Le traitement diff\u00e9renci\u00e9 pour les PME, dont les n\u00e9gociations avec les distributeurs devront \u00eatre boucl\u00e9es avant le 15 janvier, a \u00e9t\u00e9 particuli\u00e8rement salu\u00e9.<\/p>\n<p class=\"lead \">\u00ab\u00a0\u00c7a veut dire des n\u00e9gociations plus rapides\u00a0\u00bb qui permettent \u00ab\u00a0de se concentrer sur le d\u00e9veloppement de l&rsquo;activit\u00e9\u00a0\u00bb, r\u00e9sume L\u00e9onard Prunier, de la Feef, qui repr\u00e9sente 22.000 PME et ETI.<\/p>\n<p class=\"lead \">Le ministre du Commerce, Serge Papin, qui a initi\u00e9 la charte avec son homologue de l&rsquo;Agriculture, Annie Genevard, a rappel\u00e9 lundi qu&rsquo;il \u00e9tait \u00ab\u00a0tr\u00e8s attach\u00e9\u00a0\u00bb \u00e0 un \u00ab\u00a0accord pour les PME\u00a0\u00bb. <\/p>\n<p class=\"lead \">&#8211; \u00ab\u00a0Clauses de revoyure\u00a0\u00bb &#8211;<\/p>\n<p class=\"lead \">Mais ce document, non contraignant, r\u00e9sistera-t-il \u00e0 la guerre des prix? <\/p>\n<p class=\"lead \">En 2025, les industriels de l&rsquo;agroalimentaire ont obtenu 1,5% de hausse moyenne des prix alors qu&rsquo;ils demandaient 5,7% en moyenne.<\/p>\n<p class=\"lead \">Dominique Schelcher, le patron de Coop\u00e9rative U, a dit redouter \u00ab\u00a0des exigences tr\u00e8s fortes des multinationales\u00a0\u00bb face aux \u00ab\u00a0postures beaucoup plus raisonnables des PME\u00a0\u00bb, comme ce fut le cas derni\u00e8rement, selon lui, pour la n\u00e9gociation sur les chocolats de P\u00e2ques 2026.<\/p>\n<p class=\"lead \">\u00ab\u00a0L&rsquo;enjeu principal pour les PME et ETI\u00a0\u00bb sera de maintenir la hausse des tarifs au niveau de celle de la mati\u00e8re premi\u00e8re agricole, pr\u00e9vient Karima Kaci.<\/p>\n<p class=\"lead \">S&rsquo;il est \u00ab\u00a0trop t\u00f4t\u00a0\u00bb pour chiffrer les demandes des industriels, \u00ab\u00a0on est revenu \u00e0 une inflation qui est tr\u00e8s, tr\u00e8s mod\u00e9r\u00e9e\u00a0\u00bb, selon M. Facon.<\/p>\n<p class=\"lead \">Le lancement prochain, par le S\u00e9nat, d&rsquo;une commission d&rsquo;enqu\u00eate sur les marges de la grande distribution, \u00e0 l&rsquo;initiative des Ecologistes, pourrait aussi parasiter le processus.<\/p>\n<p class=\"lead \">Autre sujet de crispation, celui des centrales d&rsquo;achat europ\u00e9ennes, accus\u00e9es de contourner la l\u00e9gislation fran\u00e7aise quand les distributeurs r\u00e9torquent vouloir peser face aux multinationales.<\/p>\n<p class=\"lead \">Carrefour, Coop\u00e9rative U et la coop\u00e9rative allemande RTG ont lanc\u00e9 officiellement lundi leur alliance \u00e0 l&rsquo;achat, Concordis Trading, depuis Bruxelles.<\/p>\n<p class=\"lead \">Concernant la charte, \u00ab\u00a0des clauses de revoyure\u00a0\u00bb sont pr\u00e9vues durant les \u00ab\u00a0trois mois \u00e0 venir\u00a0\u00bb, a assur\u00e9 Judith Jiguet, d\u00e9l\u00e9gu\u00e9e g\u00e9n\u00e9rale de la FCD.<\/p>\n","protected":false},"excerpt":{"rendered":"Jouant la carte de l&rsquo;apaisement apr\u00e8s des ann\u00e9es de tensions et de guerre des prix, grande distribution et&hellip;\n","protected":false},"author":2,"featured_media":571819,"comment_status":"","ping_status":"","sticky":false,"template":"","format":"standard","meta":{"footnotes":""},"categories":[6],"tags":[327,258,35,130,2105,33,34,313,1011,27,693],"class_list":{"0":"post-571818","1":"post","2":"type-post","3":"status-publish","4":"format-standard","5":"has-post-thumbnail","7":"category-economie","8":"tag-agriculture","9":"tag-alimentation","10":"tag-business","11":"tag-consommation","12":"tag-distribution","13":"tag-economie","14":"tag-economy","15":"tag-entreprises","16":"tag-fr","17":"tag-france","18":"tag-industrie"},"share_on_mastodon":{"url":"https:\/\/pubeurope.com\/@fr\/115646674030711317","error":""},"_links":{"self":[{"href":"https:\/\/www.europesays.com\/fr\/wp-json\/wp\/v2\/posts\/571818","targetHints":{"allow":["GET"]}}],"collection":[{"href":"https:\/\/www.europesays.com\/fr\/wp-json\/wp\/v2\/posts"}],"about":[{"href":"https:\/\/www.europesays.com\/fr\/wp-json\/wp\/v2\/types\/post"}],"author":[{"embeddable":true,"href":"https:\/\/www.europesays.com\/fr\/wp-json\/wp\/v2\/users\/2"}],"replies":[{"embeddable":true,"href":"https:\/\/www.europesays.com\/fr\/wp-json\/wp\/v2\/comments?post=571818"}],"version-history":[{"count":0,"href":"https:\/\/www.europesays.com\/fr\/wp-json\/wp\/v2\/posts\/571818\/revisions"}],"wp:featuredmedia":[{"embeddable":true,"href":"https:\/\/www.europesays.com\/fr\/wp-json\/wp\/v2\/media\/571819"}],"wp:attachment":[{"href":"https:\/\/www.europesays.com\/fr\/wp-json\/wp\/v2\/media?parent=571818"}],"wp:term":[{"taxonomy":"category","embeddable":true,"href":"https:\/\/www.europesays.com\/fr\/wp-json\/wp\/v2\/categories?post=571818"},{"taxonomy":"post_tag","embeddable":true,"href":"https:\/\/www.europesays.com\/fr\/wp-json\/wp\/v2\/tags?post=571818"}],"curies":[{"name":"wp","href":"https:\/\/api.w.org\/{rel}","templated":true}]}}