{"id":571820,"date":"2025-12-01T22:29:12","date_gmt":"2025-12-01T22:29:12","guid":{"rendered":"https:\/\/www.europesays.com\/fr\/571820\/"},"modified":"2025-12-01T22:29:12","modified_gmt":"2025-12-01T22:29:12","slug":"donald-trump-va-reunir-lundi-son-conseil-de-securite-nationale-pour-evoquer-le-venezuela","status":"publish","type":"post","link":"https:\/\/www.europesays.com\/fr\/571820\/","title":{"rendered":"Donald Trump va r\u00e9unir lundi son Conseil de s\u00e9curit\u00e9 nationale pour \u00e9voquer le Venezuela"},"content":{"rendered":"<p>\n    Le pr\u00e9sident am\u00e9ricain devrait faire le point sur les r\u00e9centes tensions entre Washington et Caracas, sur fond de lutte contre le narcotrafic.<\/p>\n<p class=\"fig-paragraph\"><a href=\"http:\/\/www.lefigaro.fr\/international\/selon-donald-trump-le-vaste-scandale-de-corruption-en-ukraine-n-aide-pas-les-negociations-de-paix-20251201\" data-fig-type=\"NewsFlash\" data-gtm-custom-categorie=\"navigation\" data-gtm-custom-action=\"crossclick\" data-gtm-custom-label=\"Contextuel\" data-gtm-event=\"customEventSPE\" data-fig-domain=\"LEFIGARO\" target=\"_blank\" rel=\"noopener\">Donald Trump<\/a>\u00a0va r\u00e9unir lundi son Conseil de s\u00e9curit\u00e9 nationale pour \u00e9voquer le Venezuela,\u00a0<a href=\"http:\/\/www.lefigaro.fr\/international\/venezuela-maduro-demande-l-aide-de-l-opep-washington-lui-propose-de-partir-pour-la-russie-20251130\" data-fig-type=\"NewsFlash\" data-gtm-custom-categorie=\"navigation\" data-gtm-custom-action=\"crossclick\" data-gtm-custom-label=\"Contextuel\" data-gtm-event=\"customEventSPE\" data-fig-domain=\"LEFIGARO\" target=\"_blank\" rel=\"noopener\">en pleine crise entre Washington et Caracas<\/a>, a affirm\u00e9 la porte-parole de la Maison Blanche, Karoline Leavitt, confirmant des informations de presse.<\/p>\n<p class=\"fig-paragraph\">Depuis septembre, les \u00c9tats-Unis ont effectu\u00e9 plusieurs frappes mortelles contre des embarcations de narcotrafiquants pr\u00e9sum\u00e9s en mer des Cara\u00efbes et accusent Nicol\u00e1s Maduro de diriger un cartel de la drogue. Caracas d\u00e9ment et r\u00e9torque que l\u2019objectif de Washington est de renverser le pr\u00e9sident v\u00e9n\u00e9zu\u00e9lien et de mettre la main sur le p\u00e9trole du pays.<\/p>\n","protected":false},"excerpt":{"rendered":"Le pr\u00e9sident am\u00e9ricain devrait faire le point sur les r\u00e9centes tensions entre Washington et Caracas, sur fond de&hellip;\n","protected":false},"author":2,"featured_media":571821,"comment_status":"","ping_status":"","sticky":false,"template":"","format":"standard","meta":{"footnotes":""},"categories":[5],"tags":[11,39847,75,1011,27,14,12,337,28],"class_list":{"0":"post-571820","1":"post","2":"type-post","3":"status-publish","4":"format-standard","5":"has-post-thumbnail","7":"category-international","8":"tag-actualites","9":"tag-conseil-de-securite","10":"tag-donald-trump","11":"tag-fr","12":"tag-france","13":"tag-international","14":"tag-news","15":"tag-venezuela","16":"tag-world"},"share_on_mastodon":{"url":"https:\/\/pubeurope.com\/@fr\/115646678035718869","error":""},"_links":{"self":[{"href":"https:\/\/www.europesays.com\/fr\/wp-json\/wp\/v2\/posts\/571820","targetHints":{"allow":["GET"]}}],"collection":[{"href":"https:\/\/www.europesays.com\/fr\/wp-json\/wp\/v2\/posts"}],"about":[{"href":"https:\/\/www.europesays.com\/fr\/wp-json\/wp\/v2\/types\/post"}],"author":[{"embeddable":true,"href":"https:\/\/www.europesays.com\/fr\/wp-json\/wp\/v2\/users\/2"}],"replies":[{"embeddable":true,"href":"https:\/\/www.europesays.com\/fr\/wp-json\/wp\/v2\/comments?post=571820"}],"version-history":[{"count":0,"href":"https:\/\/www.europesays.com\/fr\/wp-json\/wp\/v2\/posts\/571820\/revisions"}],"wp:featuredmedia":[{"embeddable":true,"href":"https:\/\/www.europesays.com\/fr\/wp-json\/wp\/v2\/media\/571821"}],"wp:attachment":[{"href":"https:\/\/www.europesays.com\/fr\/wp-json\/wp\/v2\/media?parent=571820"}],"wp:term":[{"taxonomy":"category","embeddable":true,"href":"https:\/\/www.europesays.com\/fr\/wp-json\/wp\/v2\/categories?post=571820"},{"taxonomy":"post_tag","embeddable":true,"href":"https:\/\/www.europesays.com\/fr\/wp-json\/wp\/v2\/tags?post=571820"}],"curies":[{"name":"wp","href":"https:\/\/api.w.org\/{rel}","templated":true}]}}