{"id":571833,"date":"2025-12-01T22:40:18","date_gmt":"2025-12-01T22:40:18","guid":{"rendered":"https:\/\/www.europesays.com\/fr\/571833\/"},"modified":"2025-12-01T22:40:18","modified_gmt":"2025-12-01T22:40:18","slug":"toulon-opera-de-toulon-concert-pedagogique-9-decembre-2025","status":"publish","type":"post","link":"https:\/\/www.europesays.com\/fr\/571833\/","title":{"rendered":"TOULON : Op\u00e9ra de Toulon &#8211; Concert p\u00e9dagogique 9 d\u00e9cembre 2025"},"content":{"rendered":"<p><strong>Op\u00e9ra de Toulon \u2013 Concert p\u00e9dagogique 9 d\u00e9cembre 2025.<\/strong><\/p>\n<p>Dans le cadre de ses actions p\u00e9dagogiques, l\u2019Op\u00e9ra de Toulon, en partenariat avec Le Festival de Musique de Toulon et sa r\u00e9gion et l\u2019\u00c9ducation nationale,<\/p>\n<p>propose un concert sp\u00e9cialement destin\u00e9 aux \u00e9tablissements scolaires du Var.<\/p>\n<p>Sous la direction de son directeur musical\u00a0<b>Victorien Vanoosten<\/b>,\u00a0<b>l\u2019Orchestre de l\u2019Op\u00e9ra de Toulon<\/b><\/p>\n<p>interpr\u00e9tera la\u00a0<b>Symphonie n\u00b0 9 \u00ab Du Nouveau Monde \u00bb<\/b>\u00a0du compositeur tch\u00e8que\u00a0<b>Anton\u00edn Dvo\u0159\u00e1k<\/b>,<\/p>\n<p>une \u0153uvre devenue l\u2019une des plus embl\u00e9matiques du r\u00e9pertoire orchestral moderne.<\/p>\n<p><b>750\u00a0<\/b><b>\u00e9l\u00e8ves\u00a0<\/b>seront pr\u00e9sents \u00e0 cette occasion au<b>\u00a0Palais Neptune<\/b><\/p>\n<p><b>mardi 9 d\u00e9cembre 2025 \u2013 14h10<\/b><\/p>\n<p><img decoding=\"async\" src=\"https:\/\/mail.google.com\/mail\/u\/0?ui=2&amp;ik=d6439610f9&amp;attid=0.1&amp;permmsgid=msg-f:1850316902871040436&amp;th=19ada56b758781b4&amp;view=fimg&amp;fur=ip&amp;permmsgid=msg-f:1850316902871040436&amp;sz=s0-l75-ft&amp;attbid=ANGjdJ90RMx0WXMcOQwtx1Ee0bH4tjcGOLtjf4fTa3F5Ele5kSfUvxYqaZGozgTb7uNDh0RWTanUHi_1SdxAD667R5NFdSOuEvZ7MxvstILW14z8l4mOanjoEOnAVQo&amp;disp=emb&amp;zw\"\/><\/p>\n","protected":false},"excerpt":{"rendered":"Op\u00e9ra de Toulon \u2013 Concert p\u00e9dagogique 9 d\u00e9cembre 2025. Dans le cadre de ses actions p\u00e9dagogiques, l\u2019Op\u00e9ra de&hellip;\n","protected":false},"author":2,"featured_media":571834,"comment_status":"","ping_status":"","sticky":false,"template":"","format":"standard","meta":{"footnotes":""},"categories":[9619],"tags":[1111,11,1777,674,1011,27,12,882,25,2310],"class_list":{"0":"post-571833","1":"post","2":"type-post","3":"status-publish","4":"format-standard","5":"has-post-thumbnail","7":"category-toulon","8":"tag-actu","9":"tag-actualites","10":"tag-eu","11":"tag-europe","12":"tag-fr","13":"tag-france","14":"tag-news","15":"tag-provence-alpes-cote-dazur","16":"tag-republique-francaise","17":"tag-toulon"},"share_on_mastodon":{"url":"https:\/\/pubeurope.com\/@fr\/115646722234616443","error":""},"_links":{"self":[{"href":"https:\/\/www.europesays.com\/fr\/wp-json\/wp\/v2\/posts\/571833","targetHints":{"allow":["GET"]}}],"collection":[{"href":"https:\/\/www.europesays.com\/fr\/wp-json\/wp\/v2\/posts"}],"about":[{"href":"https:\/\/www.europesays.com\/fr\/wp-json\/wp\/v2\/types\/post"}],"author":[{"embeddable":true,"href":"https:\/\/www.europesays.com\/fr\/wp-json\/wp\/v2\/users\/2"}],"replies":[{"embeddable":true,"href":"https:\/\/www.europesays.com\/fr\/wp-json\/wp\/v2\/comments?post=571833"}],"version-history":[{"count":0,"href":"https:\/\/www.europesays.com\/fr\/wp-json\/wp\/v2\/posts\/571833\/revisions"}],"wp:featuredmedia":[{"embeddable":true,"href":"https:\/\/www.europesays.com\/fr\/wp-json\/wp\/v2\/media\/571834"}],"wp:attachment":[{"href":"https:\/\/www.europesays.com\/fr\/wp-json\/wp\/v2\/media?parent=571833"}],"wp:term":[{"taxonomy":"category","embeddable":true,"href":"https:\/\/www.europesays.com\/fr\/wp-json\/wp\/v2\/categories?post=571833"},{"taxonomy":"post_tag","embeddable":true,"href":"https:\/\/www.europesays.com\/fr\/wp-json\/wp\/v2\/tags?post=571833"}],"curies":[{"name":"wp","href":"https:\/\/api.w.org\/{rel}","templated":true}]}}