{"id":571835,"date":"2025-12-01T22:41:11","date_gmt":"2025-12-01T22:41:11","guid":{"rendered":"https:\/\/www.europesays.com\/fr\/571835\/"},"modified":"2025-12-01T22:41:11","modified_gmt":"2025-12-01T22:41:11","slug":"montpellier-secouee-par-quatre-episodes-routiers-deroutants-ou-se-melent-alcool-et-stupefiants","status":"publish","type":"post","link":"https:\/\/www.europesays.com\/fr\/571835\/","title":{"rendered":"Montpellier secou\u00e9e par quatre \u00e9pisodes routiers d\u00e9routants, o\u00f9 se m\u00ealent alcool et stup\u00e9fiants"},"content":{"rendered":"<p>                    Par<br \/>\n        <strong><br \/>\n            <a href=\"https:\/\/actu.fr\/auteur\/lea-pippinato\" title=\"Consulter tous les articles de L\u00e9a Pippinato\" target=\"_blank\" rel=\"noopener\">L\u00e9a Pippinato<\/a><br \/>\n                    <\/strong><\/p>\n<p>        Publi\u00e9 le<\/p>\n<p>            1 d\u00e9c. 2025 \u00e0 18h28        <\/p>\n<p>Les policiers ont d\u00e9couvert une s\u00e9rie de d\u00e9rives qui cumulent alcool, stup\u00e9fiants et refus d\u2019obtemp\u00e9rer.<\/p>\n<p class=\" wall-content\"><strong>Ce vendredi 28 novembre 2025<\/strong>, \u00e0 14h55, un automobiliste percute un v\u00e9lo solidement attach\u00e9 \u00e0 une barri\u00e8re de s\u00e9curit\u00e9 rue Saint-Louis, \u00e0 Montpellier. Sa trajectoire reste instable et il heurte une seconde barri\u00e8re quelques m\u00e8tres plus loin. Un t\u00e9moin parvient \u00e0 le retenir jusqu\u2019\u00e0 l\u2019arriv\u00e9e des policiers. Le conducteur pr\u00e9sente un taux de 2,40 g\/l d\u2019alcool dans le sang. Il reconna\u00eet les faits. Les agents proc\u00e8dent \u00e0 la r\u00e9tention imm\u00e9diate de son permis. Il devra r\u00e9pondre de cette conduite dangereuse devant le tribunal judiciaire de Montpellier le 17 f\u00e9vrier.<\/p>\n<p>    <a href=\"https:\/\/www.google.com\/maps\/embed?pb=!1m18!1m12!1m3!1d11556.70365169137!2d3.8567936!3d43.60287875!2m3!1f0!2f0!3f0!3m2!1i1024!2i768!4f13.1!3m3!1m2!1s0x12b6af0012ac7f2b%3A0x4e84649a686402d2!2sRue%20St%20Louis%2C%2034000%20Montpellier!5e0!3m2!1sfr!2sfr!4v1764591090087!5m2!1sfr!2sfr\" title=\"Ouvrie le lien\" target=\"_blank\" rel=\"noopener\">Cliquez ici pour visualiser le contenu<\/a><\/p>\n<p>Face-\u00e0-face impressionnant avenue de l\u2019Europe \u00e0 Lattes<\/p>\n<p class=\" wall-content\">Le m\u00eame jour, \u00e0 21h40, une conductrice roule tranquillement avenue de l\u2019Europe \u00e0 Lattes lorsqu\u2019un v\u00e9hicule surgit en sens inverse. Il se d\u00e9cale brutalement sur sa voie et la percute de plein fouet. Les deux voitures subissent de lourds d\u00e9g\u00e2ts, mais aucun occupant ne pr\u00e9sente de blessures graves. Le conducteur responsable affiche un taux d\u2019alcool de 1,8 g\/l. Son permis est imm\u00e9diatement retenu et il est convoqu\u00e9 devant la justice le 17 f\u00e9vrier. La conductrice, sous le choc, ressent des douleurs cervicales.<\/p>\n<p>Course folle au petit matin boulevard de la Perruque<\/p>\n<p class=\" wall-content\"><strong>Le lendemain<\/strong>, \u00e0 7h45, un policier national en tenue civile se rend \u00e0 son service lorsque son regard est attir\u00e9 par une voiture qui zigzague boulevard de la Perruque. Le v\u00e9hicule manque de percuter un terre-plein, acc\u00e9l\u00e8re ensuite et prend une vitesse \u00e9lev\u00e9e. Il \u00e9vite de peu un second terre-plein, se d\u00e9cale soudain sur la gauche et se retrouve face \u00e0 une voiture qui arrive rue de Claret. Le conducteur poursuit sa route, heurte un trottoir, cr\u00e8ve un pneu et franchit un feu rouge avant de rester immobilis\u00e9 dans la circulation.<\/p>\n<p class=\" wall-content\">Le policier s\u2019approche et re\u00e7oit le renfort d\u2019un coll\u00e8gue. Ils interpellent le conducteur, qui inhale du protoxyde d\u2019azote et se d\u00e9clare d\u00e9pendant \u00e0 cette substance. Il a \u00e9galement consomm\u00e9 de l\u2019alcool et refuse de se soumettre au contr\u00f4le. Les policiers d\u00e9couvrent que son permis a \u00e9t\u00e9 annul\u00e9. L\u2019homme devra r\u00e9pondre de vitesse excessive, refus de v\u00e9rification et conduite en \u00e9tat d\u2019ivresse devant le tribunal judiciaire le 17 f\u00e9vrier.<\/p>\n<p>Vid\u00e9os : en ce moment sur ActuFuite, choc au feu rouge et stup\u00e9fiants avenue de la Libert\u00e9<\/p>\n<p class=\" wall-content\"><strong>Toujours le 29 novembre<\/strong>, \u00e0 9h55, une compagnie d\u2019intervention de la police nationale rep\u00e8re un v\u00e9hicule qui circule \u00e0 vive allure. Les agents tentent un contr\u00f4le, mais le conducteur prend imm\u00e9diatement la fuite. Il multiplie les infractions durant sa course et finit par s\u2019immobiliser avenue de la Libert\u00e9. \u00c0 ce moment-l\u00e0, il percute une voiture qui ralentit pour s\u2019arr\u00eater au feu rouge. \u00c0 bord se trouvent une m\u00e8re et sa fille de cinq ans. La femme, tr\u00e8s choqu\u00e9e, se plaint de douleurs cervicales.<\/p>\n<p>Votre r\u00e9gion, votre actu !<\/p>\n<p>Recevez chaque jour les infos qui comptent pour vous.<\/p>\n<p>\t<a href=\"https:\/\/actu.fr\/newsletter\" class=\"ac-btn ac-btn--corner ac-btn--medium ac-btn--blue800\" target=\"_blank\" rel=\"noopener\">S&rsquo;incrire<\/a><\/p>\n<p>    <a href=\"https:\/\/www.google.com\/maps\/embed?pb=!1m18!1m12!1m3!1d5777.792507666909!2d3.842658188894457!3d43.60870169659889!2m3!1f0!2f0!3f0!3m2!1i1024!2i768!4f13.1!3m3!1m2!1s0x12b6ae5e5e34b993%3A0x35c68b322aa14ab3!2sAv.%20de%20la%20Libert%C3%A9%2C%20Montpellier!5e0!3m2!1sfr!2sfr!4v1764591110368!5m2!1sfr!2sfr\" title=\"Ouvrie le lien\" target=\"_blank\" rel=\"noopener\">Cliquez ici pour visualiser le contenu<\/a><\/p>\n<p class=\" wall-content\">Le conducteur, qui transporte une adolescente de 15 ans, se rebelle au moment de son interpellation. Les tests r\u00e9v\u00e8lent un cumul de THC, de coca\u00efne et d\u2019alcool. Il n\u2019a pas de permis et conduit un v\u00e9hicule non assur\u00e9. Il est d\u00e9f\u00e9r\u00e9 au parquet de Montpellier <strong>ce lundi 1er d\u00e9cembre au matin.<\/strong><\/p>\n<p class=\" wall-content\">Personnalisez votre actualit\u00e9 en ajoutant vos villes et m\u00e9dias en favori avec <a href=\"https:\/\/moncompte.actu.fr\" title=\"D\u00e9couvez Mon Actu\" rel=\"nofollow noopener\" data-trk=\"{&quot;cta&quot;:{&quot;action&quot;:&quot;https:\\\/\\\/moncompte.actu.fr&quot;,&quot;category&quot;:&quot;mon compte&quot;,&quot;from&quot;:&quot;article footer&quot;,&quot;name&quot;:&quot;Mon actu&quot;,&quot;type&quot;:&quot;cta&quot;}}\" target=\"_blank\">Mon Actu<\/a>.<\/p>\n","protected":false},"excerpt":{"rendered":"Par L\u00e9a Pippinato Publi\u00e9 le 1 d\u00e9c. 2025 \u00e0 18h28 Les policiers ont d\u00e9couvert une s\u00e9rie de d\u00e9rives&hellip;\n","protected":false},"author":2,"featured_media":571836,"comment_status":"","ping_status":"","sticky":false,"template":"","format":"standard","meta":{"footnotes":""},"categories":[9599],"tags":[1111,11,5702,1777,674,118,1011,27,2208,12,2680,1072,2852,25],"class_list":{"0":"post-571835","1":"post","2":"type-post","3":"status-publish","4":"format-standard","5":"has-post-thumbnail","7":"category-montpellier","8":"tag-actu","9":"tag-actualites","10":"tag-alcool","11":"tag-eu","12":"tag-europe","13":"tag-faits-divers","14":"tag-fr","15":"tag-france","16":"tag-montpellier","17":"tag-news","18":"tag-occitanie","19":"tag-police","20":"tag-refus-dobtemperer","21":"tag-republique-francaise"},"share_on_mastodon":{"url":"https:\/\/pubeurope.com\/@fr\/115646725257562051","error":""},"_links":{"self":[{"href":"https:\/\/www.europesays.com\/fr\/wp-json\/wp\/v2\/posts\/571835","targetHints":{"allow":["GET"]}}],"collection":[{"href":"https:\/\/www.europesays.com\/fr\/wp-json\/wp\/v2\/posts"}],"about":[{"href":"https:\/\/www.europesays.com\/fr\/wp-json\/wp\/v2\/types\/post"}],"author":[{"embeddable":true,"href":"https:\/\/www.europesays.com\/fr\/wp-json\/wp\/v2\/users\/2"}],"replies":[{"embeddable":true,"href":"https:\/\/www.europesays.com\/fr\/wp-json\/wp\/v2\/comments?post=571835"}],"version-history":[{"count":0,"href":"https:\/\/www.europesays.com\/fr\/wp-json\/wp\/v2\/posts\/571835\/revisions"}],"wp:featuredmedia":[{"embeddable":true,"href":"https:\/\/www.europesays.com\/fr\/wp-json\/wp\/v2\/media\/571836"}],"wp:attachment":[{"href":"https:\/\/www.europesays.com\/fr\/wp-json\/wp\/v2\/media?parent=571835"}],"wp:term":[{"taxonomy":"category","embeddable":true,"href":"https:\/\/www.europesays.com\/fr\/wp-json\/wp\/v2\/categories?post=571835"},{"taxonomy":"post_tag","embeddable":true,"href":"https:\/\/www.europesays.com\/fr\/wp-json\/wp\/v2\/tags?post=571835"}],"curies":[{"name":"wp","href":"https:\/\/api.w.org\/{rel}","templated":true}]}}