{"id":571837,"date":"2025-12-01T22:42:28","date_gmt":"2025-12-01T22:42:28","guid":{"rendered":"https:\/\/www.europesays.com\/fr\/571837\/"},"modified":"2025-12-01T22:42:28","modified_gmt":"2025-12-01T22:42:28","slug":"decouvrez-le-marche-de-noel-du-peyrou-en-images","status":"publish","type":"post","link":"https:\/\/www.europesays.com\/fr\/571837\/","title":{"rendered":"d\u00e9couvrez le march\u00e9 de No\u00ebl du Peyrou en images"},"content":{"rendered":"<p>\nLe march\u00e9 est d\u00e9sormais ouvert, pour le plaisir des familles&#8230;.<\/p>\n<p>\n\u00a9 Linda Mansouri \/ ;infOccitanie. March\u00e9 de Noel Peyrou Montpellier, 2025.<\/p>\n<p><a data-no-instant=\"1\" href=\"https:\/\/www.nimes.fr\/agenda\/portes-ouvertes-h2-centre-des-congres\" rel=\"noopener\" class=\"a2t-link\" aria-label=\"3758-image\" target=\"_blank\"><img decoding=\"async\" src=\"https:\/\/www.europesays.com\/fr\/wp-content\/uploads\/2025\/12\/3758-image.jpeg\" alt=\"\"  \/><\/a><a data-no-instant=\"1\" href=\"https:\/\/scaira.grantplatform.com\/\" rel=\"noopener\" class=\"a2t-link\" aria-label=\"3222-image\" target=\"_blank\"><img decoding=\"async\" src=\"https:\/\/www.europesays.com\/fr\/wp-content\/uploads\/2025\/12\/3222-image.png\" alt=\"\"  \/><\/a><\/p>\n<p>Le march\u00e9 de No\u00ebl est ouvert sur la place du Peyrou \u00e0 Montpellier depuis vendredi dernier. Rencontres avec le P\u00e8re No\u00ebl, concours du chalet du public, soir\u00e9es th\u00e9matiques, restauration\u2026 Rendez-vous jusqu\u2019au 31 d\u00e9cembre prochain pour d\u00e9couvrir les 94 chalets du march\u00e9 de No\u00ebl, d\u00e9di\u00e9s \u00e0 l\u2019artisanat, aux saveurs de saison et aux id\u00e9es cadeaux. <strong>Horaires d\u2019ouverture<\/strong> : tous les jours de 10h30 \u00e0 21h30. Les vendredis et samedis jusqu\u2019\u00e0 22h30. <strong>Fermetures exceptionnelles<\/strong> : le 24 d\u00e9cembre \u00e0 18h. Le 25 d\u00e9cembre toute la journ\u00e9e. Fermeture d\u00e9finitive du march\u00e9 le 31 d\u00e9cembre \u00e0 18h. Programme des festivit\u00e9s :\u00a0<a href=\"https:\/\/l.facebook.com\/l.php?u=https%3A%2F%2Fwww.montpellier.fr%2Fnoel%3Ffbclid%3DIwZXh0bgNhZW0CMTAAYnJpZBEwNG1ybVo2VFI0QmxTdkF6MHNydGMGYXBwX2lkEDIyMjAzOTE3ODgyMDA4OTIAAR65d8-5EN9scmIo9UzI5ttiP3d3eZ1ka1EAm-JfU8ilNrZPKN_diinrq-mS5w_aem_drOdSrH4NAFENMnLLgyQyw&amp;h=AT0TnSRhjJMvbcB0xC2Ff3gBG2rJIgY5_byq3fnrs3MBLutkElXjsRS6uRvNjcyJK4RXsUv9fCVA2BcNn6MoGAngB0SapWJg_MWhPDGKmr22v9iMvjznaS42w459ADDH3Sc0arpspOGy3uavmOuBcuSQpuvWIpTTq2JoJg&amp;__tn__=-UK-R&amp;c[0]=AT15euiu9nPXkWdo6mAtdbh8P8HHC0xRZlSFCnkjB54Q1VNtJ6CjfJegAMLrXB8_wEMPqAcDJF4i48GUqget7OCG3KADJRiKmVtX6A-cGEPdO1xzs4BX0adV-udmlC_oD_3DZ7Cb2SxnTGMPp7cV12Q_VjrK3fvHp-PhAl2Xfg__hLWVy2GEI2ksVU5I5pXxOeauT-lxXJW-3xiQsxxr3hNzW0GsUw\" target=\"_blank\" rel=\"nofollow noreferrer noopener\">https:\/\/www.montpellier.fr\/noel<\/a>. D\u00e9couvrez une vid\u00e9o du march\u00e9 ci-dessous :<\/p>\n<p><a data-no-instant=\"1\" href=\"https:\/\/nimes-metropole-entreprises.fr\/le-territoire-de-nimes-metropole\/un-reseau-economique-et-collaboratif\/restart-le-salon-de-la-creation-et-reprise-dentreprise-02-12-25-2\/\" rel=\"noopener\" class=\"a2t-link\" aria-label=\"3210-image\" target=\"_blank\"><img decoding=\"async\" src=\"https:\/\/www.europesays.com\/fr\/wp-content\/uploads\/2025\/11\/3210-image.jpeg\" alt=\"\"  \/><\/a><\/p>\n","protected":false},"excerpt":{"rendered":"Le march\u00e9 est d\u00e9sormais ouvert, pour le plaisir des familles&#8230;. \u00a9 Linda Mansouri \/ ;infOccitanie. March\u00e9 de Noel&hellip;\n","protected":false},"author":2,"featured_media":571838,"comment_status":"","ping_status":"","sticky":false,"template":"","format":"standard","meta":{"footnotes":""},"categories":[9599],"tags":[1111,11,1777,674,1011,27,2208,12,15830,2680,25],"class_list":{"0":"post-571837","1":"post","2":"type-post","3":"status-publish","4":"format-standard","5":"has-post-thumbnail","7":"category-montpellier","8":"tag-actu","9":"tag-actualites","10":"tag-eu","11":"tag-europe","12":"tag-fr","13":"tag-france","14":"tag-montpellier","15":"tag-news","16":"tag-noel","17":"tag-occitanie","18":"tag-republique-francaise"},"share_on_mastodon":{"url":"https:\/\/pubeurope.com\/@fr\/115646730435696906","error":""},"_links":{"self":[{"href":"https:\/\/www.europesays.com\/fr\/wp-json\/wp\/v2\/posts\/571837","targetHints":{"allow":["GET"]}}],"collection":[{"href":"https:\/\/www.europesays.com\/fr\/wp-json\/wp\/v2\/posts"}],"about":[{"href":"https:\/\/www.europesays.com\/fr\/wp-json\/wp\/v2\/types\/post"}],"author":[{"embeddable":true,"href":"https:\/\/www.europesays.com\/fr\/wp-json\/wp\/v2\/users\/2"}],"replies":[{"embeddable":true,"href":"https:\/\/www.europesays.com\/fr\/wp-json\/wp\/v2\/comments?post=571837"}],"version-history":[{"count":0,"href":"https:\/\/www.europesays.com\/fr\/wp-json\/wp\/v2\/posts\/571837\/revisions"}],"wp:featuredmedia":[{"embeddable":true,"href":"https:\/\/www.europesays.com\/fr\/wp-json\/wp\/v2\/media\/571838"}],"wp:attachment":[{"href":"https:\/\/www.europesays.com\/fr\/wp-json\/wp\/v2\/media?parent=571837"}],"wp:term":[{"taxonomy":"category","embeddable":true,"href":"https:\/\/www.europesays.com\/fr\/wp-json\/wp\/v2\/categories?post=571837"},{"taxonomy":"post_tag","embeddable":true,"href":"https:\/\/www.europesays.com\/fr\/wp-json\/wp\/v2\/tags?post=571837"}],"curies":[{"name":"wp","href":"https:\/\/api.w.org\/{rel}","templated":true}]}}